{"id":183491,"date":"2024-09-10T17:42:46","date_gmt":"2024-09-10T20:42:46","guid":{"rendered":"https:\/\/revistagenesis.com\/?p=183491"},"modified":"2024-09-10T17:42:46","modified_gmt":"2024-09-10T20:42:46","slug":"eguen-entrego-becas-deportivas","status":"publish","type":"post","link":"https:\/\/revistagenesis.com\/?p=183491","title":{"rendered":"EG\u00dcEN ENTREG\u00d3 BECAS DEPORTIVAS."},"content":{"rendered":"\n<p><br>El Intendente Municipal Ramiro Eg\u00fcen hizo entrega esta ma\u00f1ana, junto a la secretaria de Desarrollo Humano, Mercedes Ar\u00e1oz de Lamadrid y el director de Deportes, Gustavo Lopardo de 15 becas bancarizadas a deportistas locales que representan a 25 de Mayo tanto nacional e internacionalmente.<br>El jefe comunal manifest\u00f3: \u201ceste es un refuerzo en el reconocimiento a las labores deportivas locales. A todos los j\u00f3venes que se esfuerzan a diario para poder competir, la disciplina sea cual sea es sacrificada, desde la alimentaci\u00f3n, la vestimenta, la dedicaci\u00f3n y el tiempo que lleva. Hoy son 15 becas, vamos a ampliar el cupo y tambi\u00e9n estamos trabajando en becas culturales. Generamos una ordenanza que fija un valor del 40% de un salario b\u00e1sico de 30 horas municipal, lo cual implica que se va a ir actualizando el monto, en la medida en que vamos realizando los aumentos a los trabajadores municipales. <\/p>\n\n\n\n<figure class=\"wp-block-image size-large\"><img data-recalc-dims=\"1\" fetchpriority=\"high\" decoding=\"async\" width=\"1024\" height=\"684\" src=\"https:\/\/i0.wp.com\/revistagenesis.com\/wp-content\/uploads\/2024\/09\/img-20240910-wa00997098618673098549400.jpg?resize=1024%2C684&#038;ssl=1\" alt=\"\" class=\"wp-image-183489\" srcset=\"https:\/\/i0.wp.com\/revistagenesis.com\/wp-content\/uploads\/2024\/09\/img-20240910-wa00997098618673098549400.jpg?resize=1024%2C684&amp;ssl=1 1024w, https:\/\/i0.wp.com\/revistagenesis.com\/wp-content\/uploads\/2024\/09\/img-20240910-wa00997098618673098549400.jpg?resize=300%2C200&amp;ssl=1 300w, https:\/\/i0.wp.com\/revistagenesis.com\/wp-content\/uploads\/2024\/09\/img-20240910-wa00997098618673098549400.jpg?resize=768%2C513&amp;ssl=1 768w, https:\/\/i0.wp.com\/revistagenesis.com\/wp-content\/uploads\/2024\/09\/img-20240910-wa00997098618673098549400.jpg?w=1280&amp;ssl=1 1280w\" sizes=\"(max-width: 1024px) 100vw, 1024px\" \/><\/figure>\n\n\n\n<p>Esto es una apuesta al deporte, es inclusi\u00f3n, motivaci\u00f3n, disciplina, desarrollo humano y econ\u00f3mico, ojal\u00e1 que puedan salir del amateurismo y puedan ser profesionales para que puedan vivir de lo que les gusta\u201d.<\/p>\n","protected":false},"excerpt":{"rendered":"<p>El Intendente Municipal Ramiro Eg\u00fcen hizo entrega esta ma\u00f1ana, junto a la secretaria de Desarrollo Humano, Mercedes Ar\u00e1oz de Lamadrid y el director de Deportes, Gustavo Lopardo de 15 becas bancarizadas a deportistas locales que representan a 25 de Mayo tanto nacional e internacionalmente.El jefe comunal manifest\u00f3: \u201ceste es un refuerzo en el reconocimiento a &#8230; <a title=\"EG\u00dcEN ENTREG\u00d3 BECAS DEPORTIVAS.\" class=\"read-more\" href=\"https:\/\/revistagenesis.com\/?p=183491\">Leer mas<\/a><\/p>\n","protected":false},"author":2,"featured_media":183490,"comment_status":"","ping_status":"open","sticky":false,"template":"","format":"standard","meta":{"jetpack_post_was_ever_published":false,"_jetpack_newsletter_access":"","_jetpack_dont_email_post_to_subs":false,"_jetpack_newsletter_tier_id":0,"_jetpack_memberships_contains_paywalled_content":false,"_jetpack_memberships_contains_paid_content":false,"footnotes":""},"categories":[1],"tags":[],"class_list":["post-183491","post","type-post","status-publish","format-standard","has-post-thumbnail","hentry","category-interes-general"],"jetpack_featured_media_url":"https:\/\/i0.wp.com\/revistagenesis.com\/wp-content\/uploads\/2024\/09\/IMG-20240910-WA0099.jpg?fit=1280%2C855&ssl=1","jetpack_likes_enabled":true,"jetpack-related-posts":[{"id":172716,"url":"https:\/\/revistagenesis.com\/?p=172716","url_meta":{"origin":183491,"position":0},"title":"Abierta la inscripci\u00f3n para las becas PROGRESAR","author":"Nicolas Bagliere","date":"11\/03\/2019","format":false,"excerpt":"Est\u00e1 abierta la inscripci\u00f3n a las Becas Progresar del Ministerio de Educaci\u00f3n, Cultura, Ciencia y Tecnolog\u00eda de la Naci\u00f3n. Est\u00e1n destinadas a j\u00f3venes entre 18 y 24 a\u00f1os para que puedan terminar sus estudios primarios y secundarios, continuar con la educaci\u00f3n superior o formarse profesionalmente. En la provincia de Buenos\u2026","rel":"","context":"En \u00abInter\u00e9s General\u00bb","block_context":{"text":"Inter\u00e9s General","link":"https:\/\/revistagenesis.com\/?cat=1"},"img":{"alt_text":"","src":"https:\/\/i0.wp.com\/revistagenesis.com\/wp-content\/uploads\/2019\/03\/FB_IMG_1552354519945-1.jpg?fit=720%2C720&ssl=1&resize=350%2C200","width":350,"height":200,"srcset":"https:\/\/i0.wp.com\/revistagenesis.com\/wp-content\/uploads\/2019\/03\/FB_IMG_1552354519945-1.jpg?fit=720%2C720&ssl=1&resize=350%2C200 1x, https:\/\/i0.wp.com\/revistagenesis.com\/wp-content\/uploads\/2019\/03\/FB_IMG_1552354519945-1.jpg?fit=720%2C720&ssl=1&resize=525%2C300 1.5x, https:\/\/i0.wp.com\/revistagenesis.com\/wp-content\/uploads\/2019\/03\/FB_IMG_1552354519945-1.jpg?fit=720%2C720&ssl=1&resize=700%2C400 2x"},"classes":[]},{"id":183848,"url":"https:\/\/revistagenesis.com\/?p=183848","url_meta":{"origin":183491,"position":1},"title":"EG\u00dcEN INAUGUR\u00d3 CANCHA AUXILIAR EN EL CLUB PEDERNALES EN SU 107.\u00ba ANIVERSARIO","author":"Nicolas Bagliere","date":"02\/05\/2025","format":false,"excerpt":"El Intendente Municipal, Ramiro Eg\u00fcen, inaugur\u00f3, acompa\u00f1ado de la secretaria de Gobierno, Mercedes Squillaci, una cancha auxiliar destinada al Club Pedernales, en el marco de la celebraci\u00f3n por su 107.\u00ba aniversario de vida. Se trata de un espacio que ser\u00e1 destinado al entrenamiento para las distintas divisiones del club, y\u2026","rel":"","context":"En \u00abInter\u00e9s General\u00bb","block_context":{"text":"Inter\u00e9s General","link":"https:\/\/revistagenesis.com\/?cat=1"},"img":{"alt_text":"","src":"https:\/\/i0.wp.com\/revistagenesis.com\/wp-content\/uploads\/2025\/05\/IMG-20250502-WA0108-scaled.jpg?fit=1200%2C757&ssl=1&resize=350%2C200","width":350,"height":200,"srcset":"https:\/\/i0.wp.com\/revistagenesis.com\/wp-content\/uploads\/2025\/05\/IMG-20250502-WA0108-scaled.jpg?fit=1200%2C757&ssl=1&resize=350%2C200 1x, https:\/\/i0.wp.com\/revistagenesis.com\/wp-content\/uploads\/2025\/05\/IMG-20250502-WA0108-scaled.jpg?fit=1200%2C757&ssl=1&resize=525%2C300 1.5x, https:\/\/i0.wp.com\/revistagenesis.com\/wp-content\/uploads\/2025\/05\/IMG-20250502-WA0108-scaled.jpg?fit=1200%2C757&ssl=1&resize=700%2C400 2x, https:\/\/i0.wp.com\/revistagenesis.com\/wp-content\/uploads\/2025\/05\/IMG-20250502-WA0108-scaled.jpg?fit=1200%2C757&ssl=1&resize=1050%2C600 3x"},"classes":[]},{"id":180576,"url":"https:\/\/revistagenesis.com\/?p=180576","url_meta":{"origin":183491,"position":2},"title":"PROPONEN CREAR EL \u201cFONDO SOLIDARIO PARA CLUBES SOCIALES Y DEPORTIVOS\u201d","author":"Nicolas Bagliere","date":"28\/04\/2021","format":"image","excerpt":"En la sesi\u00f3n del Honorable Concejo Deliberante del martes por la noche, el Bloque del Frente Renovador, mediante el concejal Maximiliano Sciaini, present\u00f3 un proyecto de ordenanza para crear un programa \u201cFondo Solidario de Fortalecimiento para clubes sociales y deportivos\u201d con la finalidad de subsidiar los gastos y erogaciones necesarias\u2026","rel":"","context":"En \u00abInter\u00e9s General\u00bb","block_context":{"text":"Inter\u00e9s General","link":"https:\/\/revistagenesis.com\/?cat=1"},"img":{"alt_text":"","src":"https:\/\/i0.wp.com\/revistagenesis.com\/wp-content\/uploads\/2021\/04\/20210428_220940.jpg?fit=778%2C476&ssl=1&resize=350%2C200","width":350,"height":200,"srcset":"https:\/\/i0.wp.com\/revistagenesis.com\/wp-content\/uploads\/2021\/04\/20210428_220940.jpg?fit=778%2C476&ssl=1&resize=350%2C200 1x, https:\/\/i0.wp.com\/revistagenesis.com\/wp-content\/uploads\/2021\/04\/20210428_220940.jpg?fit=778%2C476&ssl=1&resize=525%2C300 1.5x, https:\/\/i0.wp.com\/revistagenesis.com\/wp-content\/uploads\/2021\/04\/20210428_220940.jpg?fit=778%2C476&ssl=1&resize=700%2C400 2x"},"classes":[]},{"id":5381,"url":"https:\/\/revistagenesis.com\/?p=5381","url_meta":{"origin":183491,"position":3},"title":"Barragan entreg\u00f3 becas  en Roque Perez","author":"Nicolas Bagliere","date":"24\/06\/2016","format":false,"excerpt":"El Diputado de la s\u00e9ptima de \u00a0Cambiemos, Eduardo Barragan, visit\u00f3 el comite de la UCR de nuestra ciudad, donde realiz\u00f3 entrega de tres becas, a j\u00f3venes de nuestra ciudad y luego respondi\u00f3 preguntas a la prensa. Fue recibido, por los concejales Juan Cravero, Leandro L\u00f3pez, la ex candidata a intendente\u2026","rel":"","context":"En \u00abInter\u00e9s General\u00bb","block_context":{"text":"Inter\u00e9s General","link":"https:\/\/revistagenesis.com\/?cat=1"},"img":{"alt_text":"","src":"https:\/\/i0.wp.com\/revistagenesis.com\/wp-content\/uploads\/2016\/06\/wp-1466777026370.jpg?fit=1200%2C720&ssl=1&resize=350%2C200","width":350,"height":200,"srcset":"https:\/\/i0.wp.com\/revistagenesis.com\/wp-content\/uploads\/2016\/06\/wp-1466777026370.jpg?fit=1200%2C720&ssl=1&resize=350%2C200 1x, https:\/\/i0.wp.com\/revistagenesis.com\/wp-content\/uploads\/2016\/06\/wp-1466777026370.jpg?fit=1200%2C720&ssl=1&resize=525%2C300 1.5x, https:\/\/i0.wp.com\/revistagenesis.com\/wp-content\/uploads\/2016\/06\/wp-1466777026370.jpg?fit=1200%2C720&ssl=1&resize=700%2C400 2x, https:\/\/i0.wp.com\/revistagenesis.com\/wp-content\/uploads\/2016\/06\/wp-1466777026370.jpg?fit=1200%2C720&ssl=1&resize=1050%2C600 3x"},"classes":[]},{"id":173038,"url":"https:\/\/revistagenesis.com\/?p=173038","url_meta":{"origin":183491,"position":4},"title":"Seminario de teatro en el Centro Cultural","author":"Nicolas Bagliere","date":"11\/04\/2019","format":false,"excerpt":"A partir del martes 9 de abril de 19:00 a 20:30 horas se desarrollar\u00e1 un seminario de teatro en el Centro Cultural de nuestra ciudad a cargo de Vladimir Klink y Tatiana Emede. El mismo es arancelado pero con el auspicio de la Direcci\u00f3n de Cultura se podr\u00e1 acceder a\u2026","rel":"","context":"En \u00abInter\u00e9s General\u00bb","block_context":{"text":"Inter\u00e9s General","link":"https:\/\/revistagenesis.com\/?cat=1"},"img":{"alt_text":"","src":"https:\/\/i0.wp.com\/revistagenesis.com\/wp-content\/uploads\/2019\/04\/IMG-20190413-WA0065-1.jpg?fit=1024%2C768&ssl=1&resize=350%2C200","width":350,"height":200,"srcset":"https:\/\/i0.wp.com\/revistagenesis.com\/wp-content\/uploads\/2019\/04\/IMG-20190413-WA0065-1.jpg?fit=1024%2C768&ssl=1&resize=350%2C200 1x, https:\/\/i0.wp.com\/revistagenesis.com\/wp-content\/uploads\/2019\/04\/IMG-20190413-WA0065-1.jpg?fit=1024%2C768&ssl=1&resize=525%2C300 1.5x, https:\/\/i0.wp.com\/revistagenesis.com\/wp-content\/uploads\/2019\/04\/IMG-20190413-WA0065-1.jpg?fit=1024%2C768&ssl=1&resize=700%2C400 2x"},"classes":[]},{"id":184006,"url":"https:\/\/revistagenesis.com\/?p=184006","url_meta":{"origin":183491,"position":5},"title":"EG\u00dcEN LOGRA QUE LA AYUDANT\u00cdA FISCAL TENGA INMUEBLE PROPIO.","author":"Nicolas Bagliere","date":"24\/10\/2025","format":"image","excerpt":"La gesti\u00f3n del intendente Ramiro Eg\u00fcen consolid\u00f3 este viernes un nuevo hito institucional: por primera vez, la Ayudant\u00eda Fiscal descentralizada de 25 de Mayo contar\u00e1 con un inmueble propio, cedido sin cargo por el municipio y aprobado formalmente por la Procuraci\u00f3n General de la Suprema Corte de Justicia de la\u2026","rel":"","context":"En \u00abPol\u00edtica\u00bb","block_context":{"text":"Pol\u00edtica","link":"https:\/\/revistagenesis.com\/?cat=130"},"img":{"alt_text":"","src":"https:\/\/i0.wp.com\/revistagenesis.com\/wp-content\/uploads\/2025\/10\/IMG-20251024-WA0141.jpg?fit=1200%2C801&ssl=1&resize=350%2C200","width":350,"height":200,"srcset":"https:\/\/i0.wp.com\/revistagenesis.com\/wp-content\/uploads\/2025\/10\/IMG-20251024-WA0141.jpg?fit=1200%2C801&ssl=1&resize=350%2C200 1x, https:\/\/i0.wp.com\/revistagenesis.com\/wp-content\/uploads\/2025\/10\/IMG-20251024-WA0141.jpg?fit=1200%2C801&ssl=1&resize=525%2C300 1.5x, https:\/\/i0.wp.com\/revistagenesis.com\/wp-content\/uploads\/2025\/10\/IMG-20251024-WA0141.jpg?fit=1200%2C801&ssl=1&resize=700%2C400 2x, https:\/\/i0.wp.com\/revistagenesis.com\/wp-content\/uploads\/2025\/10\/IMG-20251024-WA0141.jpg?fit=1200%2C801&ssl=1&resize=1050%2C600 3x"},"classes":[]}],"jetpack_sharing_enabled":true,"_links":{"self":[{"href":"https:\/\/revistagenesis.com\/index.php?rest_route=\/wp\/v2\/posts\/183491","targetHints":{"allow":["GET"]}}],"collection":[{"href":"https:\/\/revistagenesis.com\/index.php?rest_route=\/wp\/v2\/posts"}],"about":[{"href":"https:\/\/revistagenesis.com\/index.php?rest_route=\/wp\/v2\/types\/post"}],"author":[{"embeddable":true,"href":"https:\/\/revistagenesis.com\/index.php?rest_route=\/wp\/v2\/users\/2"}],"replies":[{"embeddable":true,"href":"https:\/\/revistagenesis.com\/index.php?rest_route=%2Fwp%2Fv2%2Fcomments&post=183491"}],"version-history":[{"count":0,"href":"https:\/\/revistagenesis.com\/index.php?rest_route=\/wp\/v2\/posts\/183491\/revisions"}],"wp:featuredmedia":[{"embeddable":true,"href":"https:\/\/revistagenesis.com\/index.php?rest_route=\/wp\/v2\/media\/183490"}],"wp:attachment":[{"href":"https:\/\/revistagenesis.com\/index.php?rest_route=%2Fwp%2Fv2%2Fmedia&parent=183491"}],"wp:term":[{"taxonomy":"category","embeddable":true,"href":"https:\/\/revistagenesis.com\/index.php?rest_route=%2Fwp%2Fv2%2Fcategories&post=183491"},{"taxonomy":"post_tag","embeddable":true,"href":"https:\/\/revistagenesis.com\/index.php?rest_route=%2Fwp%2Fv2%2Ftags&post=183491"}],"curies":[{"name":"wp","href":"https:\/\/api.w.org\/{rel}","templated":true}]}}