{"id":183192,"date":"2024-05-28T14:13:06","date_gmt":"2024-05-28T17:13:06","guid":{"rendered":"https:\/\/revistagenesis.com\/?p=183192"},"modified":"2024-05-28T14:13:06","modified_gmt":"2024-05-28T17:13:06","slug":"eguen-presento-una-de-las-motoniveladoras-nuevas-en-valdes","status":"publish","type":"post","link":"https:\/\/revistagenesis.com\/?p=183192","title":{"rendered":"EG\u00dcEN PRESENT\u00d3 UNA DE LAS MOTONIVELADORAS NUEVAS EN VALD\u00c9S."},"content":{"rendered":"\n<p><br>El intendente municipal Ramiro Eg\u00fcen, visit\u00f3 la localidad sure\u00f1a de Vald\u00e9s donde acompa\u00f1ado del delegado municipal Alfredo Rodr\u00edguez presentaron a los vecinos la nueva m\u00e1quina con la que dispondr\u00e1 dicha localidad para el arreglo de los caminos rurales. <\/p>\n\n\n\n<figure class=\"wp-block-image size-large\"><img data-recalc-dims=\"1\" fetchpriority=\"high\" decoding=\"async\" width=\"1024\" height=\"684\" src=\"https:\/\/i0.wp.com\/revistagenesis.com\/wp-content\/uploads\/2024\/05\/img-20240528-wa010464150381278433312.jpg?resize=1024%2C684&#038;ssl=1\" alt=\"\" class=\"wp-image-183190\" srcset=\"https:\/\/i0.wp.com\/revistagenesis.com\/wp-content\/uploads\/2024\/05\/img-20240528-wa010464150381278433312.jpg?resize=1024%2C684&amp;ssl=1 1024w, https:\/\/i0.wp.com\/revistagenesis.com\/wp-content\/uploads\/2024\/05\/img-20240528-wa010464150381278433312.jpg?resize=300%2C200&amp;ssl=1 300w, https:\/\/i0.wp.com\/revistagenesis.com\/wp-content\/uploads\/2024\/05\/img-20240528-wa010464150381278433312.jpg?resize=768%2C513&amp;ssl=1 768w, https:\/\/i0.wp.com\/revistagenesis.com\/wp-content\/uploads\/2024\/05\/img-20240528-wa010464150381278433312.jpg?resize=1536%2C1025&amp;ssl=1 1536w, https:\/\/i0.wp.com\/revistagenesis.com\/wp-content\/uploads\/2024\/05\/img-20240528-wa010464150381278433312.jpg?w=1600&amp;ssl=1 1600w\" sizes=\"(max-width: 1024px) 100vw, 1024px\" \/><\/figure>\n\n\n\n<p><\/p>\n\n\n\n<figure class=\"wp-block-image size-large\"><img data-recalc-dims=\"1\" decoding=\"async\" width=\"1024\" height=\"684\" src=\"https:\/\/i0.wp.com\/revistagenesis.com\/wp-content\/uploads\/2024\/05\/img-20240528-wa01095133198777369725155.jpg?resize=1024%2C684&#038;ssl=1\" alt=\"\" class=\"wp-image-183189\" srcset=\"https:\/\/i0.wp.com\/revistagenesis.com\/wp-content\/uploads\/2024\/05\/img-20240528-wa01095133198777369725155.jpg?resize=1024%2C684&amp;ssl=1 1024w, https:\/\/i0.wp.com\/revistagenesis.com\/wp-content\/uploads\/2024\/05\/img-20240528-wa01095133198777369725155.jpg?resize=300%2C200&amp;ssl=1 300w, https:\/\/i0.wp.com\/revistagenesis.com\/wp-content\/uploads\/2024\/05\/img-20240528-wa01095133198777369725155.jpg?resize=768%2C513&amp;ssl=1 768w, https:\/\/i0.wp.com\/revistagenesis.com\/wp-content\/uploads\/2024\/05\/img-20240528-wa01095133198777369725155.jpg?resize=1536%2C1025&amp;ssl=1 1536w, https:\/\/i0.wp.com\/revistagenesis.com\/wp-content\/uploads\/2024\/05\/img-20240528-wa01095133198777369725155.jpg?w=1600&amp;ssl=1 1600w\" sizes=\"(max-width: 1024px) 100vw, 1024px\" \/><\/figure>\n\n\n\n<figure class=\"wp-block-image\"><img data-recalc-dims=\"1\" decoding=\"async\" width=\"1024\" height=\"683\" src=\"https:\/\/i0.wp.com\/revistagenesis.com\/wp-content\/uploads\/2024\/05\/img-20240528-wa01066357480153863078072.jpg?resize=1024%2C683&#038;ssl=1\" alt=\"\" class=\"wp-image-183188\" srcset=\"https:\/\/i0.wp.com\/revistagenesis.com\/wp-content\/uploads\/2024\/05\/img-20240528-wa01066357480153863078072.jpg?resize=1024%2C683&amp;ssl=1 1024w, https:\/\/i0.wp.com\/revistagenesis.com\/wp-content\/uploads\/2024\/05\/img-20240528-wa01066357480153863078072.jpg?resize=300%2C200&amp;ssl=1 300w, https:\/\/i0.wp.com\/revistagenesis.com\/wp-content\/uploads\/2024\/05\/img-20240528-wa01066357480153863078072.jpg?resize=768%2C512&amp;ssl=1 768w, https:\/\/i0.wp.com\/revistagenesis.com\/wp-content\/uploads\/2024\/05\/img-20240528-wa01066357480153863078072.jpg?resize=1536%2C1024&amp;ssl=1 1536w, https:\/\/i0.wp.com\/revistagenesis.com\/wp-content\/uploads\/2024\/05\/img-20240528-wa01066357480153863078072.jpg?w=1600&amp;ssl=1 1600w\" sizes=\"(max-width: 1024px) 100vw, 1024px\" \/><\/figure>\n\n\n\n<p>Se trata de una motoniveladora nueva marca Lovol, adquirida con fondos propios.<br>El mandatario comunal se dirigi\u00f3 a los vecinos que se hicieron presentes: \u201cUna nueva adquisici\u00f3n como me hab\u00eda comprometido hace poco tiempo, ni bien asumimos la gesti\u00f3n dijimos que \u00edbamos a trabajar para Vald\u00e9s: la Perla del sur, como le llamamos, y que sabemos perfectamente lo que le falta, lo que le falta a cada uno de los veinticinque\u00f1os en cada rinc\u00f3n del distrito, sabemos que falta maquinaria, hemos adquirido tres y hoy tengo el orgullo de presentar la primera maquinaria que viene al interior del distrito que es para Vald\u00e9s, una motoniveladora Lovol de 200 HP, lo m\u00e1s grande en el mercado para poder realmente hacer un trabajo integral en la reparaci\u00f3n de la red vial que es en devoluci\u00f3n de ustedes, de los vecinos, que se han nucleado tambi\u00e9n en lo que es el pago de las tasas\u201d.<br>Durante la jornada de hoy, el intendente Eg\u00fcen entregar\u00e1 las dos maquinaria restantes en otras dos localidades: Pedernales y Norberto de la Riestra.<\/p>\n","protected":false},"excerpt":{"rendered":"<p>El intendente municipal Ramiro Eg\u00fcen, visit\u00f3 la localidad sure\u00f1a de Vald\u00e9s donde acompa\u00f1ado del delegado municipal Alfredo Rodr\u00edguez presentaron a los vecinos la nueva m\u00e1quina con la que dispondr\u00e1 dicha localidad para el arreglo de los caminos rurales. Se trata de una motoniveladora nueva marca Lovol, adquirida con fondos propios.El mandatario comunal se dirigi\u00f3 a &#8230; <a title=\"EG\u00dcEN PRESENT\u00d3 UNA DE LAS MOTONIVELADORAS NUEVAS EN VALD\u00c9S.\" class=\"read-more\" href=\"https:\/\/revistagenesis.com\/?p=183192\">Leer mas<\/a><\/p>\n","protected":false},"author":2,"featured_media":183191,"comment_status":"","ping_status":"open","sticky":false,"template":"","format":"standard","meta":{"jetpack_post_was_ever_published":false,"_jetpack_newsletter_access":"","_jetpack_dont_email_post_to_subs":false,"_jetpack_newsletter_tier_id":0,"_jetpack_memberships_contains_paywalled_content":false,"_jetpack_memberships_contains_paid_content":false,"footnotes":""},"categories":[1],"tags":[],"class_list":["post-183192","post","type-post","status-publish","format-standard","has-post-thumbnail","hentry","category-interes-general"],"jetpack_featured_media_url":"https:\/\/i0.wp.com\/revistagenesis.com\/wp-content\/uploads\/2024\/05\/IMG-20240528-WA0104.jpg?fit=1600%2C1068&ssl=1","jetpack_likes_enabled":true,"jetpack-related-posts":[{"id":183988,"url":"https:\/\/revistagenesis.com\/?p=183988","url_meta":{"origin":183192,"position":0},"title":"RIESTRA TENDR\u00c1 POR PRIMERA VEZ UN PARQUE INDUSTRIAL.","author":"Nicolas Bagliere","date":"16\/06\/2025","format":false,"excerpt":"En el marco del 128\u00b0 aniversario de Norberto de la Riestra, el intendente municipal de 25 de Mayo, Ramiro Eg\u00fcen, realiz\u00f3 un anuncio hist\u00f3rico para el desarrollo del norte del distrito: la localidad contar\u00e1 con su primer Parque Industrial. Durante el acto oficial celebrado este domingo, Eg\u00fcen inform\u00f3 que el\u2026","rel":"","context":"En \u00abInter\u00e9s General\u00bb","block_context":{"text":"Inter\u00e9s General","link":"https:\/\/revistagenesis.com\/?cat=1"},"img":{"alt_text":"","src":"https:\/\/i0.wp.com\/revistagenesis.com\/wp-content\/uploads\/2025\/06\/FB_IMG_1750116857809.jpg?fit=1200%2C802&ssl=1&resize=350%2C200","width":350,"height":200,"srcset":"https:\/\/i0.wp.com\/revistagenesis.com\/wp-content\/uploads\/2025\/06\/FB_IMG_1750116857809.jpg?fit=1200%2C802&ssl=1&resize=350%2C200 1x, https:\/\/i0.wp.com\/revistagenesis.com\/wp-content\/uploads\/2025\/06\/FB_IMG_1750116857809.jpg?fit=1200%2C802&ssl=1&resize=525%2C300 1.5x, https:\/\/i0.wp.com\/revistagenesis.com\/wp-content\/uploads\/2025\/06\/FB_IMG_1750116857809.jpg?fit=1200%2C802&ssl=1&resize=700%2C400 2x, https:\/\/i0.wp.com\/revistagenesis.com\/wp-content\/uploads\/2025\/06\/FB_IMG_1750116857809.jpg?fit=1200%2C802&ssl=1&resize=1050%2C600 3x"},"classes":[]},{"id":183094,"url":"https:\/\/revistagenesis.com\/?p=183094","url_meta":{"origin":183192,"position":1},"title":"25 DE MAYO: RAMIRO EG\u00dcEN RECUPER\u00d3 COMPRESOR ROBADO.","author":"Nicolas Bagliere","date":"21\/03\/2024","format":false,"excerpt":"El intendente municipal Ramiro Eg\u00fcen recuper\u00f3 un compresor nuevo que se hab\u00eda adquirido durante la gesti\u00f3n anterior.A trav\u00e9s de una investigaci\u00f3n realizada con ayuda de los empleados del corral\u00f3n, que dieron la informaci\u00f3n correspondiente, se logr\u00f3 saber d\u00f3nde estaba el compresor nuevo que hab\u00eda comprado la Direcci\u00f3n de Vialidad durante\u2026","rel":"","context":"En \u00abInter\u00e9s General\u00bb","block_context":{"text":"Inter\u00e9s General","link":"https:\/\/revistagenesis.com\/?cat=1"},"img":{"alt_text":"","src":"https:\/\/i0.wp.com\/revistagenesis.com\/wp-content\/uploads\/2024\/03\/IMG-20240321-WA0120.jpg?fit=1200%2C800&ssl=1&resize=350%2C200","width":350,"height":200,"srcset":"https:\/\/i0.wp.com\/revistagenesis.com\/wp-content\/uploads\/2024\/03\/IMG-20240321-WA0120.jpg?fit=1200%2C800&ssl=1&resize=350%2C200 1x, https:\/\/i0.wp.com\/revistagenesis.com\/wp-content\/uploads\/2024\/03\/IMG-20240321-WA0120.jpg?fit=1200%2C800&ssl=1&resize=525%2C300 1.5x, https:\/\/i0.wp.com\/revistagenesis.com\/wp-content\/uploads\/2024\/03\/IMG-20240321-WA0120.jpg?fit=1200%2C800&ssl=1&resize=700%2C400 2x, https:\/\/i0.wp.com\/revistagenesis.com\/wp-content\/uploads\/2024\/03\/IMG-20240321-WA0120.jpg?fit=1200%2C800&ssl=1&resize=1050%2C600 3x"},"classes":[]},{"id":183446,"url":"https:\/\/revistagenesis.com\/?p=183446","url_meta":{"origin":183192,"position":2},"title":"EG\u00dcEN AUMENTA EL 25% DEL SALARIO B\u00c1SICO A MUNICIPALES","author":"Nicolas Bagliere","date":"31\/08\/2024","format":false,"excerpt":"En 25 de Mayo, la gesti\u00f3n municipal del Intendente Ramiro Eg\u00fcen duplic\u00f3 en aumento el \u00edndice que el INDEC establece para la inflaci\u00f3n en estos meses. A partir de septiembre los empleados municipales recibir\u00e1n un aumento del 25%, lo que representa una suba acumulada del 167% al sueldo b\u00e1sico en\u2026","rel":"","context":"En \u00abInter\u00e9s General\u00bb","block_context":{"text":"Inter\u00e9s General","link":"https:\/\/revistagenesis.com\/?cat=1"},"img":{"alt_text":"","src":"https:\/\/i0.wp.com\/revistagenesis.com\/wp-content\/uploads\/2024\/08\/FB_IMG_1725134753719.jpg?fit=1080%2C721&ssl=1&resize=350%2C200","width":350,"height":200,"srcset":"https:\/\/i0.wp.com\/revistagenesis.com\/wp-content\/uploads\/2024\/08\/FB_IMG_1725134753719.jpg?fit=1080%2C721&ssl=1&resize=350%2C200 1x, https:\/\/i0.wp.com\/revistagenesis.com\/wp-content\/uploads\/2024\/08\/FB_IMG_1725134753719.jpg?fit=1080%2C721&ssl=1&resize=525%2C300 1.5x, https:\/\/i0.wp.com\/revistagenesis.com\/wp-content\/uploads\/2024\/08\/FB_IMG_1725134753719.jpg?fit=1080%2C721&ssl=1&resize=700%2C400 2x, https:\/\/i0.wp.com\/revistagenesis.com\/wp-content\/uploads\/2024\/08\/FB_IMG_1725134753719.jpg?fit=1080%2C721&ssl=1&resize=1050%2C600 3x"},"classes":[]},{"id":184006,"url":"https:\/\/revistagenesis.com\/?p=184006","url_meta":{"origin":183192,"position":3},"title":"EG\u00dcEN LOGRA QUE LA AYUDANT\u00cdA FISCAL TENGA INMUEBLE PROPIO.","author":"Nicolas Bagliere","date":"24\/10\/2025","format":"image","excerpt":"La gesti\u00f3n del intendente Ramiro Eg\u00fcen consolid\u00f3 este viernes un nuevo hito institucional: por primera vez, la Ayudant\u00eda Fiscal descentralizada de 25 de Mayo contar\u00e1 con un inmueble propio, cedido sin cargo por el municipio y aprobado formalmente por la Procuraci\u00f3n General de la Suprema Corte de Justicia de la\u2026","rel":"","context":"En \u00abPol\u00edtica\u00bb","block_context":{"text":"Pol\u00edtica","link":"https:\/\/revistagenesis.com\/?cat=130"},"img":{"alt_text":"","src":"https:\/\/i0.wp.com\/revistagenesis.com\/wp-content\/uploads\/2025\/10\/IMG-20251024-WA0141.jpg?fit=1200%2C801&ssl=1&resize=350%2C200","width":350,"height":200,"srcset":"https:\/\/i0.wp.com\/revistagenesis.com\/wp-content\/uploads\/2025\/10\/IMG-20251024-WA0141.jpg?fit=1200%2C801&ssl=1&resize=350%2C200 1x, https:\/\/i0.wp.com\/revistagenesis.com\/wp-content\/uploads\/2025\/10\/IMG-20251024-WA0141.jpg?fit=1200%2C801&ssl=1&resize=525%2C300 1.5x, https:\/\/i0.wp.com\/revistagenesis.com\/wp-content\/uploads\/2025\/10\/IMG-20251024-WA0141.jpg?fit=1200%2C801&ssl=1&resize=700%2C400 2x, https:\/\/i0.wp.com\/revistagenesis.com\/wp-content\/uploads\/2025\/10\/IMG-20251024-WA0141.jpg?fit=1200%2C801&ssl=1&resize=1050%2C600 3x"},"classes":[]},{"id":183357,"url":"https:\/\/revistagenesis.com\/?p=183357","url_meta":{"origin":183192,"position":4},"title":"ACTIVIDADES GRATUITAS EN VACACIONES DE INVIERNO","author":"Nicolas Bagliere","date":"30\/07\/2024","format":false,"excerpt":"En el marco de la Agenda Municipal de Actividades Gratuitas en Vacaciones de Invierno de la gesti\u00f3n del Intendente Ramiro Eg\u00fcen los m\u00e1s chicos y grandes disfrutaron de las propuestas de las direcciones de Cultura, Deportes, Turismo y Ambiente.Tuvieron una gran convocatoria, Gisela Casavalle y Jorge M\u00e1rtire con el espect\u00e1culo\u2026","rel":"","context":"En \u00abInter\u00e9s General\u00bb","block_context":{"text":"Inter\u00e9s General","link":"https:\/\/revistagenesis.com\/?cat=1"},"img":{"alt_text":"","src":"https:\/\/i0.wp.com\/revistagenesis.com\/wp-content\/uploads\/2024\/07\/IMG-20240729-WA0033.jpg?fit=1020%2C768&ssl=1&resize=350%2C200","width":350,"height":200,"srcset":"https:\/\/i0.wp.com\/revistagenesis.com\/wp-content\/uploads\/2024\/07\/IMG-20240729-WA0033.jpg?fit=1020%2C768&ssl=1&resize=350%2C200 1x, https:\/\/i0.wp.com\/revistagenesis.com\/wp-content\/uploads\/2024\/07\/IMG-20240729-WA0033.jpg?fit=1020%2C768&ssl=1&resize=525%2C300 1.5x, https:\/\/i0.wp.com\/revistagenesis.com\/wp-content\/uploads\/2024\/07\/IMG-20240729-WA0033.jpg?fit=1020%2C768&ssl=1&resize=700%2C400 2x"},"classes":[]},{"id":183887,"url":"https:\/\/revistagenesis.com\/?p=183887","url_meta":{"origin":183192,"position":5},"title":"EG\u00dcEN IMPULSA LA CREACI\u00d3N DEL POLICL\u00cdNICO MUNICIPAL.","author":"Nicolas Bagliere","date":"09\/05\/2025","format":false,"excerpt":"En una decisi\u00f3n estrat\u00e9gica para mejorar el sistema de salud local, el intendente de 25 de Mayo, Ramiro Eg\u00fcen, present\u00f3 ante el Honorable Concejo Deliberante un proyecto para la creaci\u00f3n del Policl\u00ednico Municipal Anexo Hospital Saturnino E. Unzu\u00e9, que funcionar\u00e1 en el edificio ubicado en la esquina de calles 18\u2026","rel":"","context":"En \u00abInter\u00e9s General\u00bb","block_context":{"text":"Inter\u00e9s General","link":"https:\/\/revistagenesis.com\/?cat=1"},"img":{"alt_text":"","src":"https:\/\/i0.wp.com\/revistagenesis.com\/wp-content\/uploads\/2025\/05\/IMG-20250509-WA0118-1.jpg?fit=1200%2C802&ssl=1&resize=350%2C200","width":350,"height":200,"srcset":"https:\/\/i0.wp.com\/revistagenesis.com\/wp-content\/uploads\/2025\/05\/IMG-20250509-WA0118-1.jpg?fit=1200%2C802&ssl=1&resize=350%2C200 1x, https:\/\/i0.wp.com\/revistagenesis.com\/wp-content\/uploads\/2025\/05\/IMG-20250509-WA0118-1.jpg?fit=1200%2C802&ssl=1&resize=525%2C300 1.5x, https:\/\/i0.wp.com\/revistagenesis.com\/wp-content\/uploads\/2025\/05\/IMG-20250509-WA0118-1.jpg?fit=1200%2C802&ssl=1&resize=700%2C400 2x, https:\/\/i0.wp.com\/revistagenesis.com\/wp-content\/uploads\/2025\/05\/IMG-20250509-WA0118-1.jpg?fit=1200%2C802&ssl=1&resize=1050%2C600 3x"},"classes":[]}],"jetpack_sharing_enabled":true,"_links":{"self":[{"href":"https:\/\/revistagenesis.com\/index.php?rest_route=\/wp\/v2\/posts\/183192","targetHints":{"allow":["GET"]}}],"collection":[{"href":"https:\/\/revistagenesis.com\/index.php?rest_route=\/wp\/v2\/posts"}],"about":[{"href":"https:\/\/revistagenesis.com\/index.php?rest_route=\/wp\/v2\/types\/post"}],"author":[{"embeddable":true,"href":"https:\/\/revistagenesis.com\/index.php?rest_route=\/wp\/v2\/users\/2"}],"replies":[{"embeddable":true,"href":"https:\/\/revistagenesis.com\/index.php?rest_route=%2Fwp%2Fv2%2Fcomments&post=183192"}],"version-history":[{"count":0,"href":"https:\/\/revistagenesis.com\/index.php?rest_route=\/wp\/v2\/posts\/183192\/revisions"}],"wp:featuredmedia":[{"embeddable":true,"href":"https:\/\/revistagenesis.com\/index.php?rest_route=\/wp\/v2\/media\/183191"}],"wp:attachment":[{"href":"https:\/\/revistagenesis.com\/index.php?rest_route=%2Fwp%2Fv2%2Fmedia&parent=183192"}],"wp:term":[{"taxonomy":"category","embeddable":true,"href":"https:\/\/revistagenesis.com\/index.php?rest_route=%2Fwp%2Fv2%2Fcategories&post=183192"},{"taxonomy":"post_tag","embeddable":true,"href":"https:\/\/revistagenesis.com\/index.php?rest_route=%2Fwp%2Fv2%2Ftags&post=183192"}],"curies":[{"name":"wp","href":"https:\/\/api.w.org\/{rel}","templated":true}]}}