{"id":183180,"date":"2024-05-22T13:10:12","date_gmt":"2024-05-22T16:10:12","guid":{"rendered":"https:\/\/revistagenesis.com\/?p=183180"},"modified":"2024-05-22T13:11:13","modified_gmt":"2024-05-22T16:11:13","slug":"25-de-mayo-control-de-peso-de-camiones-en-ruta-40","status":"publish","type":"post","link":"https:\/\/revistagenesis.com\/?p=183180","title":{"rendered":"25 DE MAYO: CONTROL DE PESO DE CAMIONES EN RUTA 40."},"content":{"rendered":"\r\n<p><br \/>La gesti\u00f3n municipal del intendente de 25 de Mayo, Dr. Ramiro Eg\u00fcen, contin\u00faa con las tareas inherentes al Estado y que sirven para mantener el orden de la comunidad. En las primeras horas de la tarde de este martes personal de Protecci\u00f3n Ciudadana concurri\u00f3 a la Ruta 40, altura Bajada del establecimiento rural Los Machitos, para realizar controles de carga de camiones.<br \/>Por gestiones del Director de Protecci\u00f3n Ciudadana, Diego Piano, se logr\u00f3 que la Direcci\u00f3n Provincial de Vialidad concurriera a 25 de Mayo con una balanza m\u00f3vil para pesar los camiones en el punto elegido, teniendo en cuenta que por all\u00ed sale mucha de la producci\u00f3n agropecuaria que viene desde las localidades del sur del distrito.<\/p>\r\n\r\n\r\n\r\n<figure class=\"wp-block-image size-large\"><img data-recalc-dims=\"1\" fetchpriority=\"high\" decoding=\"async\" width=\"1024\" height=\"683\" class=\"wp-image-183178\" src=\"https:\/\/i0.wp.com\/revistagenesis.com\/wp-content\/uploads\/2024\/05\/img-20240521-wa01547196067421494384708.jpg?resize=1024%2C683&#038;ssl=1\" alt=\"\" srcset=\"https:\/\/i0.wp.com\/revistagenesis.com\/wp-content\/uploads\/2024\/05\/img-20240521-wa01547196067421494384708.jpg?resize=1024%2C683&amp;ssl=1 1024w, https:\/\/i0.wp.com\/revistagenesis.com\/wp-content\/uploads\/2024\/05\/img-20240521-wa01547196067421494384708.jpg?resize=300%2C200&amp;ssl=1 300w, https:\/\/i0.wp.com\/revistagenesis.com\/wp-content\/uploads\/2024\/05\/img-20240521-wa01547196067421494384708.jpg?resize=768%2C512&amp;ssl=1 768w, https:\/\/i0.wp.com\/revistagenesis.com\/wp-content\/uploads\/2024\/05\/img-20240521-wa01547196067421494384708.jpg?resize=1536%2C1024&amp;ssl=1 1536w, https:\/\/i0.wp.com\/revistagenesis.com\/wp-content\/uploads\/2024\/05\/img-20240521-wa01547196067421494384708.jpg?w=1546&amp;ssl=1 1546w\" sizes=\"(max-width: 1024px) 100vw, 1024px\" \/><\/figure>\r\n\r\n\r\n\r\n<figure class=\"wp-block-image\"><img data-recalc-dims=\"1\" decoding=\"async\" width=\"1024\" height=\"682\" class=\"wp-image-183177\" src=\"https:\/\/i0.wp.com\/revistagenesis.com\/wp-content\/uploads\/2024\/05\/img-20240521-wa01611049369368774147119.jpg?resize=1024%2C682&#038;ssl=1\" alt=\"\" srcset=\"https:\/\/i0.wp.com\/revistagenesis.com\/wp-content\/uploads\/2024\/05\/img-20240521-wa01611049369368774147119.jpg?resize=1024%2C682&amp;ssl=1 1024w, https:\/\/i0.wp.com\/revistagenesis.com\/wp-content\/uploads\/2024\/05\/img-20240521-wa01611049369368774147119.jpg?resize=300%2C200&amp;ssl=1 300w, https:\/\/i0.wp.com\/revistagenesis.com\/wp-content\/uploads\/2024\/05\/img-20240521-wa01611049369368774147119.jpg?resize=768%2C512&amp;ssl=1 768w, https:\/\/i0.wp.com\/revistagenesis.com\/wp-content\/uploads\/2024\/05\/img-20240521-wa01611049369368774147119.jpg?w=1423&amp;ssl=1 1423w\" sizes=\"(max-width: 1024px) 100vw, 1024px\" \/><\/figure>\r\n\r\n\r\n\r\n<p>&nbsp;<\/p>\r\n\r\n\r\n\r\n<p><br \/>Junto a Piano y su gente de Protecci\u00f3n Ciudadana trabajaron en el lugar efectivos de la Polic\u00eda de la provincia de Buenos Aires y del Comando de Protecci\u00f3n Rural. Estas tareas continuar\u00e1n a futuro, coordinando con Vialidad para poder contar con la balanza m\u00f3vil hasta que el municipio pueda hacerse de una de estas herramientas como en el pasado.<\/p>\r\n","protected":false},"excerpt":{"rendered":"<p>La gesti\u00f3n municipal del intendente de 25 de Mayo, Dr. Ramiro Eg\u00fcen, contin\u00faa con las tareas inherentes al Estado y que sirven para mantener el orden de la comunidad. En las primeras horas de la tarde de este martes personal de Protecci\u00f3n Ciudadana concurri\u00f3 a la Ruta 40, altura Bajada del establecimiento rural Los Machitos, &#8230; <a title=\"25 DE MAYO: CONTROL DE PESO DE CAMIONES EN RUTA 40.\" class=\"read-more\" href=\"https:\/\/revistagenesis.com\/?p=183180\">Leer mas<\/a><\/p>\n","protected":false},"author":2,"featured_media":183184,"comment_status":"closed","ping_status":"open","sticky":false,"template":"","format":"standard","meta":{"jetpack_post_was_ever_published":false,"_jetpack_newsletter_access":"","_jetpack_dont_email_post_to_subs":false,"_jetpack_newsletter_tier_id":0,"_jetpack_memberships_contains_paywalled_content":false,"_jetpack_memberships_contains_paid_content":false,"footnotes":""},"categories":[1],"tags":[],"class_list":["post-183180","post","type-post","status-publish","format-standard","has-post-thumbnail","hentry","category-interes-general"],"jetpack_featured_media_url":"https:\/\/i0.wp.com\/revistagenesis.com\/wp-content\/uploads\/2024\/05\/IMG-20240521-WA0154-2.jpg?fit=1546%2C1031&ssl=1","jetpack_likes_enabled":true,"jetpack-related-posts":[{"id":183947,"url":"https:\/\/revistagenesis.com\/?p=183947","url_meta":{"origin":183180,"position":0},"title":"EGUEN: \u00abLOGRAMOS LA INVERSI\u00d3N M\u00c1S GRANDE EN VEH\u00cdCULOS DE LA HISTORIA DE 25 DE MAYO\u00bb.","author":"Nicolas Bagliere","date":"28\/05\/2025","format":false,"excerpt":"Asi lo anunci\u00f3 el jefe comunal, Ramiro Eguen, en sus redes sociales: \"Con profundo orgullo quiero compartir que concretamos la mayor compra de veh\u00edculos en la historia democr\u00e1tica de nuestro distrito. En tan solo 17 meses de gesti\u00f3n, incorporamos 24 veh\u00edculos nuevos con recursos 100% municipales, sin deuda ni financiamiento\u2026","rel":"","context":"En \u00abInter\u00e9s General\u00bb","block_context":{"text":"Inter\u00e9s General","link":"https:\/\/revistagenesis.com\/?cat=1"},"img":{"alt_text":"","src":"https:\/\/i0.wp.com\/revistagenesis.com\/wp-content\/uploads\/2025\/05\/IMG-20250528-WA0208.jpg?fit=1200%2C675&ssl=1&resize=350%2C200","width":350,"height":200,"srcset":"https:\/\/i0.wp.com\/revistagenesis.com\/wp-content\/uploads\/2025\/05\/IMG-20250528-WA0208.jpg?fit=1200%2C675&ssl=1&resize=350%2C200 1x, https:\/\/i0.wp.com\/revistagenesis.com\/wp-content\/uploads\/2025\/05\/IMG-20250528-WA0208.jpg?fit=1200%2C675&ssl=1&resize=525%2C300 1.5x, https:\/\/i0.wp.com\/revistagenesis.com\/wp-content\/uploads\/2025\/05\/IMG-20250528-WA0208.jpg?fit=1200%2C675&ssl=1&resize=700%2C400 2x, https:\/\/i0.wp.com\/revistagenesis.com\/wp-content\/uploads\/2025\/05\/IMG-20250528-WA0208.jpg?fit=1200%2C675&ssl=1&resize=1050%2C600 3x"},"classes":[]},{"id":8047,"url":"https:\/\/revistagenesis.com\/?p=8047","url_meta":{"origin":183180,"position":1},"title":"Gasparini: \u00abCastellani est\u00e1 muy mal asesorado\u00bb","author":"Nicolas Bagliere","date":"03\/02\/2017","format":false,"excerpt":"Dias atr\u00e1s, el \u00a0concejal Aurelio Castellani, del Frente Renovador, envi\u00f3 una correspondencia al Ingeniero Bernardino Capra, Jefe de Vialidad Provincial Zona VI. El motivo de la misma es para interiorizarse si existe un convenio entre Vialidad provincial y el municipio, para que este ultimo pueda disponer de este material que\u2026","rel":"","context":"En \u00abInter\u00e9s General\u00bb","block_context":{"text":"Inter\u00e9s General","link":"https:\/\/revistagenesis.com\/?cat=1"},"img":{"alt_text":"","src":"https:\/\/i0.wp.com\/revistagenesis.com\/wp-content\/uploads\/2017\/02\/wp-1486155008463.jpg?fit=1200%2C900&ssl=1&resize=350%2C200","width":350,"height":200,"srcset":"https:\/\/i0.wp.com\/revistagenesis.com\/wp-content\/uploads\/2017\/02\/wp-1486155008463.jpg?fit=1200%2C900&ssl=1&resize=350%2C200 1x, https:\/\/i0.wp.com\/revistagenesis.com\/wp-content\/uploads\/2017\/02\/wp-1486155008463.jpg?fit=1200%2C900&ssl=1&resize=525%2C300 1.5x, https:\/\/i0.wp.com\/revistagenesis.com\/wp-content\/uploads\/2017\/02\/wp-1486155008463.jpg?fit=1200%2C900&ssl=1&resize=700%2C400 2x, https:\/\/i0.wp.com\/revistagenesis.com\/wp-content\/uploads\/2017\/02\/wp-1486155008463.jpg?fit=1200%2C900&ssl=1&resize=1050%2C600 3x"},"classes":[]},{"id":7997,"url":"https:\/\/revistagenesis.com\/?p=7997","url_meta":{"origin":183180,"position":2},"title":"Esperan conocer a donde va el RAP de la ruta 30","author":"Nicolas Bagliere","date":"03\/02\/2017","format":false,"excerpt":"Dias atr\u00e1s, el \u00a0concejal Aurelio Castellani, del Frente Renovador, envi\u00f3 una correspondencia al Ingeniero Bernardino Capra, Jefe de Vialidad Provincial Zona VI. El motivo de la misma es para interiorizarse si existe un convenio entre Vialidad provincial y el municipio, para que este ultimo pueda disponer de este material que\u2026","rel":"","context":"En \u00abInter\u00e9s General\u00bb","block_context":{"text":"Inter\u00e9s General","link":"https:\/\/revistagenesis.com\/?cat=1"},"img":{"alt_text":"","src":"https:\/\/i0.wp.com\/revistagenesis.com\/wp-content\/uploads\/2017\/02\/DSC_1354.jpg?fit=1200%2C800&ssl=1&resize=350%2C200","width":350,"height":200,"srcset":"https:\/\/i0.wp.com\/revistagenesis.com\/wp-content\/uploads\/2017\/02\/DSC_1354.jpg?fit=1200%2C800&ssl=1&resize=350%2C200 1x, https:\/\/i0.wp.com\/revistagenesis.com\/wp-content\/uploads\/2017\/02\/DSC_1354.jpg?fit=1200%2C800&ssl=1&resize=525%2C300 1.5x, https:\/\/i0.wp.com\/revistagenesis.com\/wp-content\/uploads\/2017\/02\/DSC_1354.jpg?fit=1200%2C800&ssl=1&resize=700%2C400 2x, https:\/\/i0.wp.com\/revistagenesis.com\/wp-content\/uploads\/2017\/02\/DSC_1354.jpg?fit=1200%2C800&ssl=1&resize=1050%2C600 3x"},"classes":[]},{"id":6254,"url":"https:\/\/revistagenesis.com\/?p=6254","url_meta":{"origin":183180,"position":3},"title":"Comenz\u00f3 la audiencia p\u00fablica por las obras del R\u00edo Salado","author":"Nicolas Bagliere","date":"23\/09\/2016","format":false,"excerpt":"\u00a0 Gasparini recibi\u00f3 a ministros y funcionarios bonaerenses y nacionales, por la Audiencia P\u00fablica por obras en el R\u00edo Salado. El Intendente municipal de Roque P\u00e9rez Juan Carlos Gasparini,recibi\u00f3 este viernes 23 de septiembre en horas de la ma\u00f1ana, al Ministro de Agroindustria de la provincia de Buenos Aires, Ing.\u2026","rel":"","context":"En \u00abInter\u00e9s General\u00bb","block_context":{"text":"Inter\u00e9s General","link":"https:\/\/revistagenesis.com\/?cat=1"},"img":{"alt_text":"","src":"https:\/\/i0.wp.com\/revistagenesis.com\/wp-content\/uploads\/2016\/09\/wp-1474645976712.jpg?fit=1200%2C800&ssl=1&resize=350%2C200","width":350,"height":200,"srcset":"https:\/\/i0.wp.com\/revistagenesis.com\/wp-content\/uploads\/2016\/09\/wp-1474645976712.jpg?fit=1200%2C800&ssl=1&resize=350%2C200 1x, https:\/\/i0.wp.com\/revistagenesis.com\/wp-content\/uploads\/2016\/09\/wp-1474645976712.jpg?fit=1200%2C800&ssl=1&resize=525%2C300 1.5x, https:\/\/i0.wp.com\/revistagenesis.com\/wp-content\/uploads\/2016\/09\/wp-1474645976712.jpg?fit=1200%2C800&ssl=1&resize=700%2C400 2x, https:\/\/i0.wp.com\/revistagenesis.com\/wp-content\/uploads\/2016\/09\/wp-1474645976712.jpg?fit=1200%2C800&ssl=1&resize=1050%2C600 3x"},"classes":[]},{"id":10029,"url":"https:\/\/revistagenesis.com\/?p=10029","url_meta":{"origin":183180,"position":4},"title":"Viva la patria!","author":"Nicolas Bagliere","date":"25\/05\/2017","format":false,"excerpt":"El \u00a0acto oficial en conmemoraci\u00f3n de la Revoluci\u00f3n de Mayo tuvo lugar en la Plaza Mitre, con distintas actividades alusivas a la fecha. El acto fue encabezado por el intendente Juan Carlos Gasparini, el secretario de gobierno Jose Luis Horna, concejales, jefes de las distintas \u00e1reas del departamento ejecutivo, la\u2026","rel":"","context":"En \u00abInter\u00e9s General\u00bb","block_context":{"text":"Inter\u00e9s General","link":"https:\/\/revistagenesis.com\/?cat=1"},"img":{"alt_text":"","src":"https:\/\/i0.wp.com\/revistagenesis.com\/wp-content\/uploads\/2017\/05\/libertad.jpg?fit=1200%2C701&ssl=1&resize=350%2C200","width":350,"height":200,"srcset":"https:\/\/i0.wp.com\/revistagenesis.com\/wp-content\/uploads\/2017\/05\/libertad.jpg?fit=1200%2C701&ssl=1&resize=350%2C200 1x, https:\/\/i0.wp.com\/revistagenesis.com\/wp-content\/uploads\/2017\/05\/libertad.jpg?fit=1200%2C701&ssl=1&resize=525%2C300 1.5x, https:\/\/i0.wp.com\/revistagenesis.com\/wp-content\/uploads\/2017\/05\/libertad.jpg?fit=1200%2C701&ssl=1&resize=700%2C400 2x, https:\/\/i0.wp.com\/revistagenesis.com\/wp-content\/uploads\/2017\/05\/libertad.jpg?fit=1200%2C701&ssl=1&resize=1050%2C600 3x"},"classes":[]},{"id":12386,"url":"https:\/\/revistagenesis.com\/?p=12386","url_meta":{"origin":183180,"position":5},"title":"\u00ab1 Pa\u00eds no est\u00e1 a disposici\u00f3n de ning\u00fan partido pol\u00edtico\u00bb","author":"Nicolas Bagliere","date":"28\/10\/2017","format":false,"excerpt":"Luego de las elecciones legislativas 2017, Maximilaino Sciaini, referente de 1 Pa\u00eds, expres\u00f3 su mirada acerca de los comicios del ultimo 22 de Octubre. \"La verdad que estoy\u00a0 contento de poder ocupar una banca en el concejo, por eso agradeci\u00f3 a los vecinos que confiaron en el grupo y aclar\u00f3\u2026","rel":"","context":"En \u00abInter\u00e9s General\u00bb","block_context":{"text":"Inter\u00e9s General","link":"https:\/\/revistagenesis.com\/?cat=1"},"img":{"alt_text":"","src":"https:\/\/i0.wp.com\/revistagenesis.com\/wp-content\/uploads\/2017\/10\/fb_img_1509285213453-1630243120.jpg?fit=720%2C720&ssl=1&resize=350%2C200","width":350,"height":200,"srcset":"https:\/\/i0.wp.com\/revistagenesis.com\/wp-content\/uploads\/2017\/10\/fb_img_1509285213453-1630243120.jpg?fit=720%2C720&ssl=1&resize=350%2C200 1x, https:\/\/i0.wp.com\/revistagenesis.com\/wp-content\/uploads\/2017\/10\/fb_img_1509285213453-1630243120.jpg?fit=720%2C720&ssl=1&resize=525%2C300 1.5x, https:\/\/i0.wp.com\/revistagenesis.com\/wp-content\/uploads\/2017\/10\/fb_img_1509285213453-1630243120.jpg?fit=720%2C720&ssl=1&resize=700%2C400 2x"},"classes":[]}],"jetpack_sharing_enabled":true,"_links":{"self":[{"href":"https:\/\/revistagenesis.com\/index.php?rest_route=\/wp\/v2\/posts\/183180","targetHints":{"allow":["GET"]}}],"collection":[{"href":"https:\/\/revistagenesis.com\/index.php?rest_route=\/wp\/v2\/posts"}],"about":[{"href":"https:\/\/revistagenesis.com\/index.php?rest_route=\/wp\/v2\/types\/post"}],"author":[{"embeddable":true,"href":"https:\/\/revistagenesis.com\/index.php?rest_route=\/wp\/v2\/users\/2"}],"replies":[{"embeddable":true,"href":"https:\/\/revistagenesis.com\/index.php?rest_route=%2Fwp%2Fv2%2Fcomments&post=183180"}],"version-history":[{"count":4,"href":"https:\/\/revistagenesis.com\/index.php?rest_route=\/wp\/v2\/posts\/183180\/revisions"}],"predecessor-version":[{"id":183187,"href":"https:\/\/revistagenesis.com\/index.php?rest_route=\/wp\/v2\/posts\/183180\/revisions\/183187"}],"wp:featuredmedia":[{"embeddable":true,"href":"https:\/\/revistagenesis.com\/index.php?rest_route=\/wp\/v2\/media\/183184"}],"wp:attachment":[{"href":"https:\/\/revistagenesis.com\/index.php?rest_route=%2Fwp%2Fv2%2Fmedia&parent=183180"}],"wp:term":[{"taxonomy":"category","embeddable":true,"href":"https:\/\/revistagenesis.com\/index.php?rest_route=%2Fwp%2Fv2%2Fcategories&post=183180"},{"taxonomy":"post_tag","embeddable":true,"href":"https:\/\/revistagenesis.com\/index.php?rest_route=%2Fwp%2Fv2%2Ftags&post=183180"}],"curies":[{"name":"wp","href":"https:\/\/api.w.org\/{rel}","templated":true}]}}