{"id":183168,"date":"2024-05-14T19:45:03","date_gmt":"2024-05-14T22:45:03","guid":{"rendered":"https:\/\/revistagenesis.com\/?p=183168"},"modified":"2024-05-14T19:48:07","modified_gmt":"2024-05-14T22:48:07","slug":"recuperan-gran-cantidad-de-herramientas-robadas-una-persona-aprehendida","status":"publish","type":"post","link":"https:\/\/revistagenesis.com\/?p=183168","title":{"rendered":"RECUPERAN GRAN CANTIDAD DE HERRAMIENTAS ROBADAS.UNA PERSONA APREHENDIDA."},"content":{"rendered":"\n<p>Este Martes, a ra\u00edz de tareas de investigaci\u00f3n,\u00a0 an\u00e1lisis de c\u00e1maras de seguridad del Centro de Monitoreo y privadas, testimonios recolectados, personal policial en forma conjunta con Comando de Patrulla Rural de R. P\u00e9rez, procedi\u00f3 a realizar diligencia ordenada por Juzgado de Garant\u00edas N\u00b01 Depto Judicial La\u00a0 Plata en domicilio sito en Ruta Nac 205 Km 134,5\u00a0 d\u00f3nde se procede al secuestro de totalidad herramientas y elementos sustra\u00eddos d\u00edas atr\u00e1s que fueron denunciados en varios hechos.<\/p>\n\n\n\n<figure class=\"wp-block-image size-large\"><img data-recalc-dims=\"1\" fetchpriority=\"high\" decoding=\"async\" width=\"1024\" height=\"1024\" src=\"https:\/\/i0.wp.com\/revistagenesis.com\/wp-content\/uploads\/2024\/05\/img-20240514-wa02074347668597265035743.jpg?resize=1024%2C1024&#038;ssl=1\" alt=\"\" class=\"wp-image-183162\" srcset=\"https:\/\/i0.wp.com\/revistagenesis.com\/wp-content\/uploads\/2024\/05\/img-20240514-wa02074347668597265035743.jpg?resize=1024%2C1024&amp;ssl=1 1024w, https:\/\/i0.wp.com\/revistagenesis.com\/wp-content\/uploads\/2024\/05\/img-20240514-wa02074347668597265035743.jpg?resize=300%2C300&amp;ssl=1 300w, https:\/\/i0.wp.com\/revistagenesis.com\/wp-content\/uploads\/2024\/05\/img-20240514-wa02074347668597265035743.jpg?resize=150%2C150&amp;ssl=1 150w, https:\/\/i0.wp.com\/revistagenesis.com\/wp-content\/uploads\/2024\/05\/img-20240514-wa02074347668597265035743.jpg?resize=768%2C768&amp;ssl=1 768w, https:\/\/i0.wp.com\/revistagenesis.com\/wp-content\/uploads\/2024\/05\/img-20240514-wa02074347668597265035743.jpg?w=1440&amp;ssl=1 1440w\" sizes=\"(max-width: 1024px) 100vw, 1024px\" \/><\/figure>\n\n\n\n<figure class=\"wp-block-image\"><img data-recalc-dims=\"1\" decoding=\"async\" width=\"1024\" height=\"768\" src=\"https:\/\/i0.wp.com\/revistagenesis.com\/wp-content\/uploads\/2024\/05\/img-20240514-wa02049171032973069249985.jpg?resize=1024%2C768&#038;ssl=1\" alt=\"\" class=\"wp-image-183163\" srcset=\"https:\/\/i0.wp.com\/revistagenesis.com\/wp-content\/uploads\/2024\/05\/img-20240514-wa02049171032973069249985.jpg?resize=1024%2C768&amp;ssl=1 1024w, https:\/\/i0.wp.com\/revistagenesis.com\/wp-content\/uploads\/2024\/05\/img-20240514-wa02049171032973069249985.jpg?resize=300%2C225&amp;ssl=1 300w, https:\/\/i0.wp.com\/revistagenesis.com\/wp-content\/uploads\/2024\/05\/img-20240514-wa02049171032973069249985.jpg?resize=768%2C576&amp;ssl=1 768w, https:\/\/i0.wp.com\/revistagenesis.com\/wp-content\/uploads\/2024\/05\/img-20240514-wa02049171032973069249985.jpg?w=1280&amp;ssl=1 1280w\" sizes=\"(max-width: 1024px) 100vw, 1024px\" \/><\/figure>\n\n\n\n<figure class=\"wp-block-image\"><img data-recalc-dims=\"1\" decoding=\"async\" width=\"768\" height=\"1024\" src=\"https:\/\/i0.wp.com\/revistagenesis.com\/wp-content\/uploads\/2024\/05\/img-20240514-wa02067691116075133493326.jpg?resize=768%2C1024&#038;ssl=1\" alt=\"\" class=\"wp-image-183164\" srcset=\"https:\/\/i0.wp.com\/revistagenesis.com\/wp-content\/uploads\/2024\/05\/img-20240514-wa02067691116075133493326.jpg?resize=768%2C1024&amp;ssl=1 768w, https:\/\/i0.wp.com\/revistagenesis.com\/wp-content\/uploads\/2024\/05\/img-20240514-wa02067691116075133493326.jpg?resize=225%2C300&amp;ssl=1 225w, https:\/\/i0.wp.com\/revistagenesis.com\/wp-content\/uploads\/2024\/05\/img-20240514-wa02067691116075133493326.jpg?w=966&amp;ssl=1 966w\" sizes=\"(max-width: 768px) 100vw, 768px\" \/><\/figure>\n\n\n\n<figure class=\"wp-block-image\"><img data-recalc-dims=\"1\" loading=\"lazy\" decoding=\"async\" width=\"300\" height=\"270\" src=\"https:\/\/i0.wp.com\/revistagenesis.com\/wp-content\/uploads\/2024\/05\/img-20240514-wa0203902023053041520852.jpg?resize=300%2C270&#038;ssl=1\" alt=\"\" class=\"wp-image-183161\" srcset=\"https:\/\/i0.wp.com\/revistagenesis.com\/wp-content\/uploads\/2024\/05\/img-20240514-wa0203902023053041520852.jpg?resize=300%2C270&amp;ssl=1 300w, https:\/\/i0.wp.com\/revistagenesis.com\/wp-content\/uploads\/2024\/05\/img-20240514-wa0203902023053041520852.jpg?w=697&amp;ssl=1 697w\" sizes=\"(max-width: 300px) 100vw, 300px\" \/><\/figure>\n\n\n\n<figure class=\"wp-block-image\"><img data-recalc-dims=\"1\" loading=\"lazy\" decoding=\"async\" width=\"768\" height=\"1024\" src=\"https:\/\/i0.wp.com\/revistagenesis.com\/wp-content\/uploads\/2024\/05\/img-20240514-wa02051744189855360306481.jpg?resize=768%2C1024&#038;ssl=1\" alt=\"\" class=\"wp-image-183165\" srcset=\"https:\/\/i0.wp.com\/revistagenesis.com\/wp-content\/uploads\/2024\/05\/img-20240514-wa02051744189855360306481.jpg?resize=768%2C1024&amp;ssl=1 768w, https:\/\/i0.wp.com\/revistagenesis.com\/wp-content\/uploads\/2024\/05\/img-20240514-wa02051744189855360306481.jpg?resize=225%2C300&amp;ssl=1 225w, https:\/\/i0.wp.com\/revistagenesis.com\/wp-content\/uploads\/2024\/05\/img-20240514-wa02051744189855360306481.jpg?resize=1152%2C1536&amp;ssl=1 1152w, https:\/\/i0.wp.com\/revistagenesis.com\/wp-content\/uploads\/2024\/05\/img-20240514-wa02051744189855360306481.jpg?w=1200&amp;ssl=1 1200w\" sizes=\"(max-width: 768px) 100vw, 768px\" \/><\/figure>\n\n\n\n<p><br \/>El inquilino del lugar, empleado de las personas que hace tiempo est\u00e1n al frente de la finca, quedo aprehendido dentro de la causa de Robo en la zona rural, que instruye la Ayudantia Fiscal de Roque P\u00e9rez.<\/p>\n\n\n\n<p>La concreci\u00f3n de la orden de registro fue posible al aporte de declaraciones de testigos y el relevamientos de c\u00e1maras de seguridad municipales y privadas.<br \/>Durante el procedimiento se hizo presente el empleador de la persona que result\u00f3 aprehendida y reconoci\u00f3&nbsp; varios elementos que le fueron sustra\u00eddos el a\u00f1o pasado y que a\u00fan no se sab\u00eda nada al respecto, las mismas habian sido pintadas de otro color.<\/p>\n\n\n\n<p>Al momento no se brindaron mayores datos del aprehendido.<\/p>\n\n\n\n<p>#Robo #Hurto #Zona Rural#Allanamiento<\/p>\n","protected":false},"excerpt":{"rendered":"<p>Este Martes, a ra\u00edz de tareas de investigaci\u00f3n,\u00a0 an\u00e1lisis de c\u00e1maras de seguridad del Centro de Monitoreo y privadas, testimonios recolectados, personal policial en forma conjunta con Comando de Patrulla Rural de R. P\u00e9rez, procedi\u00f3 a realizar diligencia ordenada por Juzgado de Garant\u00edas N\u00b01 Depto Judicial La\u00a0 Plata en domicilio sito en Ruta Nac 205 &#8230; <a title=\"RECUPERAN GRAN CANTIDAD DE HERRAMIENTAS ROBADAS.UNA PERSONA APREHENDIDA.\" class=\"read-more\" href=\"https:\/\/revistagenesis.com\/?p=183168\">Leer mas<\/a><\/p>\n","protected":false},"author":2,"featured_media":183170,"comment_status":"closed","ping_status":"open","sticky":false,"template":"","format":"standard","meta":{"jetpack_post_was_ever_published":false,"_jetpack_newsletter_access":"","_jetpack_dont_email_post_to_subs":false,"_jetpack_newsletter_tier_id":0,"_jetpack_memberships_contains_paywalled_content":false,"_jetpack_memberships_contains_paid_content":false,"footnotes":""},"categories":[1],"tags":[],"class_list":["post-183168","post","type-post","status-publish","format-standard","has-post-thumbnail","hentry","category-interes-general"],"jetpack_featured_media_url":"https:\/\/i0.wp.com\/revistagenesis.com\/wp-content\/uploads\/2024\/05\/IMG-20240514-WA0207-2.jpg?fit=1440%2C1440&ssl=1","jetpack_likes_enabled":true,"jetpack-related-posts":[{"id":10422,"url":"https:\/\/revistagenesis.com\/?p=10422","url_meta":{"origin":183168,"position":0},"title":"Roban una bicicleta y herramientas","author":"Nicolas Bagliere","date":"08\/06\/2017","format":false,"excerpt":"En la madrugada del jueves, actores desconocidos se llevaron una bicicleta todo terreno color negro de la galeria ubicada en calle Berro 142. El rodado se encontraba con candado y sus gomas desinfladas, por lo que se presume que se fueron caminando con la bicicleta. Vale recordar, que el dia\u2026","rel":"","context":"En \u00abInter\u00e9s General\u00bb","block_context":{"text":"Inter\u00e9s General","link":"https:\/\/revistagenesis.com\/?cat=1"},"img":{"alt_text":"","src":"https:\/\/i0.wp.com\/revistagenesis.com\/wp-content\/uploads\/2017\/06\/FB_IMG_1496935554146.jpg?fit=720%2C713&ssl=1&resize=350%2C200","width":350,"height":200,"srcset":"https:\/\/i0.wp.com\/revistagenesis.com\/wp-content\/uploads\/2017\/06\/FB_IMG_1496935554146.jpg?fit=720%2C713&ssl=1&resize=350%2C200 1x, https:\/\/i0.wp.com\/revistagenesis.com\/wp-content\/uploads\/2017\/06\/FB_IMG_1496935554146.jpg?fit=720%2C713&ssl=1&resize=525%2C300 1.5x, https:\/\/i0.wp.com\/revistagenesis.com\/wp-content\/uploads\/2017\/06\/FB_IMG_1496935554146.jpg?fit=720%2C713&ssl=1&resize=700%2C400 2x"},"classes":[]},{"id":11065,"url":"https:\/\/revistagenesis.com\/?p=11065","url_meta":{"origin":183168,"position":1},"title":"\u00a1M\u00e1s cursos virtuales y con puntaje!","author":"Nicolas Bagliere","date":"14\/07\/2017","format":false,"excerpt":"\u00a0 Este viernes a las 18 hs. comienza la inscripci\u00f3n. Tem\u00e1ticas sobre g\u00e9nero y v\u00ednculo sexo-afectivo entre adolescentes no puede estar ausentes hoy en la agenda de la formaci\u00f3n docente. Desde la Direcci\u00f3n General de Cultura y Educaci\u00f3n de la Provincia de Buenos Aires, a trav\u00e9s de la Direcci\u00f3n de\u2026","rel":"","context":"En \u00abInter\u00e9s General\u00bb","block_context":{"text":"Inter\u00e9s General","link":"https:\/\/revistagenesis.com\/?cat=1"},"img":{"alt_text":"","src":"https:\/\/i0.wp.com\/revistagenesis.com\/wp-content\/uploads\/2017\/07\/capacitacion-docente.jpg?fit=815%2C465&ssl=1&resize=350%2C200","width":350,"height":200,"srcset":"https:\/\/i0.wp.com\/revistagenesis.com\/wp-content\/uploads\/2017\/07\/capacitacion-docente.jpg?fit=815%2C465&ssl=1&resize=350%2C200 1x, https:\/\/i0.wp.com\/revistagenesis.com\/wp-content\/uploads\/2017\/07\/capacitacion-docente.jpg?fit=815%2C465&ssl=1&resize=525%2C300 1.5x, https:\/\/i0.wp.com\/revistagenesis.com\/wp-content\/uploads\/2017\/07\/capacitacion-docente.jpg?fit=815%2C465&ssl=1&resize=700%2C400 2x"},"classes":[]},{"id":1410,"url":"https:\/\/revistagenesis.com\/?p=1410","url_meta":{"origin":183168,"position":2},"title":"Sum\u00e1te a los talleres culturales","author":"Nicolas Bagliere","date":"28\/04\/2015","format":false,"excerpt":"Los talleres culturales fueron creados con el objetivo de impulsar la relaci\u00f3n activa entre los vecinos de la ciudad y la Cultura.La mayor\u00eda son gratuitos. Estas propuestas surgen como distintas alternativas culturales, desde la Direcci\u00f3n de Cultura de Roque P\u00e9rez, para la formaci\u00f3n de grandes y chicos. La capacitaci\u00f3n art\u00edstica\u2026","rel":"","context":"En \u00abInter\u00e9s General\u00bb","block_context":{"text":"Inter\u00e9s General","link":"https:\/\/revistagenesis.com\/?cat=1"},"img":{"alt_text":"","src":"https:\/\/i0.wp.com\/revistagenesis.com\/wp-content\/uploads\/2015\/04\/nicolasssssssssss.jpg?fit=1200%2C869&ssl=1&resize=350%2C200","width":350,"height":200,"srcset":"https:\/\/i0.wp.com\/revistagenesis.com\/wp-content\/uploads\/2015\/04\/nicolasssssssssss.jpg?fit=1200%2C869&ssl=1&resize=350%2C200 1x, https:\/\/i0.wp.com\/revistagenesis.com\/wp-content\/uploads\/2015\/04\/nicolasssssssssss.jpg?fit=1200%2C869&ssl=1&resize=525%2C300 1.5x, https:\/\/i0.wp.com\/revistagenesis.com\/wp-content\/uploads\/2015\/04\/nicolasssssssssss.jpg?fit=1200%2C869&ssl=1&resize=700%2C400 2x, https:\/\/i0.wp.com\/revistagenesis.com\/wp-content\/uploads\/2015\/04\/nicolasssssssssss.jpg?fit=1200%2C869&ssl=1&resize=1050%2C600 3x"},"classes":[]},{"id":811,"url":"https:\/\/revistagenesis.com\/?p=811","url_meta":{"origin":183168,"position":3},"title":"Los docentes de la FEB vuelven a las aulas","author":"Nicolas Bagliere","date":"07\/03\/2015","format":false,"excerpt":"Lo decidieron por votaci\u00f3n en el Congreso Extraordinario realizado esta ma\u00f1ana. \"El reclamo continuar\u00e1 con modalidades diferentes al paro\", indic\u00f3 Mirta Petrocini.\u00a0La idea seria avanzar con los reclamos por otras v\u00edas, entre ellas movilizaciones y \u201cdiferentes manifestaciones\u201d. \u00a0Los docentes de la Federaci\u00f3n de Educadores Bonaerenses (FEB) resolvieron\u00a0por votaci\u00f3n mayoritaria en\u2026","rel":"","context":"En \u00abInter\u00e9s General\u00bb","block_context":{"text":"Inter\u00e9s General","link":"https:\/\/revistagenesis.com\/?cat=1"},"img":{"alt_text":"","src":"https:\/\/i0.wp.com\/revistagenesis.com\/wp-content\/uploads\/2015\/03\/DSC_0133.jpg?fit=1200%2C806&ssl=1&resize=350%2C200","width":350,"height":200,"srcset":"https:\/\/i0.wp.com\/revistagenesis.com\/wp-content\/uploads\/2015\/03\/DSC_0133.jpg?fit=1200%2C806&ssl=1&resize=350%2C200 1x, https:\/\/i0.wp.com\/revistagenesis.com\/wp-content\/uploads\/2015\/03\/DSC_0133.jpg?fit=1200%2C806&ssl=1&resize=525%2C300 1.5x, https:\/\/i0.wp.com\/revistagenesis.com\/wp-content\/uploads\/2015\/03\/DSC_0133.jpg?fit=1200%2C806&ssl=1&resize=700%2C400 2x, https:\/\/i0.wp.com\/revistagenesis.com\/wp-content\/uploads\/2015\/03\/DSC_0133.jpg?fit=1200%2C806&ssl=1&resize=1050%2C600 3x"},"classes":[]},{"id":9289,"url":"https:\/\/revistagenesis.com\/?p=9289","url_meta":{"origin":183168,"position":4},"title":"En favor de una mejor educaci\u00f3n","author":"Nicolas Bagliere","date":"12\/04\/2017","format":false,"excerpt":"El mercoles por la ma\u00f1ana, en el SUM del Nac, el intendente Gasparini, \u00a0 la Secretaria de Coordinaci\u00f3n y Gesti\u00f3n municipal profesora Graciana Uruslepo y junto al presidente del Consejo Escolar Fernando Dur\u00e9, \u00a0recibieron la visita de \u00a0referentes de educaci\u00f3n de Lobos, Saladillo y Las Flores, \u00a0donde se establecieron varias\u2026","rel":"","context":"En \u00abInter\u00e9s General\u00bb","block_context":{"text":"Inter\u00e9s General","link":"https:\/\/revistagenesis.com\/?cat=1"},"img":{"alt_text":"","src":"https:\/\/i0.wp.com\/revistagenesis.com\/wp-content\/uploads\/2017\/04\/DSC_3788.jpg?fit=1200%2C800&ssl=1&resize=350%2C200","width":350,"height":200,"srcset":"https:\/\/i0.wp.com\/revistagenesis.com\/wp-content\/uploads\/2017\/04\/DSC_3788.jpg?fit=1200%2C800&ssl=1&resize=350%2C200 1x, https:\/\/i0.wp.com\/revistagenesis.com\/wp-content\/uploads\/2017\/04\/DSC_3788.jpg?fit=1200%2C800&ssl=1&resize=525%2C300 1.5x, https:\/\/i0.wp.com\/revistagenesis.com\/wp-content\/uploads\/2017\/04\/DSC_3788.jpg?fit=1200%2C800&ssl=1&resize=700%2C400 2x, https:\/\/i0.wp.com\/revistagenesis.com\/wp-content\/uploads\/2017\/04\/DSC_3788.jpg?fit=1200%2C800&ssl=1&resize=1050%2C600 3x"},"classes":[]},{"id":4144,"url":"https:\/\/revistagenesis.com\/?p=4144","url_meta":{"origin":183168,"position":5},"title":"Volvieron los talleres culturales&#8230;\u00bfVolviste?","author":"Nicolas Bagliere","date":"22\/03\/2016","format":false,"excerpt":"La Direcci\u00f3n de Cultura, a cargo de Javier Milanessi, informa que ya se encuentra abierta la inscripci\u00f3n para los talleres del \u00e1rea, los mismos ser\u00e1n trimestrales y se renovar\u00e1n o rotar\u00e1n de acuerdo al inter\u00e9s de los asistentes. Horarios de inscripci\u00f3n: lunes a viernes de 8.30 a 13.30 hs y\u2026","rel":"","context":"En \u00abInter\u00e9s General\u00bb","block_context":{"text":"Inter\u00e9s General","link":"https:\/\/revistagenesis.com\/?cat=1"},"img":{"alt_text":"","src":"https:\/\/i0.wp.com\/revistagenesis.com\/wp-content\/uploads\/2016\/03\/agenda-cultural.jpg?fit=800%2C475&ssl=1&resize=350%2C200","width":350,"height":200,"srcset":"https:\/\/i0.wp.com\/revistagenesis.com\/wp-content\/uploads\/2016\/03\/agenda-cultural.jpg?fit=800%2C475&ssl=1&resize=350%2C200 1x, https:\/\/i0.wp.com\/revistagenesis.com\/wp-content\/uploads\/2016\/03\/agenda-cultural.jpg?fit=800%2C475&ssl=1&resize=525%2C300 1.5x, https:\/\/i0.wp.com\/revistagenesis.com\/wp-content\/uploads\/2016\/03\/agenda-cultural.jpg?fit=800%2C475&ssl=1&resize=700%2C400 2x"},"classes":[]}],"jetpack_sharing_enabled":true,"_links":{"self":[{"href":"https:\/\/revistagenesis.com\/index.php?rest_route=\/wp\/v2\/posts\/183168","targetHints":{"allow":["GET"]}}],"collection":[{"href":"https:\/\/revistagenesis.com\/index.php?rest_route=\/wp\/v2\/posts"}],"about":[{"href":"https:\/\/revistagenesis.com\/index.php?rest_route=\/wp\/v2\/types\/post"}],"author":[{"embeddable":true,"href":"https:\/\/revistagenesis.com\/index.php?rest_route=\/wp\/v2\/users\/2"}],"replies":[{"embeddable":true,"href":"https:\/\/revistagenesis.com\/index.php?rest_route=%2Fwp%2Fv2%2Fcomments&post=183168"}],"version-history":[{"count":1,"href":"https:\/\/revistagenesis.com\/index.php?rest_route=\/wp\/v2\/posts\/183168\/revisions"}],"predecessor-version":[{"id":183169,"href":"https:\/\/revistagenesis.com\/index.php?rest_route=\/wp\/v2\/posts\/183168\/revisions\/183169"}],"wp:featuredmedia":[{"embeddable":true,"href":"https:\/\/revistagenesis.com\/index.php?rest_route=\/wp\/v2\/media\/183170"}],"wp:attachment":[{"href":"https:\/\/revistagenesis.com\/index.php?rest_route=%2Fwp%2Fv2%2Fmedia&parent=183168"}],"wp:term":[{"taxonomy":"category","embeddable":true,"href":"https:\/\/revistagenesis.com\/index.php?rest_route=%2Fwp%2Fv2%2Fcategories&post=183168"},{"taxonomy":"post_tag","embeddable":true,"href":"https:\/\/revistagenesis.com\/index.php?rest_route=%2Fwp%2Fv2%2Ftags&post=183168"}],"curies":[{"name":"wp","href":"https:\/\/api.w.org\/{rel}","templated":true}]}}