{"id":183155,"date":"2024-05-06T14:04:10","date_gmt":"2024-05-06T17:04:10","guid":{"rendered":"https:\/\/revistagenesis.com\/?p=183155"},"modified":"2024-05-06T14:04:10","modified_gmt":"2024-05-06T17:04:10","slug":"el-hospital-unzue-de-25-de-mayo-ya-cuenta-con-un-mamografo","status":"publish","type":"post","link":"https:\/\/revistagenesis.com\/?p=183155","title":{"rendered":"EL HOSPITAL UNZUE DE 25 DE MAYO YA CUENTA CON UN MAMOGRAFO."},"content":{"rendered":"\n<p><br>El intendente de 25 de Mayo, Dr. Ramiro Eg\u00fcen, present\u00f3 esta ma\u00f1ana el nuevo mam\u00f3grafo que adquiri\u00f3 con recursos municipales. Lo acompa\u00f1aron en el acto los directores m\u00e9dico y administrativo del Ente Descentralizado \u201cSaturnino Unzu\u00e9\u201d, Eduardo Morit\u00e1n y Mauricio Garc\u00eda, respectivamente.<\/p>\n\n\n\n<figure class=\"wp-block-image size-large\"><img data-recalc-dims=\"1\" fetchpriority=\"high\" decoding=\"async\" width=\"1024\" height=\"683\" src=\"https:\/\/i0.wp.com\/revistagenesis.com\/wp-content\/uploads\/2024\/05\/img-20240506-wa00667966329859115032059.jpg?resize=1024%2C683&#038;ssl=1\" alt=\"\" class=\"wp-image-183152\" srcset=\"https:\/\/i0.wp.com\/revistagenesis.com\/wp-content\/uploads\/2024\/05\/img-20240506-wa00667966329859115032059.jpg?resize=1024%2C683&amp;ssl=1 1024w, https:\/\/i0.wp.com\/revistagenesis.com\/wp-content\/uploads\/2024\/05\/img-20240506-wa00667966329859115032059.jpg?resize=300%2C200&amp;ssl=1 300w, https:\/\/i0.wp.com\/revistagenesis.com\/wp-content\/uploads\/2024\/05\/img-20240506-wa00667966329859115032059.jpg?resize=768%2C512&amp;ssl=1 768w, https:\/\/i0.wp.com\/revistagenesis.com\/wp-content\/uploads\/2024\/05\/img-20240506-wa00667966329859115032059.jpg?w=1416&amp;ssl=1 1416w\" sizes=\"(max-width: 1024px) 100vw, 1024px\" \/><\/figure>\n\n\n\n<figure class=\"wp-block-image\"><img data-recalc-dims=\"1\" decoding=\"async\" width=\"1024\" height=\"682\" src=\"https:\/\/i0.wp.com\/revistagenesis.com\/wp-content\/uploads\/2024\/05\/img-20240506-wa00701221804816510631231.jpg?resize=1024%2C682&#038;ssl=1\" alt=\"\" class=\"wp-image-183153\" srcset=\"https:\/\/i0.wp.com\/revistagenesis.com\/wp-content\/uploads\/2024\/05\/img-20240506-wa00701221804816510631231.jpg?resize=1024%2C682&amp;ssl=1 1024w, https:\/\/i0.wp.com\/revistagenesis.com\/wp-content\/uploads\/2024\/05\/img-20240506-wa00701221804816510631231.jpg?resize=300%2C200&amp;ssl=1 300w, https:\/\/i0.wp.com\/revistagenesis.com\/wp-content\/uploads\/2024\/05\/img-20240506-wa00701221804816510631231.jpg?resize=768%2C512&amp;ssl=1 768w, https:\/\/i0.wp.com\/revistagenesis.com\/wp-content\/uploads\/2024\/05\/img-20240506-wa00701221804816510631231.jpg?w=1508&amp;ssl=1 1508w\" sizes=\"(max-width: 1024px) 100vw, 1024px\" \/><\/figure>\n\n\n\n<p><br>En la presentaci\u00f3n del mam\u00f3grafo el intendente manifest\u00f3 que \u201ctenemos una hermosa noticia para darles, estamos orgullosos de estar cumpliendo hoy un compromiso m\u00e1s de los que hemos asumido con la ciudadan\u00eda en la campa\u00f1a, que era jerarquizar la salud p\u00fablica en el distrito\u201d.<br>Eg\u00fcen resalt\u00f3 que \u201ces importante invertir en salud, ac\u00e1 est\u00e1 la apuesta de un gobierno que cree en la salud p\u00fablica, que cree en la necesidad que en el contexto que hoy nos toca gobernar es cada vez m\u00e1s importante la convicci\u00f3n de tener que solventar mes a mes a nuestros efectores p\u00fablicos de salud\u201d.<br>El mandatario agreg\u00f3 que \u201ctenemos el orgullo de poder presentarles el nuevo mam\u00f3grafo para toda la ciudadan\u00eda, es algo que me emociona mucho porque antes de ser gobierno hemos acompa\u00f1ado casos de mujeres que perd\u00edan la vida por no haber tenido una detecci\u00f3n a tiempo de un carcinoma, porque no se pudieron hacer los estudios preventivos correspondientes\u201d.<br>Para concluir con el anuncio, el intendente cont\u00f3 que \u201cestas son las verdaderas pol\u00edticas de inclusi\u00f3n y de g\u00e9nero, esto es para que todas las veinticinque\u00f1as puedan tener un acceso irrestricto y el derecho a hacerse una mamograf\u00eda. Tenemos 230 turnos ya otorgados que a partir de ma\u00f1ana comenzar\u00e1n a atenderse\u201d.<\/p>\n\n\n\n<figure class=\"wp-block-image\"><img data-recalc-dims=\"1\" decoding=\"async\" width=\"1024\" height=\"683\" src=\"https:\/\/i0.wp.com\/revistagenesis.com\/wp-content\/uploads\/2024\/05\/img-20240506-wa00691366178965203715562.jpg?resize=1024%2C683&#038;ssl=1\" alt=\"\" class=\"wp-image-183151\" srcset=\"https:\/\/i0.wp.com\/revistagenesis.com\/wp-content\/uploads\/2024\/05\/img-20240506-wa00691366178965203715562.jpg?resize=1024%2C683&amp;ssl=1 1024w, https:\/\/i0.wp.com\/revistagenesis.com\/wp-content\/uploads\/2024\/05\/img-20240506-wa00691366178965203715562.jpg?resize=300%2C200&amp;ssl=1 300w, https:\/\/i0.wp.com\/revistagenesis.com\/wp-content\/uploads\/2024\/05\/img-20240506-wa00691366178965203715562.jpg?resize=768%2C512&amp;ssl=1 768w, https:\/\/i0.wp.com\/revistagenesis.com\/wp-content\/uploads\/2024\/05\/img-20240506-wa00691366178965203715562.jpg?resize=1536%2C1024&amp;ssl=1 1536w, https:\/\/i0.wp.com\/revistagenesis.com\/wp-content\/uploads\/2024\/05\/img-20240506-wa00691366178965203715562.jpg?w=1599&amp;ssl=1 1599w\" sizes=\"(max-width: 1024px) 100vw, 1024px\" \/><\/figure>\n\n\n\n<figure class=\"wp-block-image\"><img data-recalc-dims=\"1\" loading=\"lazy\" decoding=\"async\" width=\"1024\" height=\"683\" src=\"https:\/\/i0.wp.com\/revistagenesis.com\/wp-content\/uploads\/2024\/05\/img-20240506-wa00682282604023962473672.jpg?resize=1024%2C683&#038;ssl=1\" alt=\"\" class=\"wp-image-183150\" srcset=\"https:\/\/i0.wp.com\/revistagenesis.com\/wp-content\/uploads\/2024\/05\/img-20240506-wa00682282604023962473672.jpg?resize=1024%2C683&amp;ssl=1 1024w, https:\/\/i0.wp.com\/revistagenesis.com\/wp-content\/uploads\/2024\/05\/img-20240506-wa00682282604023962473672.jpg?resize=300%2C200&amp;ssl=1 300w, https:\/\/i0.wp.com\/revistagenesis.com\/wp-content\/uploads\/2024\/05\/img-20240506-wa00682282604023962473672.jpg?resize=768%2C512&amp;ssl=1 768w, https:\/\/i0.wp.com\/revistagenesis.com\/wp-content\/uploads\/2024\/05\/img-20240506-wa00682282604023962473672.jpg?w=1462&amp;ssl=1 1462w\" sizes=\"(max-width: 1024px) 100vw, 1024px\" \/><\/figure>\n","protected":false},"excerpt":{"rendered":"<p>El intendente de 25 de Mayo, Dr. Ramiro Eg\u00fcen, present\u00f3 esta ma\u00f1ana el nuevo mam\u00f3grafo que adquiri\u00f3 con recursos municipales. Lo acompa\u00f1aron en el acto los directores m\u00e9dico y administrativo del Ente Descentralizado \u201cSaturnino Unzu\u00e9\u201d, Eduardo Morit\u00e1n y Mauricio Garc\u00eda, respectivamente. En la presentaci\u00f3n del mam\u00f3grafo el intendente manifest\u00f3 que \u201ctenemos una hermosa noticia para &#8230; <a title=\"EL HOSPITAL UNZUE DE 25 DE MAYO YA CUENTA CON UN MAMOGRAFO.\" class=\"read-more\" href=\"https:\/\/revistagenesis.com\/?p=183155\">Leer mas<\/a><\/p>\n","protected":false},"author":2,"featured_media":183154,"comment_status":"","ping_status":"open","sticky":false,"template":"","format":"standard","meta":{"jetpack_post_was_ever_published":false,"_jetpack_newsletter_access":"","_jetpack_dont_email_post_to_subs":false,"_jetpack_newsletter_tier_id":0,"_jetpack_memberships_contains_paywalled_content":false,"_jetpack_memberships_contains_paid_content":false,"footnotes":""},"categories":[1],"tags":[],"class_list":["post-183155","post","type-post","status-publish","format-standard","has-post-thumbnail","hentry","category-interes-general"],"jetpack_featured_media_url":"https:\/\/i0.wp.com\/revistagenesis.com\/wp-content\/uploads\/2024\/05\/IMG-20240506-WA0066.jpg?fit=1416%2C944&ssl=1","jetpack_likes_enabled":true,"jetpack-related-posts":[{"id":184025,"url":"https:\/\/revistagenesis.com\/?p=184025","url_meta":{"origin":183155,"position":0},"title":"MAS SALUD PARA 25 DE MAYO:  EL HOSPITAL UNZU\u00c9 INCORPORA TOM\u00d3GRAFO DE \u00daLTIMA TECNOLOG\u00cdA EN DIAGN\u00d3STICO POR IM\u00c1GENES","author":"Nicolas Bagliere","date":"03\/12\/2025","format":"image","excerpt":"La Municipalidad de 25 de Mayo informa que, por decisi\u00f3n del intendente Ramiro Eg\u00fcen, el Hospital Unzu\u00e9 avanza en una modernizaci\u00f3n hist\u00f3rica con la incorporaci\u00f3n de un nuevo tom\u00f3grafo helicoidal de dos cortes, marca General Electric (GE) CT Dual. El equipo, que llega mediante sistema de alquiler al igual que\u2026","rel":"","context":"En \u00abPol\u00edtica\u00bb","block_context":{"text":"Pol\u00edtica","link":"https:\/\/revistagenesis.com\/?cat=130"},"img":{"alt_text":"","src":"https:\/\/i0.wp.com\/revistagenesis.com\/wp-content\/uploads\/2025\/12\/IMG-20251203-WA0026.jpg?fit=1200%2C801&ssl=1&resize=350%2C200","width":350,"height":200,"srcset":"https:\/\/i0.wp.com\/revistagenesis.com\/wp-content\/uploads\/2025\/12\/IMG-20251203-WA0026.jpg?fit=1200%2C801&ssl=1&resize=350%2C200 1x, https:\/\/i0.wp.com\/revistagenesis.com\/wp-content\/uploads\/2025\/12\/IMG-20251203-WA0026.jpg?fit=1200%2C801&ssl=1&resize=525%2C300 1.5x, https:\/\/i0.wp.com\/revistagenesis.com\/wp-content\/uploads\/2025\/12\/IMG-20251203-WA0026.jpg?fit=1200%2C801&ssl=1&resize=700%2C400 2x, https:\/\/i0.wp.com\/revistagenesis.com\/wp-content\/uploads\/2025\/12\/IMG-20251203-WA0026.jpg?fit=1200%2C801&ssl=1&resize=1050%2C600 3x"},"classes":[]},{"id":183887,"url":"https:\/\/revistagenesis.com\/?p=183887","url_meta":{"origin":183155,"position":1},"title":"EG\u00dcEN IMPULSA LA CREACI\u00d3N DEL POLICL\u00cdNICO MUNICIPAL.","author":"Nicolas Bagliere","date":"09\/05\/2025","format":false,"excerpt":"En una decisi\u00f3n estrat\u00e9gica para mejorar el sistema de salud local, el intendente de 25 de Mayo, Ramiro Eg\u00fcen, present\u00f3 ante el Honorable Concejo Deliberante un proyecto para la creaci\u00f3n del Policl\u00ednico Municipal Anexo Hospital Saturnino E. Unzu\u00e9, que funcionar\u00e1 en el edificio ubicado en la esquina de calles 18\u2026","rel":"","context":"En \u00abInter\u00e9s General\u00bb","block_context":{"text":"Inter\u00e9s General","link":"https:\/\/revistagenesis.com\/?cat=1"},"img":{"alt_text":"","src":"https:\/\/i0.wp.com\/revistagenesis.com\/wp-content\/uploads\/2025\/05\/IMG-20250509-WA0118-1.jpg?fit=1200%2C802&ssl=1&resize=350%2C200","width":350,"height":200,"srcset":"https:\/\/i0.wp.com\/revistagenesis.com\/wp-content\/uploads\/2025\/05\/IMG-20250509-WA0118-1.jpg?fit=1200%2C802&ssl=1&resize=350%2C200 1x, https:\/\/i0.wp.com\/revistagenesis.com\/wp-content\/uploads\/2025\/05\/IMG-20250509-WA0118-1.jpg?fit=1200%2C802&ssl=1&resize=525%2C300 1.5x, https:\/\/i0.wp.com\/revistagenesis.com\/wp-content\/uploads\/2025\/05\/IMG-20250509-WA0118-1.jpg?fit=1200%2C802&ssl=1&resize=700%2C400 2x, https:\/\/i0.wp.com\/revistagenesis.com\/wp-content\/uploads\/2025\/05\/IMG-20250509-WA0118-1.jpg?fit=1200%2C802&ssl=1&resize=1050%2C600 3x"},"classes":[]},{"id":179201,"url":"https:\/\/revistagenesis.com\/?p=179201","url_meta":{"origin":183155,"position":2},"title":"CORONAVIRUS:PRIMER CASO EN 25 DE MAYO","author":"Nicolas Bagliere","date":"27\/05\/2020","format":"image","excerpt":"El Intendente Hern\u00e1n Ralinqueo junto al Director M\u00e9dico del Hospital Unzu\u00e9, Manuel Mart\u00ednez, y la Directora Asociada, In\u00e9s Mu\u00f1oz confirmaron hace instantes que dio positivo de Covid 19 el an\u00e1lisis a la profesional de la salud que reside en 25 de Mayo y ejerce en el Hospital Fern\u00e1ndez de Capital\u2026","rel":"","context":"En \u00abInter\u00e9s General\u00bb","block_context":{"text":"Inter\u00e9s General","link":"https:\/\/revistagenesis.com\/?cat=1"},"img":{"alt_text":"","src":"https:\/\/i0.wp.com\/revistagenesis.com\/wp-content\/uploads\/2020\/05\/IMG-20200527-WA0156.jpg?resize=350%2C200","width":350,"height":200},"classes":[]},{"id":183713,"url":"https:\/\/revistagenesis.com\/?p=183713","url_meta":{"origin":183155,"position":3},"title":"EG\u00dcEN IMPLEMENT\u00d3 EL \u201cSISTEMA DE HISTORIA CL\u00cdNICA ELECTR\u00d3NICA \u00daNICA\u201d","author":"Nicolas Bagliere","date":"16\/01\/2025","format":false,"excerpt":"El intendente Ramiro Eg\u00fcen reglament\u00f3 la implementaci\u00f3n en el distrito de 25 de Mayo, a partir del reciente 9 de enero, del \u201cSistema de Historia Cl\u00ednica Electr\u00f3nica Unica\u201d, desde el nacimiento hasta el fallecimiento de cada persona, dispuesto por la Ley N\u00ba14.494 y su decreto Reglamentario N\u00ba1600\/2024 adherido por la\u2026","rel":"","context":"En \u00abInter\u00e9s General\u00bb","block_context":{"text":"Inter\u00e9s General","link":"https:\/\/revistagenesis.com\/?cat=1"},"img":{"alt_text":"","src":"https:\/\/i0.wp.com\/revistagenesis.com\/wp-content\/uploads\/2025\/01\/IMG-20250113-WA0061.jpg?fit=1018%2C680&ssl=1&resize=350%2C200","width":350,"height":200,"srcset":"https:\/\/i0.wp.com\/revistagenesis.com\/wp-content\/uploads\/2025\/01\/IMG-20250113-WA0061.jpg?fit=1018%2C680&ssl=1&resize=350%2C200 1x, https:\/\/i0.wp.com\/revistagenesis.com\/wp-content\/uploads\/2025\/01\/IMG-20250113-WA0061.jpg?fit=1018%2C680&ssl=1&resize=525%2C300 1.5x, https:\/\/i0.wp.com\/revistagenesis.com\/wp-content\/uploads\/2025\/01\/IMG-20250113-WA0061.jpg?fit=1018%2C680&ssl=1&resize=700%2C400 2x"},"classes":[]},{"id":10029,"url":"https:\/\/revistagenesis.com\/?p=10029","url_meta":{"origin":183155,"position":4},"title":"Viva la patria!","author":"Nicolas Bagliere","date":"25\/05\/2017","format":false,"excerpt":"El \u00a0acto oficial en conmemoraci\u00f3n de la Revoluci\u00f3n de Mayo tuvo lugar en la Plaza Mitre, con distintas actividades alusivas a la fecha. El acto fue encabezado por el intendente Juan Carlos Gasparini, el secretario de gobierno Jose Luis Horna, concejales, jefes de las distintas \u00e1reas del departamento ejecutivo, la\u2026","rel":"","context":"En \u00abInter\u00e9s General\u00bb","block_context":{"text":"Inter\u00e9s General","link":"https:\/\/revistagenesis.com\/?cat=1"},"img":{"alt_text":"","src":"https:\/\/i0.wp.com\/revistagenesis.com\/wp-content\/uploads\/2017\/05\/libertad.jpg?fit=1200%2C701&ssl=1&resize=350%2C200","width":350,"height":200,"srcset":"https:\/\/i0.wp.com\/revistagenesis.com\/wp-content\/uploads\/2017\/05\/libertad.jpg?fit=1200%2C701&ssl=1&resize=350%2C200 1x, https:\/\/i0.wp.com\/revistagenesis.com\/wp-content\/uploads\/2017\/05\/libertad.jpg?fit=1200%2C701&ssl=1&resize=525%2C300 1.5x, https:\/\/i0.wp.com\/revistagenesis.com\/wp-content\/uploads\/2017\/05\/libertad.jpg?fit=1200%2C701&ssl=1&resize=700%2C400 2x, https:\/\/i0.wp.com\/revistagenesis.com\/wp-content\/uploads\/2017\/05\/libertad.jpg?fit=1200%2C701&ssl=1&resize=1050%2C600 3x"},"classes":[]},{"id":184073,"url":"https:\/\/revistagenesis.com\/?p=184073","url_meta":{"origin":183155,"position":5},"title":"EG\u00dcEN INAUGUR\u00d3 LA AYUDANT\u00cdA FISCAL: UN PASO HIST\u00d3RICO PARA LA JUSTICIA LOCAL","author":"Nicolas Bagliere","date":"10\/12\/2025","format":"image","excerpt":"\u00a0 El intendente de 25 de Mayo, Ramiro Eg\u00fcen, inaugur\u00f3 la nueva Ayudant\u00eda Fiscal, ubicada en la intersecci\u00f3n de calles 32 y 103, acompa\u00f1ado por el Fiscal General del Departamento Judicial de Mercedes, Dr. Pablo Merola, autoridades policiales, funcionarios y vecinos. La apertura de este edificio representa un hito en\u2026","rel":"","context":"En \u00abInter\u00e9s General\u00bb","block_context":{"text":"Inter\u00e9s General","link":"https:\/\/revistagenesis.com\/?cat=1"},"img":{"alt_text":"","src":"https:\/\/i0.wp.com\/revistagenesis.com\/wp-content\/uploads\/2025\/12\/FB_IMG_1765414021935.jpg?fit=1200%2C800&ssl=1&resize=350%2C200","width":350,"height":200,"srcset":"https:\/\/i0.wp.com\/revistagenesis.com\/wp-content\/uploads\/2025\/12\/FB_IMG_1765414021935.jpg?fit=1200%2C800&ssl=1&resize=350%2C200 1x, https:\/\/i0.wp.com\/revistagenesis.com\/wp-content\/uploads\/2025\/12\/FB_IMG_1765414021935.jpg?fit=1200%2C800&ssl=1&resize=525%2C300 1.5x, https:\/\/i0.wp.com\/revistagenesis.com\/wp-content\/uploads\/2025\/12\/FB_IMG_1765414021935.jpg?fit=1200%2C800&ssl=1&resize=700%2C400 2x, https:\/\/i0.wp.com\/revistagenesis.com\/wp-content\/uploads\/2025\/12\/FB_IMG_1765414021935.jpg?fit=1200%2C800&ssl=1&resize=1050%2C600 3x"},"classes":[]}],"jetpack_sharing_enabled":true,"_links":{"self":[{"href":"https:\/\/revistagenesis.com\/index.php?rest_route=\/wp\/v2\/posts\/183155","targetHints":{"allow":["GET"]}}],"collection":[{"href":"https:\/\/revistagenesis.com\/index.php?rest_route=\/wp\/v2\/posts"}],"about":[{"href":"https:\/\/revistagenesis.com\/index.php?rest_route=\/wp\/v2\/types\/post"}],"author":[{"embeddable":true,"href":"https:\/\/revistagenesis.com\/index.php?rest_route=\/wp\/v2\/users\/2"}],"replies":[{"embeddable":true,"href":"https:\/\/revistagenesis.com\/index.php?rest_route=%2Fwp%2Fv2%2Fcomments&post=183155"}],"version-history":[{"count":0,"href":"https:\/\/revistagenesis.com\/index.php?rest_route=\/wp\/v2\/posts\/183155\/revisions"}],"wp:featuredmedia":[{"embeddable":true,"href":"https:\/\/revistagenesis.com\/index.php?rest_route=\/wp\/v2\/media\/183154"}],"wp:attachment":[{"href":"https:\/\/revistagenesis.com\/index.php?rest_route=%2Fwp%2Fv2%2Fmedia&parent=183155"}],"wp:term":[{"taxonomy":"category","embeddable":true,"href":"https:\/\/revistagenesis.com\/index.php?rest_route=%2Fwp%2Fv2%2Fcategories&post=183155"},{"taxonomy":"post_tag","embeddable":true,"href":"https:\/\/revistagenesis.com\/index.php?rest_route=%2Fwp%2Fv2%2Ftags&post=183155"}],"curies":[{"name":"wp","href":"https:\/\/api.w.org\/{rel}","templated":true}]}}