{"id":183146,"date":"2024-05-04T09:02:37","date_gmt":"2024-05-04T12:02:37","guid":{"rendered":"https:\/\/revistagenesis.com\/?p=183146"},"modified":"2024-05-04T11:53:29","modified_gmt":"2024-05-04T14:53:29","slug":"accidente-con-una-persona-fallecida-en-la-ruta-30","status":"publish","type":"post","link":"https:\/\/revistagenesis.com\/?p=183146","title":{"rendered":"ACCIDENTE CON UN JOVEN DE RIESTRA FALLECIDO EN LA RUTA 30."},"content":{"rendered":"\n<p>Este s\u00e1bado, minutos antes de las 08 de la ma\u00f1ana, fueron convocados los Bomberos Voluntarios por un accidente fatal en la ruta 30 y la bajada a la Paz Chica.<\/p>\n\n\n\n<p>Por razones que son materia de investigaci\u00f3n, un cami\u00f3n Tolva y un auto&nbsp;volkswagen gol impactaron de frente sobre la ruta 30, arrojando como v\u00edctima fatal el conductor del veh\u00edculo m\u00e1s chico.<\/p>\n\n\n\n<p><\/p>\n\n\n\n<p>El joven de 22 a\u00f1os de la localidad vecina de Norbeto de la Riestra, se trasladaba en Vw Gol en sentido hacia Roque Perez sobre Ruta 30.<\/p>\n\n\n\n<p><\/p>\n\n\n\n<p>El camion Deutz, tolva, transporte de Roque P\u00e9rez era conducido por Illescas Jose Adrian (29), acompa\u00f1ado de Gorosito Yonathan (31) ambos resultaron ilesos, siendo trasladados para su observaci\u00f3n al hospital de Roque P\u00e9rez.<\/p>\n\n\n\n<p>La ruta continua cortada a la espera de las actuaciones pertinentes.<\/p>\n\n\n\n<p><\/p>\n\n\n\n<p><\/p>\n\n\n\n<p>Trabajan en el lugar polic\u00eda comunal de Roque P\u00e9rez, Comando de Patrulla Rural y unidades de Emergencia. La ruta estar\u00e1 cortada hasta la llegada de los peritos.<\/p>\n\n\n\n<figure class=\"wp-block-image size-large\"><img data-recalc-dims=\"1\" fetchpriority=\"high\" decoding=\"async\" width=\"1024\" height=\"1024\" src=\"https:\/\/i0.wp.com\/revistagenesis.com\/wp-content\/uploads\/2024\/05\/img_20240504_084249_5111856373590760817372.jpg?resize=1024%2C1024&#038;ssl=1\" alt=\"\" class=\"wp-image-183143\" srcset=\"https:\/\/i0.wp.com\/revistagenesis.com\/wp-content\/uploads\/2024\/05\/img_20240504_084249_5111856373590760817372.jpg?resize=1024%2C1024&amp;ssl=1 1024w, https:\/\/i0.wp.com\/revistagenesis.com\/wp-content\/uploads\/2024\/05\/img_20240504_084249_5111856373590760817372.jpg?resize=300%2C300&amp;ssl=1 300w, https:\/\/i0.wp.com\/revistagenesis.com\/wp-content\/uploads\/2024\/05\/img_20240504_084249_5111856373590760817372.jpg?resize=150%2C150&amp;ssl=1 150w, https:\/\/i0.wp.com\/revistagenesis.com\/wp-content\/uploads\/2024\/05\/img_20240504_084249_5111856373590760817372.jpg?resize=768%2C768&amp;ssl=1 768w, https:\/\/i0.wp.com\/revistagenesis.com\/wp-content\/uploads\/2024\/05\/img_20240504_084249_5111856373590760817372.jpg?w=1440&amp;ssl=1 1440w\" sizes=\"(max-width: 1024px) 100vw, 1024px\" \/><\/figure>\n\n\n\n<figure class=\"wp-block-image\"><img data-recalc-dims=\"1\" decoding=\"async\" width=\"461\" height=\"1024\" src=\"https:\/\/i0.wp.com\/revistagenesis.com\/wp-content\/uploads\/2024\/05\/20240504_0824201894374877704894688.jpg?resize=461%2C1024&#038;ssl=1\" alt=\"\" class=\"wp-image-183144\" srcset=\"https:\/\/i0.wp.com\/revistagenesis.com\/wp-content\/uploads\/2024\/05\/20240504_0824201894374877704894688.jpg?resize=461%2C1024&amp;ssl=1 461w, https:\/\/i0.wp.com\/revistagenesis.com\/wp-content\/uploads\/2024\/05\/20240504_0824201894374877704894688.jpg?resize=135%2C300&amp;ssl=1 135w, https:\/\/i0.wp.com\/revistagenesis.com\/wp-content\/uploads\/2024\/05\/20240504_0824201894374877704894688.jpg?resize=768%2C1707&amp;ssl=1 768w, https:\/\/i0.wp.com\/revistagenesis.com\/wp-content\/uploads\/2024\/05\/20240504_0824201894374877704894688.jpg?resize=691%2C1536&amp;ssl=1 691w, https:\/\/i0.wp.com\/revistagenesis.com\/wp-content\/uploads\/2024\/05\/20240504_0824201894374877704894688.jpg?w=900&amp;ssl=1 900w\" sizes=\"(max-width: 461px) 100vw, 461px\" \/><\/figure>\n","protected":false},"excerpt":{"rendered":"<p>Este s\u00e1bado, minutos antes de las 08 de la ma\u00f1ana, fueron convocados los Bomberos Voluntarios por un accidente fatal en la ruta 30 y la bajada a la Paz Chica. Por razones que son materia de investigaci\u00f3n, un cami\u00f3n Tolva y un auto&nbsp;volkswagen gol impactaron de frente sobre la ruta 30, arrojando como v\u00edctima fatal &#8230; <a title=\"ACCIDENTE CON UN JOVEN DE RIESTRA FALLECIDO EN LA RUTA 30.\" class=\"read-more\" href=\"https:\/\/revistagenesis.com\/?p=183146\">Leer mas<\/a><\/p>\n","protected":false},"author":2,"featured_media":183145,"comment_status":"closed","ping_status":"open","sticky":false,"template":"","format":"standard","meta":{"jetpack_post_was_ever_published":false,"_jetpack_newsletter_access":"","_jetpack_dont_email_post_to_subs":false,"_jetpack_newsletter_tier_id":0,"_jetpack_memberships_contains_paywalled_content":false,"_jetpack_memberships_contains_paid_content":false,"footnotes":""},"categories":[1],"tags":[],"class_list":["post-183146","post","type-post","status-publish","format-standard","has-post-thumbnail","hentry","category-interes-general"],"jetpack_featured_media_url":"https:\/\/i0.wp.com\/revistagenesis.com\/wp-content\/uploads\/2024\/05\/IMG_20240504_084249_511.webp?fit=1440%2C1440&ssl=1","jetpack_likes_enabled":true,"jetpack-related-posts":[{"id":181294,"url":"https:\/\/revistagenesis.com\/?p=181294","url_meta":{"origin":183146,"position":0},"title":"OTRO GRAVE ACCIDENTE EN LA RUTA 205.","author":"Nicolas Bagliere","date":"30\/01\/2022","format":false,"excerpt":"Este domingo a la madrugada, se produjo un accidente entre dos autom\u00f3viles en el km 127 de la ruta 205, un Ford Focus gris conducido por Jonathan Jes\u00fas Salas (Roque perez) y un veh\u00edculo Gol con ocupantes de la ciudad de Castelar, presentando el conductor lesiones de consideraci\u00f3n. Producto del\u2026","rel":"","context":"En \u00abInter\u00e9s General\u00bb","block_context":{"text":"Inter\u00e9s General","link":"https:\/\/revistagenesis.com\/?cat=1"},"img":{"alt_text":"","src":"https:\/\/i0.wp.com\/revistagenesis.com\/wp-content\/uploads\/2022\/01\/0_IMG-20220130-WA0019_watermark_dom._30012022_085210.jpg?fit=1200%2C900&ssl=1&resize=350%2C200","width":350,"height":200,"srcset":"https:\/\/i0.wp.com\/revistagenesis.com\/wp-content\/uploads\/2022\/01\/0_IMG-20220130-WA0019_watermark_dom._30012022_085210.jpg?fit=1200%2C900&ssl=1&resize=350%2C200 1x, https:\/\/i0.wp.com\/revistagenesis.com\/wp-content\/uploads\/2022\/01\/0_IMG-20220130-WA0019_watermark_dom._30012022_085210.jpg?fit=1200%2C900&ssl=1&resize=525%2C300 1.5x, https:\/\/i0.wp.com\/revistagenesis.com\/wp-content\/uploads\/2022\/01\/0_IMG-20220130-WA0019_watermark_dom._30012022_085210.jpg?fit=1200%2C900&ssl=1&resize=700%2C400 2x, https:\/\/i0.wp.com\/revistagenesis.com\/wp-content\/uploads\/2022\/01\/0_IMG-20220130-WA0019_watermark_dom._30012022_085210.jpg?fit=1200%2C900&ssl=1&resize=1050%2C600 3x"},"classes":[]},{"id":8692,"url":"https:\/\/revistagenesis.com\/?p=8692","url_meta":{"origin":183146,"position":1},"title":"DOS HERIDOS DE CONSIDERACION LUEGO DE UN VUELCO EN LA RUTA 30","author":"Nicolas Bagliere","date":"14\/03\/2017","format":false,"excerpt":"En la tarde del martes a las 15 y 30 horas se produjo un vuelco en Ruta 30. Protagonizado por un Ford Focus color gris, en el que viajaba una pareja, oriundos de Monte y Riestra. Los dos fueron derivados al Hospital de Roque P\u00e9rez, con lesiones de consideraci\u00f3n. El\u2026","rel":"","context":"En \u00abInter\u00e9s General\u00bb","block_context":{"text":"Inter\u00e9s General","link":"https:\/\/revistagenesis.com\/?cat=1"},"img":{"alt_text":"","src":"https:\/\/i0.wp.com\/revistagenesis.com\/wp-content\/uploads\/2017\/03\/wp-image-303981592jpg.jpg?fit=1200%2C900&ssl=1&resize=350%2C200","width":350,"height":200,"srcset":"https:\/\/i0.wp.com\/revistagenesis.com\/wp-content\/uploads\/2017\/03\/wp-image-303981592jpg.jpg?fit=1200%2C900&ssl=1&resize=350%2C200 1x, https:\/\/i0.wp.com\/revistagenesis.com\/wp-content\/uploads\/2017\/03\/wp-image-303981592jpg.jpg?fit=1200%2C900&ssl=1&resize=525%2C300 1.5x, https:\/\/i0.wp.com\/revistagenesis.com\/wp-content\/uploads\/2017\/03\/wp-image-303981592jpg.jpg?fit=1200%2C900&ssl=1&resize=700%2C400 2x, https:\/\/i0.wp.com\/revistagenesis.com\/wp-content\/uploads\/2017\/03\/wp-image-303981592jpg.jpg?fit=1200%2C900&ssl=1&resize=1050%2C600 3x"},"classes":[]},{"id":181314,"url":"https:\/\/revistagenesis.com\/?p=181314","url_meta":{"origin":183146,"position":2},"title":"MULTIPLE ACCIDENTE EN RUTA 30.","author":"Nicolas Bagliere","date":"07\/02\/2022","format":false,"excerpt":"Un camion cerealero y un camioneta protagonizaron la colision en ruta 30, bajada a paraje El Arbolito.Un tercer camioneta tambien fue alcanzada.Seg\u00fan lo relatado por el ch\u00f3fer de la segunda camioneta, un camion que se trasladaba en sentido Roque Perez- Pedernales, bajo bruscamente hacia El Arbolito y el camion que\u2026","rel":"","context":"En \u00abInter\u00e9s General\u00bb","block_context":{"text":"Inter\u00e9s General","link":"https:\/\/revistagenesis.com\/?cat=1"},"img":{"alt_text":"","src":"https:\/\/i0.wp.com\/revistagenesis.com\/wp-content\/uploads\/2022\/02\/0_20220207_092120_watermark_lun._07022022_093520-scaled.jpg?fit=1200%2C675&ssl=1&resize=350%2C200","width":350,"height":200,"srcset":"https:\/\/i0.wp.com\/revistagenesis.com\/wp-content\/uploads\/2022\/02\/0_20220207_092120_watermark_lun._07022022_093520-scaled.jpg?fit=1200%2C675&ssl=1&resize=350%2C200 1x, https:\/\/i0.wp.com\/revistagenesis.com\/wp-content\/uploads\/2022\/02\/0_20220207_092120_watermark_lun._07022022_093520-scaled.jpg?fit=1200%2C675&ssl=1&resize=525%2C300 1.5x, https:\/\/i0.wp.com\/revistagenesis.com\/wp-content\/uploads\/2022\/02\/0_20220207_092120_watermark_lun._07022022_093520-scaled.jpg?fit=1200%2C675&ssl=1&resize=700%2C400 2x, https:\/\/i0.wp.com\/revistagenesis.com\/wp-content\/uploads\/2022\/02\/0_20220207_092120_watermark_lun._07022022_093520-scaled.jpg?fit=1200%2C675&ssl=1&resize=1050%2C600 3x"},"classes":[]},{"id":170458,"url":"https:\/\/revistagenesis.com\/?p=170458","url_meta":{"origin":183146,"position":3},"title":"Accidente fatal en la ruta 205","author":"Nicolas Bagliere","date":"26\/07\/2018","format":false,"excerpt":"Este miercoles, pasadas las 19 hs, el llamado a Bomberos Voluntarios, se debi\u00f3 a un accidente entre varios vehiculos en el km 141 de la ruta 205, que dej\u00f3 como saldo dos victimas fatales. Un automovil Audi impact\u00f3 de frente contra un Honda Civic luego de sobrepasar un cami\u00f3n que\u2026","rel":"","context":"En \u00abInter\u00e9s General\u00bb","block_context":{"text":"Inter\u00e9s General","link":"https:\/\/revistagenesis.com\/?cat=1"},"img":{"alt_text":"","src":"https:\/\/i0.wp.com\/revistagenesis.com\/wp-content\/uploads\/2018\/07\/img-20180725-wa01071330176781.jpg?fit=1200%2C692&ssl=1&resize=350%2C200","width":350,"height":200,"srcset":"https:\/\/i0.wp.com\/revistagenesis.com\/wp-content\/uploads\/2018\/07\/img-20180725-wa01071330176781.jpg?fit=1200%2C692&ssl=1&resize=350%2C200 1x, https:\/\/i0.wp.com\/revistagenesis.com\/wp-content\/uploads\/2018\/07\/img-20180725-wa01071330176781.jpg?fit=1200%2C692&ssl=1&resize=525%2C300 1.5x, https:\/\/i0.wp.com\/revistagenesis.com\/wp-content\/uploads\/2018\/07\/img-20180725-wa01071330176781.jpg?fit=1200%2C692&ssl=1&resize=700%2C400 2x, https:\/\/i0.wp.com\/revistagenesis.com\/wp-content\/uploads\/2018\/07\/img-20180725-wa01071330176781.jpg?fit=1200%2C692&ssl=1&resize=1050%2C600 3x"},"classes":[]},{"id":2988,"url":"https:\/\/revistagenesis.com\/?p=2988","url_meta":{"origin":183146,"position":4},"title":"Accidente fatal en la ruta 205","author":"Nicolas Bagliere","date":"04\/11\/2015","format":false,"excerpt":"\u00a0 Pasadas las 17hs, el llamado a Bomberos Voluntarios se debi\u00f3 a un accidente entre un ford fiesta y una chevrolet Meriva a la altura del km 129 de la ruta nacional N\u00b0 205. Producto del impacto, el conductor del fiesta falleci\u00f3 (se reserva su identidad) en el acto y\u2026","rel":"","context":"En \u00abInter\u00e9s General\u00bb","block_context":{"text":"Inter\u00e9s General","link":"https:\/\/revistagenesis.com\/?cat=1"},"img":{"alt_text":"","src":"https:\/\/i0.wp.com\/revistagenesis.com\/wp-content\/uploads\/2015\/11\/meriva.jpg?fit=960%2C576&ssl=1&resize=350%2C200","width":350,"height":200,"srcset":"https:\/\/i0.wp.com\/revistagenesis.com\/wp-content\/uploads\/2015\/11\/meriva.jpg?fit=960%2C576&ssl=1&resize=350%2C200 1x, https:\/\/i0.wp.com\/revistagenesis.com\/wp-content\/uploads\/2015\/11\/meriva.jpg?fit=960%2C576&ssl=1&resize=525%2C300 1.5x, https:\/\/i0.wp.com\/revistagenesis.com\/wp-content\/uploads\/2015\/11\/meriva.jpg?fit=960%2C576&ssl=1&resize=700%2C400 2x"},"classes":[]},{"id":182031,"url":"https:\/\/revistagenesis.com\/?p=182031","url_meta":{"origin":183146,"position":5},"title":"OTRA PERDIDA DE UN JOVEN ROQUEPERENSE POR UN ACCIDENTE EN MOTO EN LA RUTA 205.","author":"Nicolas Bagliere","date":"13\/01\/2023","format":false,"excerpt":"El Jueves, cerca de las 20.40 se produjo un accidente en el km 120 de la ruta 205, donde una moto Bajad 400 con dos ocupantes qued\u00f3 abajo de un cami\u00f3n cerealero conducido por el Roqueperense Raul Wright (67).Los dos j\u00f3venes de la moto, oriundos de Roque Perez, recibieron asistencia\u2026","rel":"","context":"En \u00abInter\u00e9s General\u00bb","block_context":{"text":"Inter\u00e9s General","link":"https:\/\/revistagenesis.com\/?cat=1"},"img":{"alt_text":"","src":"https:\/\/i0.wp.com\/revistagenesis.com\/wp-content\/uploads\/2023\/01\/20230112_210540-scaled.jpg?fit=1200%2C900&ssl=1&resize=350%2C200","width":350,"height":200,"srcset":"https:\/\/i0.wp.com\/revistagenesis.com\/wp-content\/uploads\/2023\/01\/20230112_210540-scaled.jpg?fit=1200%2C900&ssl=1&resize=350%2C200 1x, https:\/\/i0.wp.com\/revistagenesis.com\/wp-content\/uploads\/2023\/01\/20230112_210540-scaled.jpg?fit=1200%2C900&ssl=1&resize=525%2C300 1.5x, https:\/\/i0.wp.com\/revistagenesis.com\/wp-content\/uploads\/2023\/01\/20230112_210540-scaled.jpg?fit=1200%2C900&ssl=1&resize=700%2C400 2x, https:\/\/i0.wp.com\/revistagenesis.com\/wp-content\/uploads\/2023\/01\/20230112_210540-scaled.jpg?fit=1200%2C900&ssl=1&resize=1050%2C600 3x"},"classes":[]}],"jetpack_sharing_enabled":true,"_links":{"self":[{"href":"https:\/\/revistagenesis.com\/index.php?rest_route=\/wp\/v2\/posts\/183146","targetHints":{"allow":["GET"]}}],"collection":[{"href":"https:\/\/revistagenesis.com\/index.php?rest_route=\/wp\/v2\/posts"}],"about":[{"href":"https:\/\/revistagenesis.com\/index.php?rest_route=\/wp\/v2\/types\/post"}],"author":[{"embeddable":true,"href":"https:\/\/revistagenesis.com\/index.php?rest_route=\/wp\/v2\/users\/2"}],"replies":[{"embeddable":true,"href":"https:\/\/revistagenesis.com\/index.php?rest_route=%2Fwp%2Fv2%2Fcomments&post=183146"}],"version-history":[{"count":2,"href":"https:\/\/revistagenesis.com\/index.php?rest_route=\/wp\/v2\/posts\/183146\/revisions"}],"predecessor-version":[{"id":183148,"href":"https:\/\/revistagenesis.com\/index.php?rest_route=\/wp\/v2\/posts\/183146\/revisions\/183148"}],"wp:featuredmedia":[{"embeddable":true,"href":"https:\/\/revistagenesis.com\/index.php?rest_route=\/wp\/v2\/media\/183145"}],"wp:attachment":[{"href":"https:\/\/revistagenesis.com\/index.php?rest_route=%2Fwp%2Fv2%2Fmedia&parent=183146"}],"wp:term":[{"taxonomy":"category","embeddable":true,"href":"https:\/\/revistagenesis.com\/index.php?rest_route=%2Fwp%2Fv2%2Fcategories&post=183146"},{"taxonomy":"post_tag","embeddable":true,"href":"https:\/\/revistagenesis.com\/index.php?rest_route=%2Fwp%2Fv2%2Ftags&post=183146"}],"curies":[{"name":"wp","href":"https:\/\/api.w.org\/{rel}","templated":true}]}}