{"id":183142,"date":"2024-05-03T16:04:44","date_gmt":"2024-05-03T19:04:44","guid":{"rendered":"https:\/\/revistagenesis.com\/?p=183142"},"modified":"2024-05-03T16:04:44","modified_gmt":"2024-05-03T19:04:44","slug":"en-25-de-mayo-eguen-anuncio-beneficios-para-los-municipales","status":"publish","type":"post","link":"https:\/\/revistagenesis.com\/?p=183142","title":{"rendered":"EN 25 de MAYO, EGUEN ANUNCI\u00d3 BENEFICIOS PARA LOS MUNICIPALES."},"content":{"rendered":"\n<p>El intendente de 25 de Mayo, Dr. Ramiro Eg\u00fcen, anunci\u00f3 en la ma\u00f1ana de este jueves beneficios para los empleados municipales en comercios asociados a la C\u00e1mara de Comercio. De la noticia, dada a conocer en conferencia de prensa, particip\u00f3 tambi\u00e9n el presidente de la instituci\u00f3n comercial, Jorge Serrano.<\/p>\n\n\n\n<p><br>Eg\u00fcen manifest\u00f3 que \u201cvenimos trabajando desde que asumimos con muchas ideas, proyectos e inquietudes que compartimos desde la campa\u00f1a y antes tambi\u00e9n. Tanto desde la C\u00e1mara de Comercio como desde el gobierno buscamos la reactivaci\u00f3n econ\u00f3mica, aumentar las ventas, tener un di\u00e1logo constante con estos sectores del comercio y la industria\u201d.<br>El mandatario cont\u00f3 tambi\u00e9n que \u201cestamos trabajando para tratar de hacer rendir un poco m\u00e1s el sueldo de nuestros trabajadores municipales, esto es parte de las medidas y de los alcances del trabajo que venimos haciendo, no s\u00f3lo en la mejora salarial sino tambi\u00e9n en la entrega de la indumentaria, el reconocimiento de la carrera m\u00e9dico hospitalaria y el estatuto de los docentes municipales\u201d.<br>El beneficio se va a instrumentar mediante un c\u00f3digo QR que se va a generar con el tel\u00e9fono, el cual va a remitir a la plantilla de la n\u00f3mina de trabajadores y ah\u00ed podr\u00e1 validarse con el comercio. Ser\u00e1 una credencial digital para que puedan concurrir a los comercios adheridos y obtener un 10% de descuento en indumentaria, alimentos, peluquer\u00edas, perfumer\u00edas, etc.\u201d<\/p>\n\n\n\n<figure class=\"wp-block-image size-large\"><img data-recalc-dims=\"1\" fetchpriority=\"high\" decoding=\"async\" width=\"1024\" height=\"683\" src=\"https:\/\/i0.wp.com\/revistagenesis.com\/wp-content\/uploads\/2024\/05\/img-20240502-wa01362638033805515425377.jpg?resize=1024%2C683&#038;ssl=1\" alt=\"\" class=\"wp-image-183140\" srcset=\"https:\/\/i0.wp.com\/revistagenesis.com\/wp-content\/uploads\/2024\/05\/img-20240502-wa01362638033805515425377.jpg?resize=1024%2C683&amp;ssl=1 1024w, https:\/\/i0.wp.com\/revistagenesis.com\/wp-content\/uploads\/2024\/05\/img-20240502-wa01362638033805515425377.jpg?resize=300%2C200&amp;ssl=1 300w, https:\/\/i0.wp.com\/revistagenesis.com\/wp-content\/uploads\/2024\/05\/img-20240502-wa01362638033805515425377.jpg?resize=768%2C512&amp;ssl=1 768w, https:\/\/i0.wp.com\/revistagenesis.com\/wp-content\/uploads\/2024\/05\/img-20240502-wa01362638033805515425377.jpg?resize=1536%2C1024&amp;ssl=1 1536w, https:\/\/i0.wp.com\/revistagenesis.com\/wp-content\/uploads\/2024\/05\/img-20240502-wa01362638033805515425377.jpg?w=1599&amp;ssl=1 1599w\" sizes=\"(max-width: 1024px) 100vw, 1024px\" \/><\/figure>\n\n\n\n<p>El intendente de 25 de Mayo, Dr. Ramiro Eg\u00fcen, anunci\u00f3 en la ma\u00f1ana de este jueves beneficios para los empleados municipales en comercios asociados a la C\u00e1mara de Comercio. De la noticia, dada a conocer en conferencia de prensa, particip\u00f3 tambi\u00e9n el presidente de la instituci\u00f3n comercial, Jorge Serrano.<br \/>Eg\u00fcen manifest\u00f3 que \u201cvenimos trabajando desde que asumimos con muchas ideas, proyectos e inquietudes que compartimos desde la campa\u00f1a y antes tambi\u00e9n. Tanto desde la C\u00e1mara de Comercio como desde el gobierno buscamos la reactivaci\u00f3n econ\u00f3mica, aumentar las ventas, tener un di\u00e1logo constante con estos sectores del comercio y la industria\u201d.<br \/>El mandatario cont\u00f3 tambi\u00e9n que \u201cestamos trabajando para tratar de hacer rendir un poco m\u00e1s el sueldo de nuestros trabajadores municipales, esto es parte de las medidas y de los alcances del trabajo que venimos haciendo, no s\u00f3lo en la mejora salarial sino tambi\u00e9n en la entrega de la indumentaria, el reconocimiento de la carrera m\u00e9dico hospitalaria y el estatuto de los docentes municipales\u201d.<br \/>El beneficio se va a instrumentar mediante un c\u00f3digo QR que se va a generar con el tel\u00e9fono, el cual va a remitir a la plantilla de la n\u00f3mina de trabajadores y ah\u00ed podr\u00e1 validarse con el comercio. Ser\u00e1 una credencial digital para que puedan concurrir a los comercios adheridos y obtener un 10% de descuento en indumentaria, alimentos, peluquer\u00edas, perfumer\u00edas, etc.\u201d<\/p>\n","protected":false},"excerpt":{"rendered":"<p>El intendente de 25 de Mayo, Dr. Ramiro Eg\u00fcen, anunci\u00f3 en la ma\u00f1ana de este jueves beneficios para los empleados municipales en comercios asociados a la C\u00e1mara de Comercio. De la noticia, dada a conocer en conferencia de prensa, particip\u00f3 tambi\u00e9n el presidente de la instituci\u00f3n comercial, Jorge Serrano. Eg\u00fcen manifest\u00f3 que \u201cvenimos trabajando desde &#8230; <a title=\"EN 25 de MAYO, EGUEN ANUNCI\u00d3 BENEFICIOS PARA LOS MUNICIPALES.\" class=\"read-more\" href=\"https:\/\/revistagenesis.com\/?p=183142\">Leer mas<\/a><\/p>\n","protected":false},"author":2,"featured_media":183141,"comment_status":"","ping_status":"open","sticky":false,"template":"","format":"standard","meta":{"jetpack_post_was_ever_published":false,"_jetpack_newsletter_access":"","_jetpack_dont_email_post_to_subs":false,"_jetpack_newsletter_tier_id":0,"_jetpack_memberships_contains_paywalled_content":false,"_jetpack_memberships_contains_paid_content":false,"footnotes":""},"categories":[130],"tags":[],"class_list":["post-183142","post","type-post","status-publish","format-standard","has-post-thumbnail","hentry","category-politica"],"jetpack_featured_media_url":"https:\/\/i0.wp.com\/revistagenesis.com\/wp-content\/uploads\/2024\/05\/IMG-20240502-WA0136.jpg?fit=1599%2C1066&ssl=1","jetpack_likes_enabled":true,"jetpack-related-posts":[{"id":184073,"url":"https:\/\/revistagenesis.com\/?p=184073","url_meta":{"origin":183142,"position":0},"title":"EG\u00dcEN INAUGUR\u00d3 LA AYUDANT\u00cdA FISCAL: UN PASO HIST\u00d3RICO PARA LA JUSTICIA LOCAL","author":"Nicolas Bagliere","date":"10\/12\/2025","format":"image","excerpt":"\u00a0 El intendente de 25 de Mayo, Ramiro Eg\u00fcen, inaugur\u00f3 la nueva Ayudant\u00eda Fiscal, ubicada en la intersecci\u00f3n de calles 32 y 103, acompa\u00f1ado por el Fiscal General del Departamento Judicial de Mercedes, Dr. Pablo Merola, autoridades policiales, funcionarios y vecinos. La apertura de este edificio representa un hito en\u2026","rel":"","context":"En \u00abInter\u00e9s General\u00bb","block_context":{"text":"Inter\u00e9s General","link":"https:\/\/revistagenesis.com\/?cat=1"},"img":{"alt_text":"","src":"https:\/\/i0.wp.com\/revistagenesis.com\/wp-content\/uploads\/2025\/12\/FB_IMG_1765414021935.jpg?fit=1200%2C800&ssl=1&resize=350%2C200","width":350,"height":200,"srcset":"https:\/\/i0.wp.com\/revistagenesis.com\/wp-content\/uploads\/2025\/12\/FB_IMG_1765414021935.jpg?fit=1200%2C800&ssl=1&resize=350%2C200 1x, https:\/\/i0.wp.com\/revistagenesis.com\/wp-content\/uploads\/2025\/12\/FB_IMG_1765414021935.jpg?fit=1200%2C800&ssl=1&resize=525%2C300 1.5x, https:\/\/i0.wp.com\/revistagenesis.com\/wp-content\/uploads\/2025\/12\/FB_IMG_1765414021935.jpg?fit=1200%2C800&ssl=1&resize=700%2C400 2x, https:\/\/i0.wp.com\/revistagenesis.com\/wp-content\/uploads\/2025\/12\/FB_IMG_1765414021935.jpg?fit=1200%2C800&ssl=1&resize=1050%2C600 3x"},"classes":[]},{"id":183491,"url":"https:\/\/revistagenesis.com\/?p=183491","url_meta":{"origin":183142,"position":1},"title":"EG\u00dcEN ENTREG\u00d3 BECAS DEPORTIVAS.","author":"Nicolas Bagliere","date":"10\/09\/2024","format":false,"excerpt":"El Intendente Municipal Ramiro Eg\u00fcen hizo entrega esta ma\u00f1ana, junto a la secretaria de Desarrollo Humano, Mercedes Ar\u00e1oz de Lamadrid y el director de Deportes, Gustavo Lopardo de 15 becas bancarizadas a deportistas locales que representan a 25 de Mayo tanto nacional e internacionalmente.El jefe comunal manifest\u00f3: \u201ceste es un\u2026","rel":"","context":"En \u00abInter\u00e9s General\u00bb","block_context":{"text":"Inter\u00e9s General","link":"https:\/\/revistagenesis.com\/?cat=1"},"img":{"alt_text":"","src":"https:\/\/i0.wp.com\/revistagenesis.com\/wp-content\/uploads\/2024\/09\/IMG-20240910-WA0099.jpg?fit=1200%2C802&ssl=1&resize=350%2C200","width":350,"height":200,"srcset":"https:\/\/i0.wp.com\/revistagenesis.com\/wp-content\/uploads\/2024\/09\/IMG-20240910-WA0099.jpg?fit=1200%2C802&ssl=1&resize=350%2C200 1x, https:\/\/i0.wp.com\/revistagenesis.com\/wp-content\/uploads\/2024\/09\/IMG-20240910-WA0099.jpg?fit=1200%2C802&ssl=1&resize=525%2C300 1.5x, https:\/\/i0.wp.com\/revistagenesis.com\/wp-content\/uploads\/2024\/09\/IMG-20240910-WA0099.jpg?fit=1200%2C802&ssl=1&resize=700%2C400 2x, https:\/\/i0.wp.com\/revistagenesis.com\/wp-content\/uploads\/2024\/09\/IMG-20240910-WA0099.jpg?fit=1200%2C802&ssl=1&resize=1050%2C600 3x"},"classes":[]},{"id":183258,"url":"https:\/\/revistagenesis.com\/?p=183258","url_meta":{"origin":183142,"position":2},"title":"PUESTA EN VALOR DEL EDIFICIO DE LA EX ESCUELA PROFESIONAL DF 25 DE MAYO.","author":"Nicolas Bagliere","date":"12\/06\/2024","format":false,"excerpt":"La gesti\u00f3n municipal del intendente Ramiro Eg\u00fcen lleva adelante la puesta en valor del edificio de la ex Escuela Profesional, inmueble ubicado en calle 27 entre 10 y 11, con la intenci\u00f3n de que sea un lugar de referencia cultural y de desarrollo econ\u00f3mico para los veinticinque\u00f1os. El edificio presenta\u2026","rel":"","context":"En \u00abInter\u00e9s General\u00bb","block_context":{"text":"Inter\u00e9s General","link":"https:\/\/revistagenesis.com\/?cat=1"},"img":{"alt_text":"","src":"https:\/\/i0.wp.com\/revistagenesis.com\/wp-content\/uploads\/2024\/06\/img-20240612-wa00781034517787103010697.jpg?resize=350%2C200&ssl=1","width":350,"height":200,"srcset":"https:\/\/i0.wp.com\/revistagenesis.com\/wp-content\/uploads\/2024\/06\/img-20240612-wa00781034517787103010697.jpg?resize=350%2C200&ssl=1 1x, https:\/\/i0.wp.com\/revistagenesis.com\/wp-content\/uploads\/2024\/06\/img-20240612-wa00781034517787103010697.jpg?resize=525%2C300&ssl=1 1.5x, https:\/\/i0.wp.com\/revistagenesis.com\/wp-content\/uploads\/2024\/06\/img-20240612-wa00781034517787103010697.jpg?resize=700%2C400&ssl=1 2x, https:\/\/i0.wp.com\/revistagenesis.com\/wp-content\/uploads\/2024\/06\/img-20240612-wa00781034517787103010697.jpg?resize=1050%2C600&ssl=1 3x"},"classes":[]},{"id":183947,"url":"https:\/\/revistagenesis.com\/?p=183947","url_meta":{"origin":183142,"position":3},"title":"EGUEN: \u00abLOGRAMOS LA INVERSI\u00d3N M\u00c1S GRANDE EN VEH\u00cdCULOS DE LA HISTORIA DE 25 DE MAYO\u00bb.","author":"Nicolas Bagliere","date":"28\/05\/2025","format":false,"excerpt":"Asi lo anunci\u00f3 el jefe comunal, Ramiro Eguen, en sus redes sociales: \"Con profundo orgullo quiero compartir que concretamos la mayor compra de veh\u00edculos en la historia democr\u00e1tica de nuestro distrito. En tan solo 17 meses de gesti\u00f3n, incorporamos 24 veh\u00edculos nuevos con recursos 100% municipales, sin deuda ni financiamiento\u2026","rel":"","context":"En \u00abInter\u00e9s General\u00bb","block_context":{"text":"Inter\u00e9s General","link":"https:\/\/revistagenesis.com\/?cat=1"},"img":{"alt_text":"","src":"https:\/\/i0.wp.com\/revistagenesis.com\/wp-content\/uploads\/2025\/05\/IMG-20250528-WA0208.jpg?fit=1200%2C675&ssl=1&resize=350%2C200","width":350,"height":200,"srcset":"https:\/\/i0.wp.com\/revistagenesis.com\/wp-content\/uploads\/2025\/05\/IMG-20250528-WA0208.jpg?fit=1200%2C675&ssl=1&resize=350%2C200 1x, https:\/\/i0.wp.com\/revistagenesis.com\/wp-content\/uploads\/2025\/05\/IMG-20250528-WA0208.jpg?fit=1200%2C675&ssl=1&resize=525%2C300 1.5x, https:\/\/i0.wp.com\/revistagenesis.com\/wp-content\/uploads\/2025\/05\/IMG-20250528-WA0208.jpg?fit=1200%2C675&ssl=1&resize=700%2C400 2x, https:\/\/i0.wp.com\/revistagenesis.com\/wp-content\/uploads\/2025\/05\/IMG-20250528-WA0208.jpg?fit=1200%2C675&ssl=1&resize=1050%2C600 3x"},"classes":[]},{"id":184216,"url":"https:\/\/revistagenesis.com\/?p=184216","url_meta":{"origin":183142,"position":4},"title":"RAMIRO EG\u00dcEN: \u00abES UNA DECISI\u00d3N POL\u00cdTICA IRREFUTABLE SEGUIR CONSTRUYENDO M\u00c1S Y MEJOR CARNAVAL\u00bb.","author":"Nicolas Bagliere","date":"25\/03\/2026","format":false,"excerpt":"El Intendente Municipal Ramiro Eg\u00fcen encabez\u00f3 este lunes 23 de marzo en el Nuevo Teatro San Mart\u00edn la ceremonia de entrega de reconocimientos a los hacedores de la exitosa edici\u00f3n 2026 del Carnaval de 25 de Mayo, reivindicando a la m\u00e1xima fiesta veinticinque\u00f1a como el patrimonio cultural m\u00e1s sagrado del\u2026","rel":"","context":"En \u00abPol\u00edtica\u00bb","block_context":{"text":"Pol\u00edtica","link":"https:\/\/revistagenesis.com\/?cat=130"},"img":{"alt_text":"","src":"https:\/\/i0.wp.com\/revistagenesis.com\/wp-content\/uploads\/2026\/03\/IMG-20260324-WA0000-3.jpg?fit=1200%2C801&ssl=1&resize=350%2C200","width":350,"height":200,"srcset":"https:\/\/i0.wp.com\/revistagenesis.com\/wp-content\/uploads\/2026\/03\/IMG-20260324-WA0000-3.jpg?fit=1200%2C801&ssl=1&resize=350%2C200 1x, https:\/\/i0.wp.com\/revistagenesis.com\/wp-content\/uploads\/2026\/03\/IMG-20260324-WA0000-3.jpg?fit=1200%2C801&ssl=1&resize=525%2C300 1.5x, https:\/\/i0.wp.com\/revistagenesis.com\/wp-content\/uploads\/2026\/03\/IMG-20260324-WA0000-3.jpg?fit=1200%2C801&ssl=1&resize=700%2C400 2x, https:\/\/i0.wp.com\/revistagenesis.com\/wp-content\/uploads\/2026\/03\/IMG-20260324-WA0000-3.jpg?fit=1200%2C801&ssl=1&resize=1050%2C600 3x"},"classes":[]},{"id":183713,"url":"https:\/\/revistagenesis.com\/?p=183713","url_meta":{"origin":183142,"position":5},"title":"EG\u00dcEN IMPLEMENT\u00d3 EL \u201cSISTEMA DE HISTORIA CL\u00cdNICA ELECTR\u00d3NICA \u00daNICA\u201d","author":"Nicolas Bagliere","date":"16\/01\/2025","format":false,"excerpt":"El intendente Ramiro Eg\u00fcen reglament\u00f3 la implementaci\u00f3n en el distrito de 25 de Mayo, a partir del reciente 9 de enero, del \u201cSistema de Historia Cl\u00ednica Electr\u00f3nica Unica\u201d, desde el nacimiento hasta el fallecimiento de cada persona, dispuesto por la Ley N\u00ba14.494 y su decreto Reglamentario N\u00ba1600\/2024 adherido por la\u2026","rel":"","context":"En \u00abInter\u00e9s General\u00bb","block_context":{"text":"Inter\u00e9s General","link":"https:\/\/revistagenesis.com\/?cat=1"},"img":{"alt_text":"","src":"https:\/\/i0.wp.com\/revistagenesis.com\/wp-content\/uploads\/2025\/01\/IMG-20250113-WA0061.jpg?fit=1018%2C680&ssl=1&resize=350%2C200","width":350,"height":200,"srcset":"https:\/\/i0.wp.com\/revistagenesis.com\/wp-content\/uploads\/2025\/01\/IMG-20250113-WA0061.jpg?fit=1018%2C680&ssl=1&resize=350%2C200 1x, https:\/\/i0.wp.com\/revistagenesis.com\/wp-content\/uploads\/2025\/01\/IMG-20250113-WA0061.jpg?fit=1018%2C680&ssl=1&resize=525%2C300 1.5x, https:\/\/i0.wp.com\/revistagenesis.com\/wp-content\/uploads\/2025\/01\/IMG-20250113-WA0061.jpg?fit=1018%2C680&ssl=1&resize=700%2C400 2x"},"classes":[]}],"jetpack_sharing_enabled":true,"_links":{"self":[{"href":"https:\/\/revistagenesis.com\/index.php?rest_route=\/wp\/v2\/posts\/183142","targetHints":{"allow":["GET"]}}],"collection":[{"href":"https:\/\/revistagenesis.com\/index.php?rest_route=\/wp\/v2\/posts"}],"about":[{"href":"https:\/\/revistagenesis.com\/index.php?rest_route=\/wp\/v2\/types\/post"}],"author":[{"embeddable":true,"href":"https:\/\/revistagenesis.com\/index.php?rest_route=\/wp\/v2\/users\/2"}],"replies":[{"embeddable":true,"href":"https:\/\/revistagenesis.com\/index.php?rest_route=%2Fwp%2Fv2%2Fcomments&post=183142"}],"version-history":[{"count":0,"href":"https:\/\/revistagenesis.com\/index.php?rest_route=\/wp\/v2\/posts\/183142\/revisions"}],"wp:featuredmedia":[{"embeddable":true,"href":"https:\/\/revistagenesis.com\/index.php?rest_route=\/wp\/v2\/media\/183141"}],"wp:attachment":[{"href":"https:\/\/revistagenesis.com\/index.php?rest_route=%2Fwp%2Fv2%2Fmedia&parent=183142"}],"wp:term":[{"taxonomy":"category","embeddable":true,"href":"https:\/\/revistagenesis.com\/index.php?rest_route=%2Fwp%2Fv2%2Fcategories&post=183142"},{"taxonomy":"post_tag","embeddable":true,"href":"https:\/\/revistagenesis.com\/index.php?rest_route=%2Fwp%2Fv2%2Ftags&post=183142"}],"curies":[{"name":"wp","href":"https:\/\/api.w.org\/{rel}","templated":true}]}}