{"id":183139,"date":"2024-04-26T15:50:44","date_gmt":"2024-04-26T18:50:44","guid":{"rendered":"https:\/\/revistagenesis.com\/?p=183139"},"modified":"2024-04-26T15:50:44","modified_gmt":"2024-04-26T18:50:44","slug":"convocatoria-a-acto-electoral","status":"publish","type":"post","link":"https:\/\/revistagenesis.com\/?p=183139","title":{"rendered":"CONVOCATORIA A ACTO ELECTORAL."},"content":{"rendered":"\n<p><\/p>\n\n\n\n<p><\/p>\n\n\n\n<figure class=\"wp-block-image size-large\"><img data-recalc-dims=\"1\" fetchpriority=\"high\" decoding=\"async\" width=\"917\" height=\"1024\" src=\"https:\/\/i0.wp.com\/revistagenesis.com\/wp-content\/uploads\/2024\/04\/screenshot_20240426_094510_allpdfreader7334809295936211265.jpg?resize=917%2C1024&#038;ssl=1\" alt=\"\" class=\"wp-image-183133\" srcset=\"https:\/\/i0.wp.com\/revistagenesis.com\/wp-content\/uploads\/2024\/04\/screenshot_20240426_094510_allpdfreader7334809295936211265.jpg?resize=917%2C1024&amp;ssl=1 917w, https:\/\/i0.wp.com\/revistagenesis.com\/wp-content\/uploads\/2024\/04\/screenshot_20240426_094510_allpdfreader7334809295936211265.jpg?resize=269%2C300&amp;ssl=1 269w, https:\/\/i0.wp.com\/revistagenesis.com\/wp-content\/uploads\/2024\/04\/screenshot_20240426_094510_allpdfreader7334809295936211265.jpg?resize=768%2C858&amp;ssl=1 768w, https:\/\/i0.wp.com\/revistagenesis.com\/wp-content\/uploads\/2024\/04\/screenshot_20240426_094510_allpdfreader7334809295936211265.jpg?w=1080&amp;ssl=1 1080w\" sizes=\"(max-width: 917px) 100vw, 917px\" \/><\/figure>\n","protected":false},"excerpt":{"rendered":"","protected":false},"author":2,"featured_media":183138,"comment_status":"","ping_status":"open","sticky":false,"template":"","format":"standard","meta":{"jetpack_post_was_ever_published":false,"_jetpack_newsletter_access":"","_jetpack_dont_email_post_to_subs":false,"_jetpack_newsletter_tier_id":0,"_jetpack_memberships_contains_paywalled_content":false,"_jetpack_memberships_contains_paid_content":false,"footnotes":""},"categories":[1],"tags":[],"class_list":["post-183139","post","type-post","status-publish","format-standard","has-post-thumbnail","hentry","category-interes-general"],"jetpack_featured_media_url":"https:\/\/i0.wp.com\/revistagenesis.com\/wp-content\/uploads\/2024\/04\/Screenshot_20240426_094510_AllPDFReader-1.jpg?fit=1080%2C1206&ssl=1","jetpack_likes_enabled":true,"jetpack-related-posts":[{"id":182185,"url":"https:\/\/revistagenesis.com\/?p=182185","url_meta":{"origin":183139,"position":0},"title":"CIRCULO DE EDUCADORES ROQUEPERENSES: CONVOCATORIA A ACTO ELECTORAL","author":"Nicolas Bagliere","date":"10\/03\/2023","format":false,"excerpt":"","rel":"","context":"En \u00abInter\u00e9s General\u00bb","block_context":{"text":"Inter\u00e9s General","link":"https:\/\/revistagenesis.com\/?cat=1"},"img":{"alt_text":"","src":"https:\/\/i0.wp.com\/revistagenesis.com\/wp-content\/uploads\/2023\/03\/Screenshot_20230310-153955_Word.jpg?fit=791%2C1200&ssl=1&resize=350%2C200","width":350,"height":200,"srcset":"https:\/\/i0.wp.com\/revistagenesis.com\/wp-content\/uploads\/2023\/03\/Screenshot_20230310-153955_Word.jpg?fit=791%2C1200&ssl=1&resize=350%2C200 1x, https:\/\/i0.wp.com\/revistagenesis.com\/wp-content\/uploads\/2023\/03\/Screenshot_20230310-153955_Word.jpg?fit=791%2C1200&ssl=1&resize=525%2C300 1.5x, https:\/\/i0.wp.com\/revistagenesis.com\/wp-content\/uploads\/2023\/03\/Screenshot_20230310-153955_Word.jpg?fit=791%2C1200&ssl=1&resize=700%2C400 2x"},"classes":[]},{"id":181318,"url":"https:\/\/revistagenesis.com\/?p=181318","url_meta":{"origin":183139,"position":1},"title":"CONVOCATORIA DEL CIRCULO DE EDUCADORES ROQUEPERENSES","author":"Nicolas Bagliere","date":"14\/02\/2022","format":false,"excerpt":"El Circulo Educadores Roqueperenses convoca a elecciones de miembros de la Comisi\u00f3n Directiva, Comisi\u00f3n Revisora de Cuentas y Delegados a Congreso, a celebrarse el pr\u00f3ximo 27 de Abril entre las 08 y las 18 hs en la sede del Circulo de Educadores Roqueperenses, ubicado en calle Ituzaingo N\u00b0243.","rel":"","context":"En \u00abInter\u00e9s General\u00bb","block_context":{"text":"Inter\u00e9s General","link":"https:\/\/revistagenesis.com\/?cat=1"},"img":{"alt_text":"","src":"https:\/\/i0.wp.com\/revistagenesis.com\/wp-content\/uploads\/2022\/02\/20220214_090535.jpg?fit=720%2C928&ssl=1&resize=350%2C200","width":350,"height":200,"srcset":"https:\/\/i0.wp.com\/revistagenesis.com\/wp-content\/uploads\/2022\/02\/20220214_090535.jpg?fit=720%2C928&ssl=1&resize=350%2C200 1x, https:\/\/i0.wp.com\/revistagenesis.com\/wp-content\/uploads\/2022\/02\/20220214_090535.jpg?fit=720%2C928&ssl=1&resize=525%2C300 1.5x, https:\/\/i0.wp.com\/revistagenesis.com\/wp-content\/uploads\/2022\/02\/20220214_090535.jpg?fit=720%2C928&ssl=1&resize=700%2C400 2x"},"classes":[]},{"id":182851,"url":"https:\/\/revistagenesis.com\/?p=182851","url_meta":{"origin":183139,"position":2},"title":"CARNAVALES 2024 Y CONVOCATORIA A TODOS LOS ARTISTAS DE ROQUE PEREZ.","author":"Nicolas Bagliere","date":"03\/01\/2024","format":"image","excerpt":"Desde la Direcci\u00f3n de Cultura, Jorge Garabento, inform\u00f3 c\u00f3mo se est\u00e1 trabajando de cara a los carnavales en Carlos Beguerie y otros eventos organizados para el mes de Enero.\u00a0 \"Se vienen tres espect\u00e1culos con distintos ritmos y diferentes p\u00fablicos\" explic\u00f3.\u00a0 Adem\u00e1s\u00a0 confirm\u00f3 para este a\u00f1o, \"una convocatoria de todos los\u2026","rel":"","context":"En \u00abInter\u00e9s General\u00bb","block_context":{"text":"Inter\u00e9s General","link":"https:\/\/revistagenesis.com\/?cat=1"},"img":{"alt_text":"","src":"https:\/\/i0.wp.com\/revistagenesis.com\/wp-content\/uploads\/2024\/01\/wp-17042773242818142142189811152187.jpg?fit=1200%2C540&ssl=1&resize=350%2C200","width":350,"height":200,"srcset":"https:\/\/i0.wp.com\/revistagenesis.com\/wp-content\/uploads\/2024\/01\/wp-17042773242818142142189811152187.jpg?fit=1200%2C540&ssl=1&resize=350%2C200 1x, https:\/\/i0.wp.com\/revistagenesis.com\/wp-content\/uploads\/2024\/01\/wp-17042773242818142142189811152187.jpg?fit=1200%2C540&ssl=1&resize=525%2C300 1.5x, https:\/\/i0.wp.com\/revistagenesis.com\/wp-content\/uploads\/2024\/01\/wp-17042773242818142142189811152187.jpg?fit=1200%2C540&ssl=1&resize=700%2C400 2x, https:\/\/i0.wp.com\/revistagenesis.com\/wp-content\/uploads\/2024\/01\/wp-17042773242818142142189811152187.jpg?fit=1200%2C540&ssl=1&resize=1050%2C600 3x"},"classes":[]},{"id":170450,"url":"https:\/\/revistagenesis.com\/?p=170450","url_meta":{"origin":183139,"position":3},"title":"Convocatoria para el sector porcino","author":"Nicolas Bagliere","date":"26\/07\/2018","format":false,"excerpt":"Debido a la crisis del sector porcino que se ve afectado por la dolarizaci\u00f3n de los insumos y materias primas, y ante el cierre y venta de planteles de madres, Mariani se contact\u00f3 con la c\u00e1mara de productores porcinos y acompa\u00f1o la gesti\u00f3n de un proyecto de ley de emergencia\u2026","rel":"","context":"En \u00abInter\u00e9s General\u00bb","block_context":{"text":"Inter\u00e9s General","link":"https:\/\/revistagenesis.com\/?cat=1"},"img":{"alt_text":"","src":"https:\/\/i0.wp.com\/revistagenesis.com\/wp-content\/uploads\/2018\/07\/IMG-20180725-WA0039.jpg?fit=800%2C800&ssl=1&resize=350%2C200","width":350,"height":200,"srcset":"https:\/\/i0.wp.com\/revistagenesis.com\/wp-content\/uploads\/2018\/07\/IMG-20180725-WA0039.jpg?fit=800%2C800&ssl=1&resize=350%2C200 1x, https:\/\/i0.wp.com\/revistagenesis.com\/wp-content\/uploads\/2018\/07\/IMG-20180725-WA0039.jpg?fit=800%2C800&ssl=1&resize=525%2C300 1.5x, https:\/\/i0.wp.com\/revistagenesis.com\/wp-content\/uploads\/2018\/07\/IMG-20180725-WA0039.jpg?fit=800%2C800&ssl=1&resize=700%2C400 2x"},"classes":[]},{"id":11738,"url":"https:\/\/revistagenesis.com\/?p=11738","url_meta":{"origin":183139,"position":4},"title":"Convocatoria a un mes de la desaparici\u00f3n de Santiago Maldonado","author":"Nicolas Bagliere","date":"01\/09\/2017","format":false,"excerpt":"Este s\u00e1bado, familiares, amigos y vecinos, se reuniran en el play\u00f3n Homero Fernandez de la ciudad de Roque P\u00e9rez, para pedir la aparici\u00f3n con vida del joven de 25 de Mayo. Desde las 15.30, se espera la presencia de los vecinos, para participar de una charla imformativa sobre quien es\u2026","rel":"","context":"En \u00abInter\u00e9s General\u00bb","block_context":{"text":"Inter\u00e9s General","link":"https:\/\/revistagenesis.com\/?cat=1"},"img":{"alt_text":"","src":"https:\/\/i0.wp.com\/revistagenesis.com\/wp-content\/uploads\/2017\/08\/wp-image-1166094217.jpeg?fit=584%2C1040&ssl=1&resize=350%2C200","width":350,"height":200,"srcset":"https:\/\/i0.wp.com\/revistagenesis.com\/wp-content\/uploads\/2017\/08\/wp-image-1166094217.jpeg?fit=584%2C1040&ssl=1&resize=350%2C200 1x, https:\/\/i0.wp.com\/revistagenesis.com\/wp-content\/uploads\/2017\/08\/wp-image-1166094217.jpeg?fit=584%2C1040&ssl=1&resize=525%2C300 1.5x"},"classes":[]},{"id":180163,"url":"https:\/\/revistagenesis.com\/?p=180163","url_meta":{"origin":183139,"position":5},"title":"\u00abHAY UNA RESOLUCION QUE NO PERMITE REALIZAR ACTO DE EGRESADOS EN MUNICIPIOS EN RIESGO EPIDEMIOLOGICO\u00bb","author":"Nicolas Bagliere","date":"20\/11\/2020","format":false,"excerpt":"Este viernes, alumnos de 5to a\u00f1o de la Secundaria N\u00b05 de Carlos Beguerie, entrevistaron al profesor Pablo Pesaresi, Inspector Jefe Distrital de Educaci\u00f3n. Audio de la entrevista:","rel":"","context":"En \u00abInter\u00e9s General\u00bb","block_context":{"text":"Inter\u00e9s General","link":"https:\/\/revistagenesis.com\/?cat=1"},"img":{"alt_text":"","src":"https:\/\/i0.wp.com\/revistagenesis.com\/wp-content\/uploads\/2020\/11\/20201120_1703372668131023935288088.jpg?fit=720%2C531&ssl=1&resize=350%2C200","width":350,"height":200,"srcset":"https:\/\/i0.wp.com\/revistagenesis.com\/wp-content\/uploads\/2020\/11\/20201120_1703372668131023935288088.jpg?fit=720%2C531&ssl=1&resize=350%2C200 1x, https:\/\/i0.wp.com\/revistagenesis.com\/wp-content\/uploads\/2020\/11\/20201120_1703372668131023935288088.jpg?fit=720%2C531&ssl=1&resize=525%2C300 1.5x, https:\/\/i0.wp.com\/revistagenesis.com\/wp-content\/uploads\/2020\/11\/20201120_1703372668131023935288088.jpg?fit=720%2C531&ssl=1&resize=700%2C400 2x"},"classes":[]}],"jetpack_sharing_enabled":true,"_links":{"self":[{"href":"https:\/\/revistagenesis.com\/index.php?rest_route=\/wp\/v2\/posts\/183139","targetHints":{"allow":["GET"]}}],"collection":[{"href":"https:\/\/revistagenesis.com\/index.php?rest_route=\/wp\/v2\/posts"}],"about":[{"href":"https:\/\/revistagenesis.com\/index.php?rest_route=\/wp\/v2\/types\/post"}],"author":[{"embeddable":true,"href":"https:\/\/revistagenesis.com\/index.php?rest_route=\/wp\/v2\/users\/2"}],"replies":[{"embeddable":true,"href":"https:\/\/revistagenesis.com\/index.php?rest_route=%2Fwp%2Fv2%2Fcomments&post=183139"}],"version-history":[{"count":0,"href":"https:\/\/revistagenesis.com\/index.php?rest_route=\/wp\/v2\/posts\/183139\/revisions"}],"wp:featuredmedia":[{"embeddable":true,"href":"https:\/\/revistagenesis.com\/index.php?rest_route=\/wp\/v2\/media\/183138"}],"wp:attachment":[{"href":"https:\/\/revistagenesis.com\/index.php?rest_route=%2Fwp%2Fv2%2Fmedia&parent=183139"}],"wp:term":[{"taxonomy":"category","embeddable":true,"href":"https:\/\/revistagenesis.com\/index.php?rest_route=%2Fwp%2Fv2%2Fcategories&post=183139"},{"taxonomy":"post_tag","embeddable":true,"href":"https:\/\/revistagenesis.com\/index.php?rest_route=%2Fwp%2Fv2%2Ftags&post=183139"}],"curies":[{"name":"wp","href":"https:\/\/api.w.org\/{rel}","templated":true}]}}