{"id":183137,"date":"2024-04-30T12:16:03","date_gmt":"2024-04-30T15:16:03","guid":{"rendered":"https:\/\/revistagenesis.com\/?p=183137"},"modified":"2024-04-30T12:16:03","modified_gmt":"2024-04-30T15:16:03","slug":"martin-raposo-asumio-como-director-general-de-servicios-urbanos","status":"publish","type":"post","link":"https:\/\/revistagenesis.com\/?p=183137","title":{"rendered":"MART\u00cdN RAPOSO ASUMI\u00d3 COMO DIRECTOR GENERAL DE SERVICIOS URBANOS"},"content":{"rendered":"\n<p><br>El intendente de 25 de Mayo, Dr. Ramiro Eg\u00fcen, dispuso que el actual Director de Aguas y Cloacas, Mart\u00edn Raposo, se haga cargo de la Direcci\u00f3n de Servicios Urbanos, que es la que se ocupa de la higiene urbana y el mantenimiento de las calles de la ciudad.<\/p>\n\n\n\n<p><br>Raposo, que viene desempe\u00f1\u00e1ndose a cargo de la Direcci\u00f3n de Aguas y Cloacas desde el inicio de la actual gesti\u00f3n municipal, tiene su centro de operaciones en el corral\u00f3n de calle 11 y 23, conservar\u00e1 las \u00e1reas que ya conduce y le sumar\u00e1 esta nueva.<br>Esta medida que adopta el Ejecutivo tiende a mejorar la higiene urbana frente a los reclamos ciudadanos, dada la puesta en valor de los barrios en el marco de la planificaci\u00f3n que se viene llevando adelante, complejizada por las lluvias constantes y por el trabajo de poda que se va a intensificar.<\/p>\n\n\n\n<figure class=\"wp-block-image size-large\"><img data-recalc-dims=\"1\" fetchpriority=\"high\" decoding=\"async\" width=\"1024\" height=\"643\" src=\"https:\/\/i0.wp.com\/revistagenesis.com\/wp-content\/uploads\/2024\/04\/img-20240430-wa00312117598494179379294.jpg?resize=1024%2C643&#038;ssl=1\" alt=\"\" class=\"wp-image-183135\" srcset=\"https:\/\/i0.wp.com\/revistagenesis.com\/wp-content\/uploads\/2024\/04\/img-20240430-wa00312117598494179379294.jpg?resize=1024%2C643&amp;ssl=1 1024w, https:\/\/i0.wp.com\/revistagenesis.com\/wp-content\/uploads\/2024\/04\/img-20240430-wa00312117598494179379294.jpg?resize=300%2C188&amp;ssl=1 300w, https:\/\/i0.wp.com\/revistagenesis.com\/wp-content\/uploads\/2024\/04\/img-20240430-wa00312117598494179379294.jpg?resize=768%2C482&amp;ssl=1 768w, https:\/\/i0.wp.com\/revistagenesis.com\/wp-content\/uploads\/2024\/04\/img-20240430-wa00312117598494179379294.jpg?w=1280&amp;ssl=1 1280w\" sizes=\"(max-width: 1024px) 100vw, 1024px\" \/><\/figure>\n","protected":false},"excerpt":{"rendered":"<p>El intendente de 25 de Mayo, Dr. Ramiro Eg\u00fcen, dispuso que el actual Director de Aguas y Cloacas, Mart\u00edn Raposo, se haga cargo de la Direcci\u00f3n de Servicios Urbanos, que es la que se ocupa de la higiene urbana y el mantenimiento de las calles de la ciudad. Raposo, que viene desempe\u00f1\u00e1ndose a cargo de &#8230; <a title=\"MART\u00cdN RAPOSO ASUMI\u00d3 COMO DIRECTOR GENERAL DE SERVICIOS URBANOS\" class=\"read-more\" href=\"https:\/\/revistagenesis.com\/?p=183137\">Leer mas<\/a><\/p>\n","protected":false},"author":2,"featured_media":183136,"comment_status":"","ping_status":"open","sticky":false,"template":"","format":"standard","meta":{"jetpack_post_was_ever_published":false,"_jetpack_newsletter_access":"","_jetpack_dont_email_post_to_subs":false,"_jetpack_newsletter_tier_id":0,"_jetpack_memberships_contains_paywalled_content":false,"_jetpack_memberships_contains_paid_content":false,"footnotes":""},"categories":[1],"tags":[],"class_list":["post-183137","post","type-post","status-publish","format-standard","has-post-thumbnail","hentry","category-interes-general"],"jetpack_featured_media_url":"https:\/\/i0.wp.com\/revistagenesis.com\/wp-content\/uploads\/2024\/04\/IMG-20240430-WA0031.jpg?fit=1280%2C804&ssl=1","jetpack_likes_enabled":true,"jetpack-related-posts":[{"id":10562,"url":"https:\/\/revistagenesis.com\/?p=10562","url_meta":{"origin":183137,"position":0},"title":"Semana a inscripci\u00f3n a las carreras universitarios","author":"Nicolas Bagliere","date":"13\/06\/2017","format":false,"excerpt":"\u00a0 El Intendente municipal de Roque P\u00e9rez, Juan Carlos Gasparini, a trav\u00e9s de la Secretar\u00eda de Coordinaci\u00f3n y Gesti\u00f3n municipal a cargo de la profesora Graciana Uruslepo, informa que el Municipio de Roque P\u00e9rez, con la intenci\u00f3n de seguir fortaleciendo la educaci\u00f3n en el distrito, el viernes 23 de junio\u2026","rel":"","context":"En \u00abInter\u00e9s General\u00bb","block_context":{"text":"Inter\u00e9s General","link":"https:\/\/revistagenesis.com\/?cat=1"},"img":{"alt_text":"","src":"https:\/\/i0.wp.com\/revistagenesis.com\/wp-content\/uploads\/2017\/06\/universidad-de-avellaneda.jpg?resize=350%2C200","width":350,"height":200},"classes":[]},{"id":10366,"url":"https:\/\/revistagenesis.com\/?p=10366","url_meta":{"origin":183137,"position":1},"title":"FIRMAR\u00c1N CONVENIO ESPEC\u00cdFICO CON LA UNDAV","author":"Nicolas Bagliere","date":"06\/06\/2017","format":false,"excerpt":"\u00a0 El Intendente municipal de Roque P\u00e9rez, Juan Carlos Gasparini, a trav\u00e9s de la Secretar\u00eda de Coordinaci\u00f3n y Gesti\u00f3n municipal a cargo de la profesora Graciana Uruslepo, informa que el Municipio de Roque P\u00e9rez, con la intenci\u00f3n de seguir fortaleciendo la educaci\u00f3n en el distrito, el viernes 23 de junio\u2026","rel":"","context":"En \u00abInter\u00e9s General\u00bb","block_context":{"text":"Inter\u00e9s General","link":"https:\/\/revistagenesis.com\/?cat=1"},"img":{"alt_text":"","src":"https:\/\/i0.wp.com\/revistagenesis.com\/wp-content\/uploads\/2017\/06\/universidad-de-avellaneda.jpg?resize=350%2C200","width":350,"height":200},"classes":[]},{"id":180674,"url":"https:\/\/revistagenesis.com\/?p=180674","url_meta":{"origin":183137,"position":2},"title":"ROQUE PEREZ VUELVE A FASE 2 . \u00bfCUALES SON LAS RESTRICCIONES?","author":"Nicolas Bagliere","date":"21\/05\/2021","format":false,"excerpt":"En la conferencia de prensa de esta tarde, el gobernador bonaerense, Axel Kicillof, inform\u00f3 que las restricciones m\u00e1s estrictas que se aplicar\u00e1n en el territorio son para los municipios que se encuentran en Fase 2 (Roque P\u00e9rez) y Fase 3. Cu\u00e1les quedan fuera y cu\u00e1les dentro. ? A PARTIR DE\u2026","rel":"","context":"En \u00abInter\u00e9s General\u00bb","block_context":{"text":"Inter\u00e9s General","link":"https:\/\/revistagenesis.com\/?cat=1"},"img":{"alt_text":"","src":"https:\/\/i0.wp.com\/revistagenesis.com\/wp-content\/uploads\/2021\/04\/20150815_120613-660x330-16574592470951085497.jpg?fit=660%2C330&ssl=1&resize=350%2C200","width":350,"height":200,"srcset":"https:\/\/i0.wp.com\/revistagenesis.com\/wp-content\/uploads\/2021\/04\/20150815_120613-660x330-16574592470951085497.jpg?fit=660%2C330&ssl=1&resize=350%2C200 1x, https:\/\/i0.wp.com\/revistagenesis.com\/wp-content\/uploads\/2021\/04\/20150815_120613-660x330-16574592470951085497.jpg?fit=660%2C330&ssl=1&resize=525%2C300 1.5x"},"classes":[]},{"id":10212,"url":"https:\/\/revistagenesis.com\/?p=10212","url_meta":{"origin":183137,"position":3},"title":"REALIZAN TAREA DE MANTENIMEITNO Y LIMPIEZA DE CANALES","author":"Nicolas Bagliere","date":"30\/05\/2017","format":false,"excerpt":"\u00a0 El intendente municipal Juan Carlos Gasparini, a trav\u00e9s de su valiosa cuadrilla de empleados, est\u00e1n llevando adelante tareas de mantenimiento y limpieza de diferentes canales aliviadores en la planta urbana de la ciudad. Estas tareas se realizan bajo la direcci\u00f3n del inspector Dagoberto Luque, de vasta experiencia en estos\u2026","rel":"","context":"En \u00abInter\u00e9s General\u00bb","block_context":{"text":"Inter\u00e9s General","link":"https:\/\/revistagenesis.com\/?cat=1"},"img":{"alt_text":"","src":"https:\/\/i0.wp.com\/revistagenesis.com\/wp-content\/uploads\/2017\/05\/limpieza-de-canales.jpg?fit=1136%2C638&ssl=1&resize=350%2C200","width":350,"height":200,"srcset":"https:\/\/i0.wp.com\/revistagenesis.com\/wp-content\/uploads\/2017\/05\/limpieza-de-canales.jpg?fit=1136%2C638&ssl=1&resize=350%2C200 1x, https:\/\/i0.wp.com\/revistagenesis.com\/wp-content\/uploads\/2017\/05\/limpieza-de-canales.jpg?fit=1136%2C638&ssl=1&resize=525%2C300 1.5x, https:\/\/i0.wp.com\/revistagenesis.com\/wp-content\/uploads\/2017\/05\/limpieza-de-canales.jpg?fit=1136%2C638&ssl=1&resize=700%2C400 2x, https:\/\/i0.wp.com\/revistagenesis.com\/wp-content\/uploads\/2017\/05\/limpieza-de-canales.jpg?fit=1136%2C638&ssl=1&resize=1050%2C600 3x"},"classes":[]},{"id":3097,"url":"https:\/\/revistagenesis.com\/?p=3097","url_meta":{"origin":183137,"position":4},"title":"Jornada de Cardiologia conjunta","author":"Nicolas Bagliere","date":"11\/11\/2015","format":false,"excerpt":"Se llev\u00f3 a cabo una conferencia de prensa en la Direcci\u00f3n del Hospital Municipal Dr. Ram\u00f3n Carrillo de Roque P\u00e9rez, hoy mi\u00e9rcoles 11 de noviembre a las 11 horas, con motivo de llevarse a cabo el viernes 13 de noviembre, la \"1\u00ba Jornada de Cardiolog\u00eda Conjunta SAC-FAC\" (Sociedad Argentina de\u2026","rel":"","context":"En \u00abInter\u00e9s General\u00bb","block_context":{"text":"Inter\u00e9s General","link":"https:\/\/revistagenesis.com\/?cat=1"},"img":{"alt_text":"","src":"https:\/\/i0.wp.com\/revistagenesis.com\/wp-content\/uploads\/2015\/11\/Jornada-cardiologica.jpg?fit=960%2C576&ssl=1&resize=350%2C200","width":350,"height":200,"srcset":"https:\/\/i0.wp.com\/revistagenesis.com\/wp-content\/uploads\/2015\/11\/Jornada-cardiologica.jpg?fit=960%2C576&ssl=1&resize=350%2C200 1x, https:\/\/i0.wp.com\/revistagenesis.com\/wp-content\/uploads\/2015\/11\/Jornada-cardiologica.jpg?fit=960%2C576&ssl=1&resize=525%2C300 1.5x, https:\/\/i0.wp.com\/revistagenesis.com\/wp-content\/uploads\/2015\/11\/Jornada-cardiologica.jpg?fit=960%2C576&ssl=1&resize=700%2C400 2x"},"classes":[]},{"id":2099,"url":"https:\/\/revistagenesis.com\/?p=2099","url_meta":{"origin":183137,"position":5},"title":"Para estar alerta","author":"Nicolas Bagliere","date":"13\/08\/2015","format":false,"excerpt":"La Municipalidad de Roque P\u00e9rez comunica a la poblaci\u00f3n que si bien se ha logrado controlar el agua acumulada en todo el casco urbano, proveniente del escurrimiento superficial debido a las abundantes lluvias de los \u00faltimos d\u00edas, en la actualidad se est\u00e1 trabajando en todo el alteo perimetral que protege\u2026","rel":"","context":"En \u00abInter\u00e9s General\u00bb","block_context":{"text":"Inter\u00e9s General","link":"https:\/\/revistagenesis.com\/?cat=1"},"img":{"alt_text":"gise","src":"https:\/\/i0.wp.com\/www.revistagenesis.com\/wp-content\/uploads\/2015\/08\/gise-300x180.jpg?resize=350%2C200","width":350,"height":200},"classes":[]}],"jetpack_sharing_enabled":true,"_links":{"self":[{"href":"https:\/\/revistagenesis.com\/index.php?rest_route=\/wp\/v2\/posts\/183137","targetHints":{"allow":["GET"]}}],"collection":[{"href":"https:\/\/revistagenesis.com\/index.php?rest_route=\/wp\/v2\/posts"}],"about":[{"href":"https:\/\/revistagenesis.com\/index.php?rest_route=\/wp\/v2\/types\/post"}],"author":[{"embeddable":true,"href":"https:\/\/revistagenesis.com\/index.php?rest_route=\/wp\/v2\/users\/2"}],"replies":[{"embeddable":true,"href":"https:\/\/revistagenesis.com\/index.php?rest_route=%2Fwp%2Fv2%2Fcomments&post=183137"}],"version-history":[{"count":0,"href":"https:\/\/revistagenesis.com\/index.php?rest_route=\/wp\/v2\/posts\/183137\/revisions"}],"wp:featuredmedia":[{"embeddable":true,"href":"https:\/\/revistagenesis.com\/index.php?rest_route=\/wp\/v2\/media\/183136"}],"wp:attachment":[{"href":"https:\/\/revistagenesis.com\/index.php?rest_route=%2Fwp%2Fv2%2Fmedia&parent=183137"}],"wp:term":[{"taxonomy":"category","embeddable":true,"href":"https:\/\/revistagenesis.com\/index.php?rest_route=%2Fwp%2Fv2%2Fcategories&post=183137"},{"taxonomy":"post_tag","embeddable":true,"href":"https:\/\/revistagenesis.com\/index.php?rest_route=%2Fwp%2Fv2%2Ftags&post=183137"}],"curies":[{"name":"wp","href":"https:\/\/api.w.org\/{rel}","templated":true}]}}