{"id":181528,"date":"2022-04-30T11:10:04","date_gmt":"2022-04-30T14:10:04","guid":{"rendered":"http:\/\/revistagenesis.com\/2022\/04\/30\/sebastian-pescie-por-un-nuevo-record-en-paratrike\/"},"modified":"2022-04-30T11:10:48","modified_gmt":"2022-04-30T14:10:48","slug":"sebastian-pescie-por-un-nuevo-record-en-paratrike","status":"publish","type":"post","link":"https:\/\/revistagenesis.com\/?p=181528","title":{"rendered":"SEBASTIAN PESCIE POR UN NUEVO RECORD EN PARATRIKE"},"content":{"rendered":"\n<p>Este s\u00e1bado, el roqueperense Sebasti\u00e1n Pesce, incursion\u00f3 en una nueva aventura en Paratrike. Despegando desde Roque P\u00e9rez, va a intentar volar y registrar un record nacional de la FAVL &#8211; Federaci\u00f3n Argentina De Vuelo Libre \/ Sub-Comisi\u00f3n de Paramotor &amp; Paratrike tomando un Circuito cerrado sin aterrizar en la categoria RPL1T (paratrike monoplaza), recorriendo un Triangulo de 300 klmts.<\/p>\n\n\n\n<figure class=\"wp-block-image size-large\"><img data-recalc-dims=\"1\" fetchpriority=\"high\" decoding=\"async\" width=\"720\" height=\"960\" src=\"https:\/\/i0.wp.com\/revistagenesis.com\/wp-content\/uploads\/2022\/04\/received_5569670191108642524320974878719872.jpeg?resize=720%2C960&#038;ssl=1\" alt=\"\" class=\"wp-image-181526\" srcset=\"https:\/\/i0.wp.com\/revistagenesis.com\/wp-content\/uploads\/2022\/04\/received_5569670191108642524320974878719872.jpeg?w=720&amp;ssl=1 720w, https:\/\/i0.wp.com\/revistagenesis.com\/wp-content\/uploads\/2022\/04\/received_5569670191108642524320974878719872.jpeg?resize=225%2C300&amp;ssl=1 225w\" sizes=\"(max-width: 720px) 100vw, 720px\" \/><\/figure>\n\n\n\n<p>El tiempo de vuelo estimado ser\u00e1 de 6 horas,   siendo que despeg\u00f3 desde el predio de las 33 hect\u00e1reas cerca de las 07.15 hs. Durante el vuelo nos comparti\u00f3 esta foto.<\/p>\n","protected":false},"excerpt":{"rendered":"<p>Este s\u00e1bado, el roqueperense Sebasti\u00e1n Pesce, incursion\u00f3 en una nueva aventura en Paratrike. Despegando desde Roque P\u00e9rez, va a intentar volar y registrar un record nacional de la FAVL &#8211; Federaci\u00f3n Argentina De Vuelo Libre \/ Sub-Comisi\u00f3n de Paramotor &amp; Paratrike tomando un Circuito cerrado sin aterrizar en la categoria RPL1T (paratrike monoplaza), recorriendo un &#8230; <a title=\"SEBASTIAN PESCIE POR UN NUEVO RECORD EN PARATRIKE\" class=\"read-more\" href=\"https:\/\/revistagenesis.com\/?p=181528\">Leer mas<\/a><\/p>\n","protected":false},"author":2,"featured_media":181527,"comment_status":"open","ping_status":"open","sticky":false,"template":"","format":"image","meta":{"jetpack_post_was_ever_published":false,"_jetpack_newsletter_access":"","_jetpack_dont_email_post_to_subs":false,"_jetpack_newsletter_tier_id":0,"_jetpack_memberships_contains_paywalled_content":false,"_jetpack_memberships_contains_paid_content":false,"footnotes":""},"categories":[1],"tags":[],"class_list":["post-181528","post","type-post","status-publish","format-image","has-post-thumbnail","hentry","category-interes-general","post_format-post-format-image"],"jetpack_featured_media_url":"https:\/\/i0.wp.com\/revistagenesis.com\/wp-content\/uploads\/2022\/04\/received_556967019110864-1.jpeg?fit=720%2C960&ssl=1","jetpack_likes_enabled":true,"jetpack-related-posts":[{"id":1644,"url":"https:\/\/revistagenesis.com\/?p=1644","url_meta":{"origin":181528,"position":0},"title":"Quiere levantar  vuelo","author":"Nicolas Bagliere","date":"04\/06\/2015","format":false,"excerpt":"La roqueperense Paloma Rocha, jugadora de la Universidad de Palermo, nos cuenta el rendimiento del equipo en el torneo de ADAU (Asociaci\u00f3n del Deporte Amateur Universitario).\u00a0Luego de tres derrotas y un empate, el equipo dirigido por Ariel Garc\u00eda Bianco, se enfrentar\u00e1 a la Universidad Nacional de Tres de Febrero este\u2026","rel":"","context":"En \u00abDeportivas\u00bb","block_context":{"text":"Deportivas","link":"https:\/\/revistagenesis.com\/?cat=17"},"img":{"alt_text":"","src":"https:\/\/i0.wp.com\/revistagenesis.com\/wp-content\/uploads\/2015\/06\/paloma-rocha.jpg?fit=500%2C441&ssl=1&resize=350%2C200","width":350,"height":200},"classes":[]},{"id":2389,"url":"https:\/\/revistagenesis.com\/?p=2389","url_meta":{"origin":181528,"position":1},"title":"Con vuelo propio","author":"Nicolas Bagliere","date":"24\/09\/2015","format":false,"excerpt":"\u00a0 Thomas Giovanelli\u00a0 se hizo presente en el Parque Eva Per\u00f3n de Lan\u00fas, para competir y poder clasificar para el selectivo de ciclismo de la Provincia de Buenos Aires para los Juegos Evita. La competencia \u00a0se llev\u00f3 a cabo el domingo 30 de agosto, en donde el joven ciclista,\u00a0 dej\u00f3\u2026","rel":"","context":"En \u00abDeportivas\u00bb","block_context":{"text":"Deportivas","link":"https:\/\/revistagenesis.com\/?cat=17"},"img":{"alt_text":"thomas giovanelli","src":"https:\/\/i0.wp.com\/www.revistagenesis.com\/wp-content\/uploads\/2015\/09\/thomas-giovanelli-200x300.jpg?resize=350%2C200","width":350,"height":200},"classes":[]},{"id":6746,"url":"https:\/\/revistagenesis.com\/?p=6746","url_meta":{"origin":181528,"position":2},"title":"Patinaje de alto vuelo","author":"Nicolas Bagliere","date":"25\/10\/2016","format":false,"excerpt":"La Esucela de Patin de Roque P\u00e9rez cerr\u00f3 su primer participaci\u00f3n del torneo de la liga Lipac con muchos logros. Este fin de semana, las alumnas a cargo de Stefania Yabra, estuvieron en Santa Teresita donde, varias de ellas, obtuvieron el primer puesto. \u00a0El viernes se pasar\u00e1 una nota en\u2026","rel":"","context":"En \u00abDeportivas\u00bb","block_context":{"text":"Deportivas","link":"https:\/\/revistagenesis.com\/?cat=17"},"img":{"alt_text":"","src":"https:\/\/i0.wp.com\/revistagenesis.com\/wp-content\/uploads\/2016\/10\/wp-1477311472709.jpg?fit=480%2C370&ssl=1&resize=350%2C200","width":350,"height":200},"classes":[]},{"id":3640,"url":"https:\/\/revistagenesis.com\/?p=3640","url_meta":{"origin":181528,"position":3},"title":"El hochey comenz\u00f3 la pretemporada","author":"Nicolas Bagliere","date":"04\/02\/2016","format":false,"excerpt":"El Hochey del Club Atl\u00e9tico de Roque P\u00e9rez comenz\u00f3 la pretemporada, de la mano de los profesores Sebasti\u00e1n Palacios y Marcos Tulio. El mi\u00e9rcoles por la tarde, en la cancha de baby f\u00fatbol del club, las jugadoras de primera y de intermedia formaron parte de un partido informal como para\u2026","rel":"","context":"En \u00abDeportivas\u00bb","block_context":{"text":"Deportivas","link":"https:\/\/revistagenesis.com\/?cat=17"},"img":{"alt_text":"","src":"https:\/\/i0.wp.com\/revistagenesis.com\/wp-content\/uploads\/2016\/02\/hochey-pretempo.jpg?fit=960%2C576&ssl=1&resize=350%2C200","width":350,"height":200,"srcset":"https:\/\/i0.wp.com\/revistagenesis.com\/wp-content\/uploads\/2016\/02\/hochey-pretempo.jpg?fit=960%2C576&ssl=1&resize=350%2C200 1x, https:\/\/i0.wp.com\/revistagenesis.com\/wp-content\/uploads\/2016\/02\/hochey-pretempo.jpg?fit=960%2C576&ssl=1&resize=525%2C300 1.5x, https:\/\/i0.wp.com\/revistagenesis.com\/wp-content\/uploads\/2016\/02\/hochey-pretempo.jpg?fit=960%2C576&ssl=1&resize=700%2C400 2x"},"classes":[]},{"id":2510,"url":"https:\/\/revistagenesis.com\/?p=2510","url_meta":{"origin":181528,"position":4},"title":"Sebasti\u00e1n Porto en Roque P\u00e9rez","author":"Nicolas Bagliere","date":"13\/10\/2015","format":false,"excerpt":"\u00a0 La municipalidad Roque P\u00e9rez, invita a la comunidad este Martes a las 15 hs, al Centro Cultural de nuestra ciudad, compartir un gran momento con el piloto Sebasti\u00e1n Porto en el marco de la semana de la seguridad vial. \u00a0","rel":"","context":"En \u00abDeportivas\u00bb","block_context":{"text":"Deportivas","link":"https:\/\/revistagenesis.com\/?cat=17"},"img":{"alt_text":"porto foto","src":"https:\/\/i0.wp.com\/www.revistagenesis.com\/wp-content\/uploads\/2015\/10\/porto-foto.jpg?resize=350%2C200","width":350,"height":200},"classes":[]},{"id":6493,"url":"https:\/\/revistagenesis.com\/?p=6493","url_meta":{"origin":181528,"position":5},"title":"Los deportistas hablaron desde Mar del Plata en \u00abPrograma Piloto\u00bb","author":"Nicolas Bagliere","date":"06\/10\/2016","format":false,"excerpt":"\u00a0 Este jueves 6 de Octubre, continuaron las competencias para los roqueperenses.Nicolas Bagliere, en su \"Programa Piloto\" habl\u00f3 con el director de deportes, Fernando Forastieri y con varios deportistas. Escucha la nota. Mart\u00edn Testa, compiti\u00f3 por la ma\u00f1ana en la instancia final de Nataci\u00f3n convencional 50 metros, estilo crol. Se\u2026","rel":"","context":"En \u00abDeportivas\u00bb","block_context":{"text":"Deportivas","link":"https:\/\/revistagenesis.com\/?cat=17"},"img":{"alt_text":"","src":"https:\/\/i0.wp.com\/revistagenesis.com\/wp-content\/uploads\/2016\/09\/wp-1475167725271.jpg?fit=1200%2C900&ssl=1&resize=350%2C200","width":350,"height":200,"srcset":"https:\/\/i0.wp.com\/revistagenesis.com\/wp-content\/uploads\/2016\/09\/wp-1475167725271.jpg?fit=1200%2C900&ssl=1&resize=350%2C200 1x, https:\/\/i0.wp.com\/revistagenesis.com\/wp-content\/uploads\/2016\/09\/wp-1475167725271.jpg?fit=1200%2C900&ssl=1&resize=525%2C300 1.5x, https:\/\/i0.wp.com\/revistagenesis.com\/wp-content\/uploads\/2016\/09\/wp-1475167725271.jpg?fit=1200%2C900&ssl=1&resize=700%2C400 2x, https:\/\/i0.wp.com\/revistagenesis.com\/wp-content\/uploads\/2016\/09\/wp-1475167725271.jpg?fit=1200%2C900&ssl=1&resize=1050%2C600 3x"},"classes":[]}],"jetpack_sharing_enabled":true,"_links":{"self":[{"href":"https:\/\/revistagenesis.com\/index.php?rest_route=\/wp\/v2\/posts\/181528","targetHints":{"allow":["GET"]}}],"collection":[{"href":"https:\/\/revistagenesis.com\/index.php?rest_route=\/wp\/v2\/posts"}],"about":[{"href":"https:\/\/revistagenesis.com\/index.php?rest_route=\/wp\/v2\/types\/post"}],"author":[{"embeddable":true,"href":"https:\/\/revistagenesis.com\/index.php?rest_route=\/wp\/v2\/users\/2"}],"replies":[{"embeddable":true,"href":"https:\/\/revistagenesis.com\/index.php?rest_route=%2Fwp%2Fv2%2Fcomments&post=181528"}],"version-history":[{"count":1,"href":"https:\/\/revistagenesis.com\/index.php?rest_route=\/wp\/v2\/posts\/181528\/revisions"}],"predecessor-version":[{"id":181530,"href":"https:\/\/revistagenesis.com\/index.php?rest_route=\/wp\/v2\/posts\/181528\/revisions\/181530"}],"wp:featuredmedia":[{"embeddable":true,"href":"https:\/\/revistagenesis.com\/index.php?rest_route=\/wp\/v2\/media\/181527"}],"wp:attachment":[{"href":"https:\/\/revistagenesis.com\/index.php?rest_route=%2Fwp%2Fv2%2Fmedia&parent=181528"}],"wp:term":[{"taxonomy":"category","embeddable":true,"href":"https:\/\/revistagenesis.com\/index.php?rest_route=%2Fwp%2Fv2%2Fcategories&post=181528"},{"taxonomy":"post_tag","embeddable":true,"href":"https:\/\/revistagenesis.com\/index.php?rest_route=%2Fwp%2Fv2%2Ftags&post=181528"}],"curies":[{"name":"wp","href":"https:\/\/api.w.org\/{rel}","templated":true}]}}