{"id":181509,"date":"2022-04-29T14:17:00","date_gmt":"2022-04-29T17:17:00","guid":{"rendered":"http:\/\/revistagenesis.com\/?p=181509"},"modified":"2022-04-29T15:15:08","modified_gmt":"2022-04-29T18:15:08","slug":"santili-junto-a-los-vecinos-de-roque-perez","status":"publish","type":"post","link":"https:\/\/revistagenesis.com\/?p=181509","title":{"rendered":"SANTILLI JUNTO A LOS VECINOS DE ROQUE PEREZ"},"content":{"rendered":"\n<p>El diputado Nacional de Juntos, Diego \u00abcolo\u00bb Santilli visit\u00f3 Roque P\u00e9rez en esta ma\u00f1ana donde comparti\u00f3 un caf\u00e9 (Dulce Mar\u00eda) con vecinos y luego camin\u00f3 por las calles para hablar con comerciantes. En esta recorrida fue recibido por el ex concejal Juan Mar\u00eda Cravero, Gladys Yorio, presidenta del concejo escolar, concejales, consejeros escolares, Alejandro Berti, presidente de la Sociedad Rutal y seguidores del espacio.<\/p>\n\n\n\n<figure class=\"wp-block-image size-large\"><img data-recalc-dims=\"1\" fetchpriority=\"high\" decoding=\"async\" width=\"1024\" height=\"576\" src=\"https:\/\/i0.wp.com\/revistagenesis.com\/wp-content\/uploads\/2022\/04\/20220429_1150428673797824486669059.jpg?resize=1024%2C576&#038;ssl=1\" alt=\"\" class=\"wp-image-181516\" srcset=\"https:\/\/i0.wp.com\/revistagenesis.com\/wp-content\/uploads\/2022\/04\/20220429_1150428673797824486669059-scaled.jpg?resize=1024%2C576&amp;ssl=1 1024w, https:\/\/i0.wp.com\/revistagenesis.com\/wp-content\/uploads\/2022\/04\/20220429_1150428673797824486669059-scaled.jpg?resize=300%2C169&amp;ssl=1 300w, https:\/\/i0.wp.com\/revistagenesis.com\/wp-content\/uploads\/2022\/04\/20220429_1150428673797824486669059-scaled.jpg?resize=768%2C432&amp;ssl=1 768w, https:\/\/i0.wp.com\/revistagenesis.com\/wp-content\/uploads\/2022\/04\/20220429_1150428673797824486669059-scaled.jpg?resize=1536%2C864&amp;ssl=1 1536w, https:\/\/i0.wp.com\/revistagenesis.com\/wp-content\/uploads\/2022\/04\/20220429_1150428673797824486669059-scaled.jpg?resize=2048%2C1152&amp;ssl=1 2048w, https:\/\/i0.wp.com\/revistagenesis.com\/wp-content\/uploads\/2022\/04\/20220429_1150428673797824486669059-scaled.jpg?w=2400&amp;ssl=1 2400w\" sizes=\"(max-width: 1024px) 100vw, 1024px\" \/><\/figure>\n\n\n\n<p>&nbsp;<\/p>\n\n\n\n<p><p><iframe title=\"VISITA DE DIEGO &quot;COLO&quot; SANTILI A ROQUE PEREZ.\" width=\"1200\" height=\"675\" src=\"https:\/\/www.youtube.com\/embed\/OFyOgd8AGPk?feature=oembed\" frameborder=\"0\" allow=\"accelerometer; autoplay; clipboard-write; encrypted-media; gyroscope; picture-in-picture\" allowfullscreen><\/iframe><\/p>\r\n<p>&nbsp;<\/p>\r\n<p>&nbsp;<\/p>\r\n<p>EL CAMPO NECESITA PREVISIBILIDAD<\/p>\r\n<p>El presidente de la Sociedad Rural de Roque P\u00e9rez, Alejandro Berti, manifest\u00f3 que \u00bb los productores no van a aflojar, van a seguir apostando a futuro, lo \u00fanico que se pide es tener presivilidad y poder planificar a futuro y sin dudas que este pa\u00eds y nuestro sector es el primero en arrancar y en dar respuetas.<\/p>\r\n<p>&nbsp;<\/p><\/p>\n","protected":false},"excerpt":{"rendered":"<p>El diputado Nacional de Juntos, Diego \u00abcolo\u00bb Santilli visit\u00f3 Roque P\u00e9rez en esta ma\u00f1ana donde comparti\u00f3 un caf\u00e9 (Dulce Mar\u00eda) con vecinos y luego camin\u00f3 por las calles para hablar con comerciantes. En esta recorrida fue recibido por el ex concejal Juan Mar\u00eda Cravero, Gladys Yorio, presidenta del concejo escolar, concejales, consejeros escolares, Alejandro Berti, &#8230; <a title=\"SANTILLI JUNTO A LOS VECINOS DE ROQUE PEREZ\" class=\"read-more\" href=\"https:\/\/revistagenesis.com\/?p=181509\">Leer mas<\/a><\/p>\n","protected":false},"author":2,"featured_media":181510,"comment_status":"open","ping_status":"open","sticky":false,"template":"","format":"image","meta":{"jetpack_post_was_ever_published":false,"_jetpack_newsletter_access":"","_jetpack_dont_email_post_to_subs":false,"_jetpack_newsletter_tier_id":0,"_jetpack_memberships_contains_paywalled_content":false,"_jetpack_memberships_contains_paid_content":false,"footnotes":""},"categories":[1],"tags":[],"class_list":["post-181509","post","type-post","status-publish","format-image","has-post-thumbnail","hentry","category-interes-general","post_format-post-format-image"],"jetpack_featured_media_url":"https:\/\/i0.wp.com\/revistagenesis.com\/wp-content\/uploads\/2022\/04\/20220429_110156-scaled.jpg?fit=2560%2C1920&ssl=1","jetpack_likes_enabled":true,"jetpack-related-posts":[{"id":1063,"url":"https:\/\/revistagenesis.com\/?p=1063","url_meta":{"origin":181509,"position":0},"title":"Gerardo Bruno es el nuevo presidente de la Sociedad Rural","author":"Nicolas Bagliere","date":"30\/03\/2015","format":false,"excerpt":"\u00a0 La Sociedad Rural de Roque P\u00e9rez realiz\u00f3 el ultimo s\u00e1bado , la asamblea general ordinaria para la renovaci\u00f3n total de la comisi\u00f3n directiva. De esta forma Domingo Mangas ( dej\u00f3 la presidencia luego de tres per\u00edodos en los que trabaj\u00f3 en la entidad agropecuaria. En esta reuni\u00f3n se eligi\u00f3\u2026","rel":"","context":"En \u00abInter\u00e9s General\u00bb","block_context":{"text":"Inter\u00e9s General","link":"https:\/\/revistagenesis.com\/?cat=1"},"img":{"alt_text":"","src":"https:\/\/i0.wp.com\/revistagenesis.com\/wp-content\/uploads\/2015\/03\/gerardo.jpg?fit=1200%2C803&ssl=1&resize=350%2C200","width":350,"height":200,"srcset":"https:\/\/i0.wp.com\/revistagenesis.com\/wp-content\/uploads\/2015\/03\/gerardo.jpg?fit=1200%2C803&ssl=1&resize=350%2C200 1x, https:\/\/i0.wp.com\/revistagenesis.com\/wp-content\/uploads\/2015\/03\/gerardo.jpg?fit=1200%2C803&ssl=1&resize=525%2C300 1.5x, https:\/\/i0.wp.com\/revistagenesis.com\/wp-content\/uploads\/2015\/03\/gerardo.jpg?fit=1200%2C803&ssl=1&resize=700%2C400 2x, https:\/\/i0.wp.com\/revistagenesis.com\/wp-content\/uploads\/2015\/03\/gerardo.jpg?fit=1200%2C803&ssl=1&resize=1050%2C600 3x"},"classes":[]},{"id":9416,"url":"https:\/\/revistagenesis.com\/?p=9416","url_meta":{"origin":181509,"position":1},"title":"\u201cCambiemos tiene que unirse y elegir los mejores candidatos\u201d","author":"Nicolas Bagliere","date":"20\/04\/2017","format":false,"excerpt":"\u00a0 El Ministro de Agroindustria, Leonardo Sarqu\u00eds y el Ministro de Trabajo, Marcelo Villegas, estuvieron el pasado martes \u00a0en General Alvear encabezando una reuni\u00f3n que sirvi\u00f3 para organizar la s\u00e9ptima secci\u00f3n, \u00a0donde tambi\u00e9n participaron intendentes, concejales y referentes de los espacios que integran Cambiemos. De la ciudad de Roque P\u00e9rez,\u2026","rel":"","context":"En \u00abInter\u00e9s General\u00bb","block_context":{"text":"Inter\u00e9s General","link":"https:\/\/revistagenesis.com\/?cat=1"},"img":{"alt_text":"","src":"https:\/\/i0.wp.com\/revistagenesis.com\/wp-content\/uploads\/2017\/04\/DSC_4269.jpg?fit=1200%2C800&ssl=1&resize=350%2C200","width":350,"height":200,"srcset":"https:\/\/i0.wp.com\/revistagenesis.com\/wp-content\/uploads\/2017\/04\/DSC_4269.jpg?fit=1200%2C800&ssl=1&resize=350%2C200 1x, https:\/\/i0.wp.com\/revistagenesis.com\/wp-content\/uploads\/2017\/04\/DSC_4269.jpg?fit=1200%2C800&ssl=1&resize=525%2C300 1.5x, https:\/\/i0.wp.com\/revistagenesis.com\/wp-content\/uploads\/2017\/04\/DSC_4269.jpg?fit=1200%2C800&ssl=1&resize=700%2C400 2x, https:\/\/i0.wp.com\/revistagenesis.com\/wp-content\/uploads\/2017\/04\/DSC_4269.jpg?fit=1200%2C800&ssl=1&resize=1050%2C600 3x"},"classes":[]},{"id":3488,"url":"https:\/\/revistagenesis.com\/?p=3488","url_meta":{"origin":181509,"position":2},"title":"Lorden y Martini trataron el tema de seguridad","author":"Nicolas Bagliere","date":"07\/01\/2016","format":false,"excerpt":"La Diputada Provincial Alejandra Lord\u00e9n, junto al Intendente Alejandro Celillo y al Vicepresidente del HCD de Roque P\u00e9rez Fernando Martini, se reunieron con el Subsecretario de Relaciones Institucionales del Ministerio de Seguridad Matias Ranzini, para abordar la ola de inseguridad de Roque P\u00e9rez y la situaci\u00f3n de las Unidades Penales\u2026","rel":"","context":"En \u00abInter\u00e9s General\u00bb","block_context":{"text":"Inter\u00e9s General","link":"https:\/\/revistagenesis.com\/?cat=1"},"img":{"alt_text":"","src":"https:\/\/i0.wp.com\/revistagenesis.com\/wp-content\/uploads\/2016\/01\/caru-lorden.jpg?fit=463%2C245&ssl=1&resize=350%2C200","width":350,"height":200},"classes":[]},{"id":10746,"url":"https:\/\/revistagenesis.com\/?p=10746","url_meta":{"origin":181509,"position":3},"title":"Feliz cumple Roque P\u00e9rez!","author":"Nicolas Bagliere","date":"24\/06\/2017","format":false,"excerpt":"Este 24 de Junio, Roque P\u00e9rez cumple 104 a\u00f1os de autonom\u00eda municipal. El acto oficial tuvo lugar a las 13.30 en el Centro Cultural. A sala llena, el acto estuvo encabezado por el intendente Juan Carlos Gasparini, autoridades, instituciones con sus respectivas banderas de ceremonia y vecinos de la ciudad\u2026","rel":"","context":"En \u00abInter\u00e9s General\u00bb","block_context":{"text":"Inter\u00e9s General","link":"https:\/\/revistagenesis.com\/?cat=1"},"img":{"alt_text":"","src":"https:\/\/i0.wp.com\/revistagenesis.com\/wp-content\/uploads\/2017\/06\/DSC_6278.jpg?fit=1200%2C800&ssl=1&resize=350%2C200","width":350,"height":200,"srcset":"https:\/\/i0.wp.com\/revistagenesis.com\/wp-content\/uploads\/2017\/06\/DSC_6278.jpg?fit=1200%2C800&ssl=1&resize=350%2C200 1x, https:\/\/i0.wp.com\/revistagenesis.com\/wp-content\/uploads\/2017\/06\/DSC_6278.jpg?fit=1200%2C800&ssl=1&resize=525%2C300 1.5x, https:\/\/i0.wp.com\/revistagenesis.com\/wp-content\/uploads\/2017\/06\/DSC_6278.jpg?fit=1200%2C800&ssl=1&resize=700%2C400 2x, https:\/\/i0.wp.com\/revistagenesis.com\/wp-content\/uploads\/2017\/06\/DSC_6278.jpg?fit=1200%2C800&ssl=1&resize=1050%2C600 3x"},"classes":[]},{"id":7741,"url":"https:\/\/revistagenesis.com\/?p=7741","url_meta":{"origin":181509,"position":4},"title":"Vidal visit\u00f3 Roque Perez","author":"Nicolas Bagliere","date":"12\/01\/2017","format":false,"excerpt":"La gobernadora de la provincia de Buenos Aires, Maria Eugenia Vidsl, fue recibda por el intendente de Roque P\u00e9rez, Juan Carlos Gasparini en el estadio del Club Social y Deportivo Alumni. Luego de bajar del helic\u00f3ptero, se trasladaron hacia la calle Irigoyen y Necochea donde est\u00e1 ubicado sede del Envion.\u2026","rel":"","context":"En \u00abInter\u00e9s General\u00bb","block_context":{"text":"Inter\u00e9s General","link":"https:\/\/revistagenesis.com\/?cat=1"},"img":{"alt_text":"","src":"https:\/\/i0.wp.com\/revistagenesis.com\/wp-content\/uploads\/2017\/01\/DSC_1270.jpg?fit=800%2C1200&ssl=1&resize=350%2C200","width":350,"height":200,"srcset":"https:\/\/i0.wp.com\/revistagenesis.com\/wp-content\/uploads\/2017\/01\/DSC_1270.jpg?fit=800%2C1200&ssl=1&resize=350%2C200 1x, https:\/\/i0.wp.com\/revistagenesis.com\/wp-content\/uploads\/2017\/01\/DSC_1270.jpg?fit=800%2C1200&ssl=1&resize=525%2C300 1.5x, https:\/\/i0.wp.com\/revistagenesis.com\/wp-content\/uploads\/2017\/01\/DSC_1270.jpg?fit=800%2C1200&ssl=1&resize=700%2C400 2x"},"classes":[]},{"id":6883,"url":"https:\/\/revistagenesis.com\/?p=6883","url_meta":{"origin":181509,"position":5},"title":"Robo y tiroteo en Saladillo termina en Roque P\u00e9rez con un aprendido","author":"Nicolas Bagliere","date":"01\/11\/2016","format":false,"excerpt":"\u00a0 En la ciudad de Saladillo se produjo un robo con posterior tiroteo y detenciones que finalizaron en Roque P\u00e9rez al mediod\u00eda de hoy. Seg\u00fan lo informa el diario digital ABC de Saladillo \"tres fueron detenidos, de los cuales dos resultaron heridos y uno se dio a la fuga en\u2026","rel":"","context":"En \u00abInter\u00e9s General\u00bb","block_context":{"text":"Inter\u00e9s General","link":"https:\/\/revistagenesis.com\/?cat=1"},"img":{"alt_text":"","src":"https:\/\/i0.wp.com\/revistagenesis.com\/wp-content\/uploads\/2016\/11\/DSC_7367.jpg?fit=1200%2C800&ssl=1&resize=350%2C200","width":350,"height":200,"srcset":"https:\/\/i0.wp.com\/revistagenesis.com\/wp-content\/uploads\/2016\/11\/DSC_7367.jpg?fit=1200%2C800&ssl=1&resize=350%2C200 1x, https:\/\/i0.wp.com\/revistagenesis.com\/wp-content\/uploads\/2016\/11\/DSC_7367.jpg?fit=1200%2C800&ssl=1&resize=525%2C300 1.5x, https:\/\/i0.wp.com\/revistagenesis.com\/wp-content\/uploads\/2016\/11\/DSC_7367.jpg?fit=1200%2C800&ssl=1&resize=700%2C400 2x, https:\/\/i0.wp.com\/revistagenesis.com\/wp-content\/uploads\/2016\/11\/DSC_7367.jpg?fit=1200%2C800&ssl=1&resize=1050%2C600 3x"},"classes":[]}],"jetpack_sharing_enabled":true,"_links":{"self":[{"href":"https:\/\/revistagenesis.com\/index.php?rest_route=\/wp\/v2\/posts\/181509","targetHints":{"allow":["GET"]}}],"collection":[{"href":"https:\/\/revistagenesis.com\/index.php?rest_route=\/wp\/v2\/posts"}],"about":[{"href":"https:\/\/revistagenesis.com\/index.php?rest_route=\/wp\/v2\/types\/post"}],"author":[{"embeddable":true,"href":"https:\/\/revistagenesis.com\/index.php?rest_route=\/wp\/v2\/users\/2"}],"replies":[{"embeddable":true,"href":"https:\/\/revistagenesis.com\/index.php?rest_route=%2Fwp%2Fv2%2Fcomments&post=181509"}],"version-history":[{"count":10,"href":"https:\/\/revistagenesis.com\/index.php?rest_route=\/wp\/v2\/posts\/181509\/revisions"}],"predecessor-version":[{"id":181514,"href":"https:\/\/revistagenesis.com\/index.php?rest_route=\/wp\/v2\/posts\/181509\/revisions\/181514"}],"wp:featuredmedia":[{"embeddable":true,"href":"https:\/\/revistagenesis.com\/index.php?rest_route=\/wp\/v2\/media\/181510"}],"wp:attachment":[{"href":"https:\/\/revistagenesis.com\/index.php?rest_route=%2Fwp%2Fv2%2Fmedia&parent=181509"}],"wp:term":[{"taxonomy":"category","embeddable":true,"href":"https:\/\/revistagenesis.com\/index.php?rest_route=%2Fwp%2Fv2%2Fcategories&post=181509"},{"taxonomy":"post_tag","embeddable":true,"href":"https:\/\/revistagenesis.com\/index.php?rest_route=%2Fwp%2Fv2%2Ftags&post=181509"}],"curies":[{"name":"wp","href":"https:\/\/api.w.org\/{rel}","templated":true}]}}