{"id":181503,"date":"2022-04-26T21:37:47","date_gmt":"2022-04-27T00:37:47","guid":{"rendered":"http:\/\/revistagenesis.com\/2022\/04\/26\/policia-recupero-un-moto-robada\/"},"modified":"2022-04-26T21:40:35","modified_gmt":"2022-04-27T00:40:35","slug":"policia-recupero-un-moto-robada","status":"publish","type":"post","link":"https:\/\/revistagenesis.com\/?p=181503","title":{"rendered":"POLICIA RECUPERO UN MOTO ROBADA"},"content":{"rendered":"\n<p><br>Personal de Polic\u00eda Comunal de Roque Perez, inform\u00f3 que en el d\u00eda de la fecha, el ciudadano,RAFAEL SUAREZ, denunci\u00f3 la sustracci\u00f3n de su motovehiculo CORVEN modelo ENERGY 110 de color BLANCA de afuera de su casa. Luego de tareas de investigativas  se logr\u00f3 establecer que el rodado se hallaba en poder de un masculino mayor de edad, oriundo de 25 de mayo radicado hace d\u00edas en esta ciudad, en el domicilio de calle 9 de Julio al 300. Se procedi\u00f3 a incautar el rodado sustraido ya descachado. La Aytia. Fiscal aval\u00f3 lo actuado, ordenando labrar actuaciones de rigor y posterior  notificaci\u00f3n al masculino de formaci\u00f3n de causa y su posterior libertad.<\/p>\n\n\n\n<figure class=\"wp-block-image size-large\"><img data-recalc-dims=\"1\" fetchpriority=\"high\" decoding=\"async\" width=\"612\" height=\"1024\" src=\"https:\/\/i0.wp.com\/revistagenesis.com\/wp-content\/uploads\/2022\/04\/img-20220426-wa01446404478542756919826.jpg?resize=612%2C1024&#038;ssl=1\" alt=\"\" class=\"wp-image-181502\" srcset=\"https:\/\/i0.wp.com\/revistagenesis.com\/wp-content\/uploads\/2022\/04\/img-20220426-wa01446404478542756919826.jpg?resize=612%2C1024&amp;ssl=1 612w, https:\/\/i0.wp.com\/revistagenesis.com\/wp-content\/uploads\/2022\/04\/img-20220426-wa01446404478542756919826.jpg?resize=179%2C300&amp;ssl=1 179w, https:\/\/i0.wp.com\/revistagenesis.com\/wp-content\/uploads\/2022\/04\/img-20220426-wa01446404478542756919826.jpg?w=664&amp;ssl=1 664w\" sizes=\"(max-width: 612px) 100vw, 612px\" \/><\/figure>\n","protected":false},"excerpt":{"rendered":"<p>Personal de Polic\u00eda Comunal de Roque Perez, inform\u00f3 que en el d\u00eda de la fecha, el ciudadano,RAFAEL SUAREZ, denunci\u00f3 la sustracci\u00f3n de su motovehiculo CORVEN modelo ENERGY 110 de color BLANCA de afuera de su casa. Luego de tareas de investigativas se logr\u00f3 establecer que el rodado se hallaba en poder de un masculino mayor &#8230; <a title=\"POLICIA RECUPERO UN MOTO ROBADA\" class=\"read-more\" href=\"https:\/\/revistagenesis.com\/?p=181503\">Leer mas<\/a><\/p>\n","protected":false},"author":2,"featured_media":181501,"comment_status":"open","ping_status":"open","sticky":false,"template":"","format":"image","meta":{"jetpack_post_was_ever_published":false,"_jetpack_newsletter_access":"","_jetpack_dont_email_post_to_subs":false,"_jetpack_newsletter_tier_id":0,"_jetpack_memberships_contains_paywalled_content":false,"_jetpack_memberships_contains_paid_content":false,"footnotes":""},"categories":[1],"tags":[123],"class_list":["post-181503","post","type-post","status-publish","format-image","has-post-thumbnail","hentry","category-interes-general","tag-policia-robo-moto","post_format-post-format-image"],"jetpack_featured_media_url":"https:\/\/i0.wp.com\/revistagenesis.com\/wp-content\/uploads\/2022\/04\/IMG-20220426-WA0144.jpg?fit=664%2C1111&ssl=1","jetpack_likes_enabled":true,"jetpack-related-posts":[{"id":8079,"url":"https:\/\/revistagenesis.com\/?p=8079","url_meta":{"origin":181503,"position":0},"title":"Parte oficial del fin de semana de  la polic\u00eda local","author":"Nicolas Bagliere","date":"06\/02\/2017","format":false,"excerpt":"\u00a0 \u00a0 En este fin de semana en horarios discontinuos se labraron actuaciones por \u201cDA\u00d1O\u201d siendo denunciante el ciudadano LARA GUSTAVO, dando conocimiento que autore\/s ignorado\/s en horario de la madrugada le hab\u00edan da\u00f1ado vidriera de \u00f3ptica ubicada en calle Tarigo e Irigoyen de este medio. Consecuentemente se dio conocimiento\u2026","rel":"","context":"En \u00abInter\u00e9s General\u00bb","block_context":{"text":"Inter\u00e9s General","link":"https:\/\/revistagenesis.com\/?cat=1"},"img":{"alt_text":"","src":"https:\/\/i0.wp.com\/revistagenesis.com\/wp-content\/uploads\/2017\/02\/wp-1486248317077.jpg?fit=1200%2C900&ssl=1&resize=350%2C200","width":350,"height":200,"srcset":"https:\/\/i0.wp.com\/revistagenesis.com\/wp-content\/uploads\/2017\/02\/wp-1486248317077.jpg?fit=1200%2C900&ssl=1&resize=350%2C200 1x, https:\/\/i0.wp.com\/revistagenesis.com\/wp-content\/uploads\/2017\/02\/wp-1486248317077.jpg?fit=1200%2C900&ssl=1&resize=525%2C300 1.5x, https:\/\/i0.wp.com\/revistagenesis.com\/wp-content\/uploads\/2017\/02\/wp-1486248317077.jpg?fit=1200%2C900&ssl=1&resize=700%2C400 2x, https:\/\/i0.wp.com\/revistagenesis.com\/wp-content\/uploads\/2017\/02\/wp-1486248317077.jpg?fit=1200%2C900&ssl=1&resize=1050%2C600 3x"},"classes":[]},{"id":11343,"url":"https:\/\/revistagenesis.com\/?p=11343","url_meta":{"origin":181503,"position":1},"title":"Un joven se accidento luego de perder el control de su moto","author":"Nicolas Bagliere","date":"29\/07\/2017","format":false,"excerpt":"Este sabado, promediando las 20 hs, fueron convocados los Bomberos Voluntario debido a un accidente en el acceso Dalto de la ciudad de Roque Perez. Un joven, identificado como Eduardo \u00a0Saradua(34), perdi\u00f3 el control de su moto y se accident\u00f3 en el acceso Dalto. Producto del golpe, el conductor del\u2026","rel":"","context":"En \u00abInter\u00e9s General\u00bb","block_context":{"text":"Inter\u00e9s General","link":"https:\/\/revistagenesis.com\/?cat=1"},"img":{"alt_text":"","src":"https:\/\/i0.wp.com\/revistagenesis.com\/wp-content\/uploads\/2017\/07\/20170729_201308-117226387.jpg?fit=900%2C1200&ssl=1&resize=350%2C200","width":350,"height":200,"srcset":"https:\/\/i0.wp.com\/revistagenesis.com\/wp-content\/uploads\/2017\/07\/20170729_201308-117226387.jpg?fit=900%2C1200&ssl=1&resize=350%2C200 1x, https:\/\/i0.wp.com\/revistagenesis.com\/wp-content\/uploads\/2017\/07\/20170729_201308-117226387.jpg?fit=900%2C1200&ssl=1&resize=525%2C300 1.5x, https:\/\/i0.wp.com\/revistagenesis.com\/wp-content\/uploads\/2017\/07\/20170729_201308-117226387.jpg?fit=900%2C1200&ssl=1&resize=700%2C400 2x"},"classes":[]},{"id":177969,"url":"https:\/\/revistagenesis.com\/?p=177969","url_meta":{"origin":181503,"position":2},"title":"PARTE DE PRENSA POLICIA de LOBOS:ROBO MOTO VEHICULO, ATENTADO Y RESISTENCIA A LA AUTORIDAD, DA\u00d1OS CALIFICADOS Y LESIONES","author":"Nicolas Bagliere","date":"05\/03\/2020","format":false,"excerpt":"Lobos 4 de Marzo En horas de la madrugada a ra\u00edz de llamado telef\u00f3nico, se toma conocimiento de la sustracci\u00f3n de moto marca HONDA modelo TWISTER de 250 cc de calle Gral. G\u00fcemes Nro. 446 de este medio, estableciendo posteriormente, el personal policial interviniente que el veh\u00edculo se hallaba circulando\u2026","rel":"","context":"En \u00abInter\u00e9s General\u00bb","block_context":{"text":"Inter\u00e9s General","link":"https:\/\/revistagenesis.com\/?cat=1"},"img":{"alt_text":"","src":"https:\/\/i0.wp.com\/revistagenesis.com\/wp-content\/uploads\/2020\/03\/IMG-20200305-WA0004.jpg?fit=1032%2C581&ssl=1&resize=350%2C200","width":350,"height":200,"srcset":"https:\/\/i0.wp.com\/revistagenesis.com\/wp-content\/uploads\/2020\/03\/IMG-20200305-WA0004.jpg?fit=1032%2C581&ssl=1&resize=350%2C200 1x, https:\/\/i0.wp.com\/revistagenesis.com\/wp-content\/uploads\/2020\/03\/IMG-20200305-WA0004.jpg?fit=1032%2C581&ssl=1&resize=525%2C300 1.5x, https:\/\/i0.wp.com\/revistagenesis.com\/wp-content\/uploads\/2020\/03\/IMG-20200305-WA0004.jpg?fit=1032%2C581&ssl=1&resize=700%2C400 2x"},"classes":[]},{"id":183394,"url":"https:\/\/revistagenesis.com\/?p=183394","url_meta":{"origin":181503,"position":3},"title":"CHOC\u00d3 CONTRA LA COMISARIA CON SU VEHICULO: CONDUCTOR APREHENDIDO.","author":"Nicolas Bagliere","date":"10\/08\/2024","format":false,"excerpt":"En horas de la ma\u00f1ana personal de la Estacion de Policia de Seguridad Comunal Roque Perez, procedi\u00f3 a la aprehension de masculino mayor de edad, quien intent\u00f3 embestir con su vehiculo a personal policial que se encontraba cumpliendo servicio, chocando el rodado contra la puerta de acceso principal de la\u2026","rel":"","context":"En \u00abPoliciales\u00bb","block_context":{"text":"Policiales","link":"https:\/\/revistagenesis.com\/?cat=129"},"img":{"alt_text":"","src":"https:\/\/i0.wp.com\/revistagenesis.com\/wp-content\/uploads\/2024\/08\/20240810_113046-scaled.jpg?fit=1200%2C540&ssl=1&resize=350%2C200","width":350,"height":200,"srcset":"https:\/\/i0.wp.com\/revistagenesis.com\/wp-content\/uploads\/2024\/08\/20240810_113046-scaled.jpg?fit=1200%2C540&ssl=1&resize=350%2C200 1x, https:\/\/i0.wp.com\/revistagenesis.com\/wp-content\/uploads\/2024\/08\/20240810_113046-scaled.jpg?fit=1200%2C540&ssl=1&resize=525%2C300 1.5x, https:\/\/i0.wp.com\/revistagenesis.com\/wp-content\/uploads\/2024\/08\/20240810_113046-scaled.jpg?fit=1200%2C540&ssl=1&resize=700%2C400 2x, https:\/\/i0.wp.com\/revistagenesis.com\/wp-content\/uploads\/2024\/08\/20240810_113046-scaled.jpg?fit=1200%2C540&ssl=1&resize=1050%2C600 3x"},"classes":[]},{"id":182753,"url":"https:\/\/revistagenesis.com\/?p=182753","url_meta":{"origin":181503,"position":4},"title":"ESCLARECIERON EL ROBO DE DOS MOTOS, UNA FUE RECUPERADA.","author":"Nicolas Bagliere","date":"28\/11\/2023","format":false,"excerpt":"La Jefatura de Policia de Seguridad Comunal de Roque P\u00e9rez informa que se recupero una moto 110 cc que fue robada\u00a0 el pasado 29 de Octubre, donde autores ignorados le sustrajeron una motocicleta marca Motomel 110 cc. de color roja y gris. Producto de las\u00a0 actuaciones por el delitos de\u2026","rel":"","context":"En \u00abInter\u00e9s General\u00bb","block_context":{"text":"Inter\u00e9s General","link":"https:\/\/revistagenesis.com\/?cat=1"},"img":{"alt_text":"","src":"https:\/\/i0.wp.com\/revistagenesis.com\/wp-content\/uploads\/2023\/11\/20231025_1124164600915281750147254.jpg?fit=800%2C1200&ssl=1&resize=350%2C200","width":350,"height":200,"srcset":"https:\/\/i0.wp.com\/revistagenesis.com\/wp-content\/uploads\/2023\/11\/20231025_1124164600915281750147254.jpg?fit=800%2C1200&ssl=1&resize=350%2C200 1x, https:\/\/i0.wp.com\/revistagenesis.com\/wp-content\/uploads\/2023\/11\/20231025_1124164600915281750147254.jpg?fit=800%2C1200&ssl=1&resize=525%2C300 1.5x, https:\/\/i0.wp.com\/revistagenesis.com\/wp-content\/uploads\/2023\/11\/20231025_1124164600915281750147254.jpg?fit=800%2C1200&ssl=1&resize=700%2C400 2x"},"classes":[]},{"id":6883,"url":"https:\/\/revistagenesis.com\/?p=6883","url_meta":{"origin":181503,"position":5},"title":"Robo y tiroteo en Saladillo termina en Roque P\u00e9rez con un aprendido","author":"Nicolas Bagliere","date":"01\/11\/2016","format":false,"excerpt":"\u00a0 En la ciudad de Saladillo se produjo un robo con posterior tiroteo y detenciones que finalizaron en Roque P\u00e9rez al mediod\u00eda de hoy. Seg\u00fan lo informa el diario digital ABC de Saladillo \"tres fueron detenidos, de los cuales dos resultaron heridos y uno se dio a la fuga en\u2026","rel":"","context":"En \u00abInter\u00e9s General\u00bb","block_context":{"text":"Inter\u00e9s General","link":"https:\/\/revistagenesis.com\/?cat=1"},"img":{"alt_text":"","src":"https:\/\/i0.wp.com\/revistagenesis.com\/wp-content\/uploads\/2016\/11\/DSC_7367.jpg?fit=1200%2C800&ssl=1&resize=350%2C200","width":350,"height":200,"srcset":"https:\/\/i0.wp.com\/revistagenesis.com\/wp-content\/uploads\/2016\/11\/DSC_7367.jpg?fit=1200%2C800&ssl=1&resize=350%2C200 1x, https:\/\/i0.wp.com\/revistagenesis.com\/wp-content\/uploads\/2016\/11\/DSC_7367.jpg?fit=1200%2C800&ssl=1&resize=525%2C300 1.5x, https:\/\/i0.wp.com\/revistagenesis.com\/wp-content\/uploads\/2016\/11\/DSC_7367.jpg?fit=1200%2C800&ssl=1&resize=700%2C400 2x, https:\/\/i0.wp.com\/revistagenesis.com\/wp-content\/uploads\/2016\/11\/DSC_7367.jpg?fit=1200%2C800&ssl=1&resize=1050%2C600 3x"},"classes":[]}],"jetpack_sharing_enabled":true,"_links":{"self":[{"href":"https:\/\/revistagenesis.com\/index.php?rest_route=\/wp\/v2\/posts\/181503","targetHints":{"allow":["GET"]}}],"collection":[{"href":"https:\/\/revistagenesis.com\/index.php?rest_route=\/wp\/v2\/posts"}],"about":[{"href":"https:\/\/revistagenesis.com\/index.php?rest_route=\/wp\/v2\/types\/post"}],"author":[{"embeddable":true,"href":"https:\/\/revistagenesis.com\/index.php?rest_route=\/wp\/v2\/users\/2"}],"replies":[{"embeddable":true,"href":"https:\/\/revistagenesis.com\/index.php?rest_route=%2Fwp%2Fv2%2Fcomments&post=181503"}],"version-history":[{"count":1,"href":"https:\/\/revistagenesis.com\/index.php?rest_route=\/wp\/v2\/posts\/181503\/revisions"}],"predecessor-version":[{"id":181504,"href":"https:\/\/revistagenesis.com\/index.php?rest_route=\/wp\/v2\/posts\/181503\/revisions\/181504"}],"wp:featuredmedia":[{"embeddable":true,"href":"https:\/\/revistagenesis.com\/index.php?rest_route=\/wp\/v2\/media\/181501"}],"wp:attachment":[{"href":"https:\/\/revistagenesis.com\/index.php?rest_route=%2Fwp%2Fv2%2Fmedia&parent=181503"}],"wp:term":[{"taxonomy":"category","embeddable":true,"href":"https:\/\/revistagenesis.com\/index.php?rest_route=%2Fwp%2Fv2%2Fcategories&post=181503"},{"taxonomy":"post_tag","embeddable":true,"href":"https:\/\/revistagenesis.com\/index.php?rest_route=%2Fwp%2Fv2%2Ftags&post=181503"}],"curies":[{"name":"wp","href":"https:\/\/api.w.org\/{rel}","templated":true}]}}