{"id":181492,"date":"2022-04-22T19:36:39","date_gmt":"2022-04-22T22:36:39","guid":{"rendered":"http:\/\/revistagenesis.com\/?p=181492"},"modified":"2022-04-22T19:37:27","modified_gmt":"2022-04-22T22:37:27","slug":"llf-ultima-fecha-de-mayores-suspendida","status":"publish","type":"post","link":"https:\/\/revistagenesis.com\/?p=181492","title":{"rendered":"LLF: ULTIMA FECHA DE MAYORES SUSPENDIDA."},"content":{"rendered":"\n<p>El Comit\u00e9 Ejecutivo de la Liga Lobense de F\u00fatbol, informa que el pr\u00f3ximo domingo 24 no se disputar\u00e1 la \u00faltima fecha del torneo de f\u00fatbol mayor \u00abCentenario Club Atl\u00e9tico Roque Perez\u00bb.<\/p>\n\n\n\n<p>El motivo de dicha decisi\u00f3n se debe a que el tribunal de disciplina dio traslado a la apelacion realizada&nbsp; por el &nbsp;club Los Naranjos, ante el fallo del partido de Primera Divisi\u00f3n frente a su par de EFIL.&nbsp;<\/p>\n\n\n\n<p>Por tal motivo, y considerando que nuestra instituci\u00f3n tiene la obligacion de garantizar la igualdad de condiciones en esta etapa de definici\u00f3n&nbsp;, y entendiendo que dicho fallo tiene injerencia directa no solo para los clubes implicados (Los Naranjos y EFIL) si no que tambien para el resto de las instituciones con chances de clasificar en la zona 2,&nbsp;hemos determinado postergar la \u00faltima fecha del torneo&nbsp; de f\u00fatbol mayor \u00abCentenario Club Atl\u00e9tico Roque Perez\u00bb en su totalidad.&nbsp;<\/p>\n\n\n\n<p>Comit\u00e9 Ejecutivo<br \/>Liga Lobense de Futbol.<\/p>\n\n\n\n<p>Fallo:<\/p>\n\n\n\n<p>Citar al Sr. Sergio Holze, \u00e1rbitro del encuentro disputado el d\u00eda 10\/04\/2022 entre el club Los Naranjos y el club EFIL (1a divisi\u00f3n) a efectos que en el plazo de 5 d\u00edas aclare por escrito a este Tribunal, si la falta de garantias por la que suspendi\u00f3 el mencionado encuentro se originaron en las conductas de los integrantes de ambos clubes o si fu\u00e9 el \u00abpelotazo\u00bb recibido por su asistente el hecho que motiv\u00f3 tal decisi\u00f3n, todo ello de acuerdo a lo establecido en los arts. 106 inc g) y 270 del Reglamento de Transgresiones y Penas y por la Resoluci\u00f3n del Comit\u00e9 Ejecutivo de la Liga Lobense de Futbol.<\/p>\n\n\n\n<figure class=\"wp-block-image size-large\"><img data-recalc-dims=\"1\" fetchpriority=\"high\" decoding=\"async\" width=\"206\" height=\"244\" src=\"https:\/\/i0.wp.com\/revistagenesis.com\/wp-content\/uploads\/2022\/04\/descarga281294218788154679094096..jpg?resize=206%2C244&#038;ssl=1\" alt=\"\" class=\"wp-image-181491\"\/><\/figure>\n","protected":false},"excerpt":{"rendered":"<p>El Comit\u00e9 Ejecutivo de la Liga Lobense de F\u00fatbol, informa que el pr\u00f3ximo domingo 24 no se disputar\u00e1 la \u00faltima fecha del torneo de f\u00fatbol mayor \u00abCentenario Club Atl\u00e9tico Roque Perez\u00bb. El motivo de dicha decisi\u00f3n se debe a que el tribunal de disciplina dio traslado a la apelacion realizada&nbsp; por el &nbsp;club Los Naranjos, &#8230; <a title=\"LLF: ULTIMA FECHA DE MAYORES SUSPENDIDA.\" class=\"read-more\" href=\"https:\/\/revistagenesis.com\/?p=181492\">Leer mas<\/a><\/p>\n","protected":false},"author":2,"featured_media":181493,"comment_status":"open","ping_status":"open","sticky":false,"template":"","format":"image","meta":{"jetpack_post_was_ever_published":false,"_jetpack_newsletter_access":"","_jetpack_dont_email_post_to_subs":false,"_jetpack_newsletter_tier_id":0,"_jetpack_memberships_contains_paywalled_content":false,"_jetpack_memberships_contains_paid_content":false,"footnotes":""},"categories":[1],"tags":[122],"class_list":["post-181492","post","type-post","status-publish","format-image","has-post-thumbnail","hentry","category-interes-general","tag-liga-lobense-futbol","post_format-post-format-image"],"jetpack_featured_media_url":"https:\/\/i0.wp.com\/revistagenesis.com\/wp-content\/uploads\/2022\/04\/IMG_20220422_144722_789.jpg?fit=206%2C244&ssl=1","jetpack_likes_enabled":true,"jetpack-related-posts":[{"id":172029,"url":"https:\/\/revistagenesis.com\/?p=172029","url_meta":{"origin":181492,"position":0},"title":"Otra vez la violencia suspende el f\u00fatbol","author":"Nicolas Bagliere","date":"04\/01\/2019","format":false,"excerpt":"INFORME OFICIAL DE LA LIGA LOBENSE DE FUTBOL La Liga Lobense de F\u00fatbol informa que, una vez m\u00e1s, la violencia genera complicaciones y trastornos para el desarrollo del juego del f\u00fatbol. Ayer, en la cancha de EFIL, un jugador de segunda divisi\u00f3n de Alumni de Roque P\u00e9rez, agredi\u00f3 al \u00e1rbitro\u2026","rel":"","context":"En \u00abInter\u00e9s General\u00bb","block_context":{"text":"Inter\u00e9s General","link":"https:\/\/revistagenesis.com\/?cat=1"},"img":{"alt_text":"","src":"https:\/\/i0.wp.com\/revistagenesis.com\/wp-content\/uploads\/2019\/01\/img-20190104-wa001978660857.jpg?fit=678%2C902&ssl=1&resize=350%2C200","width":350,"height":200,"srcset":"https:\/\/i0.wp.com\/revistagenesis.com\/wp-content\/uploads\/2019\/01\/img-20190104-wa001978660857.jpg?fit=678%2C902&ssl=1&resize=350%2C200 1x, https:\/\/i0.wp.com\/revistagenesis.com\/wp-content\/uploads\/2019\/01\/img-20190104-wa001978660857.jpg?fit=678%2C902&ssl=1&resize=525%2C300 1.5x"},"classes":[]},{"id":10243,"url":"https:\/\/revistagenesis.com\/?p=10243","url_meta":{"origin":181492,"position":1},"title":"\u00a0El f\u00fatbol se pone al d\u00eda","author":"Nicolas Bagliere","date":"30\/05\/2017","format":false,"excerpt":"Liga Lobense de F\u00fatbol informa que debido a la falta de servicio policial en la ciudad de Lobos a ra\u00edz de los festejos del 215\u00ba aniversario, donde estaran los clubes lobenses en el acto popular previsto para el domingo, la Liga suspendi\u00f3 los encuentros de la octava fecha. Se resolvi\u00f3,\u2026","rel":"","context":"En \u00abDeportivas\u00bb","block_context":{"text":"Deportivas","link":"https:\/\/revistagenesis.com\/?cat=17"},"img":{"alt_text":"","src":"https:\/\/i0.wp.com\/revistagenesis.com\/wp-content\/uploads\/2017\/05\/FB_IMG_1496172327274.jpg?fit=720%2C540&ssl=1&resize=350%2C200","width":350,"height":200,"srcset":"https:\/\/i0.wp.com\/revistagenesis.com\/wp-content\/uploads\/2017\/05\/FB_IMG_1496172327274.jpg?fit=720%2C540&ssl=1&resize=350%2C200 1x, https:\/\/i0.wp.com\/revistagenesis.com\/wp-content\/uploads\/2017\/05\/FB_IMG_1496172327274.jpg?fit=720%2C540&ssl=1&resize=525%2C300 1.5x, https:\/\/i0.wp.com\/revistagenesis.com\/wp-content\/uploads\/2017\/05\/FB_IMG_1496172327274.jpg?fit=720%2C540&ssl=1&resize=700%2C400 2x"},"classes":[]},{"id":171810,"url":"https:\/\/revistagenesis.com\/?p=171810","url_meta":{"origin":181492,"position":2},"title":"LLF: Se adelanta el horario de la 10ma fecha de mayores","author":"Nicolas Bagliere","date":"09\/12\/2018","format":false,"excerpt":"Este domingo, desde las 9.30 hs, se juega la 10ma fecha del f\u00fatbol mayor de la Liga Lobense de F\u00fatbol. El horario de los partidos se adelant\u00f3 para que no coincida con la final de la copa Libertadores entre River-Boca. Desde las 9:30 hs :\u00a0Alumni vs EFIL. 2\u00b0, RES Y\u2026","rel":"","context":"En \u00abDeportivas\u00bb","block_context":{"text":"Deportivas","link":"https:\/\/revistagenesis.com\/?cat=17"},"img":{"alt_text":"","src":"https:\/\/i0.wp.com\/revistagenesis.com\/wp-content\/uploads\/2018\/12\/img-20181028-wa00421082331013.jpg?fit=720%2C720&ssl=1&resize=350%2C200","width":350,"height":200,"srcset":"https:\/\/i0.wp.com\/revistagenesis.com\/wp-content\/uploads\/2018\/12\/img-20181028-wa00421082331013.jpg?fit=720%2C720&ssl=1&resize=350%2C200 1x, https:\/\/i0.wp.com\/revistagenesis.com\/wp-content\/uploads\/2018\/12\/img-20181028-wa00421082331013.jpg?fit=720%2C720&ssl=1&resize=525%2C300 1.5x, https:\/\/i0.wp.com\/revistagenesis.com\/wp-content\/uploads\/2018\/12\/img-20181028-wa00421082331013.jpg?fit=720%2C720&ssl=1&resize=700%2C400 2x"},"classes":[]},{"id":182879,"url":"https:\/\/revistagenesis.com\/?p=182879","url_meta":{"origin":181492,"position":3},"title":"LLF: EN FEBRERO ARRANCAN LOS TORNEOS","author":"Nicolas Bagliere","date":"11\/01\/2024","format":false,"excerpt":"Anoche se realiz\u00f3 la primera reuni\u00f3n del 2024 de la Liga Lobense de F\u00fatbol. Si bien restan ultimar detalles sobre el formato de los torneos, se estipul\u00f3 que el campeonato de mayores comenzar\u00e1 el 18 de febrero. En tanto, el torneo de menores dar\u00e1 inicio el s\u00e1bado 16 de marzo,\u2026","rel":"","context":"En \u00abDeportivas\u00bb","block_context":{"text":"Deportivas","link":"https:\/\/revistagenesis.com\/?cat=17"},"img":{"alt_text":"","src":"https:\/\/i0.wp.com\/revistagenesis.com\/wp-content\/uploads\/2024\/01\/IMG-20240111-WA0234.jpg?fit=1200%2C800&ssl=1&resize=350%2C200","width":350,"height":200,"srcset":"https:\/\/i0.wp.com\/revistagenesis.com\/wp-content\/uploads\/2024\/01\/IMG-20240111-WA0234.jpg?fit=1200%2C800&ssl=1&resize=350%2C200 1x, https:\/\/i0.wp.com\/revistagenesis.com\/wp-content\/uploads\/2024\/01\/IMG-20240111-WA0234.jpg?fit=1200%2C800&ssl=1&resize=525%2C300 1.5x, https:\/\/i0.wp.com\/revistagenesis.com\/wp-content\/uploads\/2024\/01\/IMG-20240111-WA0234.jpg?fit=1200%2C800&ssl=1&resize=700%2C400 2x, https:\/\/i0.wp.com\/revistagenesis.com\/wp-content\/uploads\/2024\/01\/IMG-20240111-WA0234.jpg?fit=1200%2C800&ssl=1&resize=1050%2C600 3x"},"classes":[]},{"id":169427,"url":"https:\/\/revistagenesis.com\/?p=169427","url_meta":{"origin":181492,"position":4},"title":"F\u00fatbol de la LLF: Se pone al d\u00eda con partidos pendientes","author":"Nicolas Bagliere","date":"31\/05\/2018","format":false,"excerpt":"La Liga Lobense de f\u00fatbol, en la reuni\u00f3n con los delegados, confirmaron la programaci\u00f3n del fin de semana en divisiones infantiles y en mayores. Tanto s\u00e1bado como domingo, la liga se pone al d\u00eda con partidos postergados. El motivo de esta decisi\u00f3n, responde a que el d\u00eda domingo\u00a0 ser\u00e1 el\u2026","rel":"","context":"En \u00abDeportivas\u00bb","block_context":{"text":"Deportivas","link":"https:\/\/revistagenesis.com\/?cat=17"},"img":{"alt_text":"","src":"https:\/\/i0.wp.com\/revistagenesis.com\/wp-content\/uploads\/2018\/05\/DSC_1588.jpg?fit=1200%2C800&ssl=1&resize=350%2C200","width":350,"height":200,"srcset":"https:\/\/i0.wp.com\/revistagenesis.com\/wp-content\/uploads\/2018\/05\/DSC_1588.jpg?fit=1200%2C800&ssl=1&resize=350%2C200 1x, https:\/\/i0.wp.com\/revistagenesis.com\/wp-content\/uploads\/2018\/05\/DSC_1588.jpg?fit=1200%2C800&ssl=1&resize=525%2C300 1.5x, https:\/\/i0.wp.com\/revistagenesis.com\/wp-content\/uploads\/2018\/05\/DSC_1588.jpg?fit=1200%2C800&ssl=1&resize=700%2C400 2x, https:\/\/i0.wp.com\/revistagenesis.com\/wp-content\/uploads\/2018\/05\/DSC_1588.jpg?fit=1200%2C800&ssl=1&resize=1050%2C600 3x"},"classes":[]},{"id":504,"url":"https:\/\/revistagenesis.com\/?p=504","url_meta":{"origin":181492,"position":5},"title":"El Consejo Federal no dio lugar a la apelaci\u00f3n de Atl\u00e9tico","author":"Nicolas Bagliere","date":"09\/01\/2015","format":false,"excerpt":"Es el fallo que se desprende de la web de Ascenso del interior. Miralo por el Link:\u00a0http:\/\/www.ascensodelinterior.com.ar\/noticias\/11519\/las-sanciones\u2014boletn-oficial-n-0115\/ \u00a0 \u00a0 EXPEDIENTE N\u00ba 2780\/14 Club Atl\u00e9tico Roque P\u00e9rez S\/ Apelaci\u00f3n fallo de Liga. Buenos Aires, 8 de enero de 2015.- AUTOS: Para resolver la presente causa llegada a esta instancia en virtud\u2026","rel":"","context":"En \u00abDeportivas\u00bb","block_context":{"text":"Deportivas","link":"https:\/\/revistagenesis.com\/?cat=17"},"img":{"alt_text":"","src":"https:\/\/i0.wp.com\/revistagenesis.com\/wp-content\/uploads\/2014\/11\/Escudo-Atletico.jpg?fit=1200%2C653&ssl=1&resize=350%2C200","width":350,"height":200,"srcset":"https:\/\/i0.wp.com\/revistagenesis.com\/wp-content\/uploads\/2014\/11\/Escudo-Atletico.jpg?fit=1200%2C653&ssl=1&resize=350%2C200 1x, https:\/\/i0.wp.com\/revistagenesis.com\/wp-content\/uploads\/2014\/11\/Escudo-Atletico.jpg?fit=1200%2C653&ssl=1&resize=525%2C300 1.5x, https:\/\/i0.wp.com\/revistagenesis.com\/wp-content\/uploads\/2014\/11\/Escudo-Atletico.jpg?fit=1200%2C653&ssl=1&resize=700%2C400 2x, https:\/\/i0.wp.com\/revistagenesis.com\/wp-content\/uploads\/2014\/11\/Escudo-Atletico.jpg?fit=1200%2C653&ssl=1&resize=1050%2C600 3x"},"classes":[]}],"jetpack_sharing_enabled":true,"_links":{"self":[{"href":"https:\/\/revistagenesis.com\/index.php?rest_route=\/wp\/v2\/posts\/181492","targetHints":{"allow":["GET"]}}],"collection":[{"href":"https:\/\/revistagenesis.com\/index.php?rest_route=\/wp\/v2\/posts"}],"about":[{"href":"https:\/\/revistagenesis.com\/index.php?rest_route=\/wp\/v2\/types\/post"}],"author":[{"embeddable":true,"href":"https:\/\/revistagenesis.com\/index.php?rest_route=\/wp\/v2\/users\/2"}],"replies":[{"embeddable":true,"href":"https:\/\/revistagenesis.com\/index.php?rest_route=%2Fwp%2Fv2%2Fcomments&post=181492"}],"version-history":[{"count":1,"href":"https:\/\/revistagenesis.com\/index.php?rest_route=\/wp\/v2\/posts\/181492\/revisions"}],"predecessor-version":[{"id":181494,"href":"https:\/\/revistagenesis.com\/index.php?rest_route=\/wp\/v2\/posts\/181492\/revisions\/181494"}],"wp:featuredmedia":[{"embeddable":true,"href":"https:\/\/revistagenesis.com\/index.php?rest_route=\/wp\/v2\/media\/181493"}],"wp:attachment":[{"href":"https:\/\/revistagenesis.com\/index.php?rest_route=%2Fwp%2Fv2%2Fmedia&parent=181492"}],"wp:term":[{"taxonomy":"category","embeddable":true,"href":"https:\/\/revistagenesis.com\/index.php?rest_route=%2Fwp%2Fv2%2Fcategories&post=181492"},{"taxonomy":"post_tag","embeddable":true,"href":"https:\/\/revistagenesis.com\/index.php?rest_route=%2Fwp%2Fv2%2Ftags&post=181492"}],"curies":[{"name":"wp","href":"https:\/\/api.w.org\/{rel}","templated":true}]}}