{"id":181485,"date":"2022-04-21T12:32:10","date_gmt":"2022-04-21T15:32:10","guid":{"rendered":"http:\/\/revistagenesis.com\/2022\/04\/21\/aumento-salarial-de-hasta-el-62-para-empleados-municipales-en-tres-tramos\/"},"modified":"2022-04-21T13:08:49","modified_gmt":"2022-04-21T16:08:49","slug":"aumento-salarial-de-hasta-el-62-para-empleados-municipales-en-tres-tramos","status":"publish","type":"post","link":"https:\/\/revistagenesis.com\/?p=181485","title":{"rendered":"AUMENTO SALARIAL DE HASTA EL 62% PARA EMPLEADOS MUNICIPALES EN TRES TRAMOS."},"content":{"rendered":"\n<p><br>Este mediod\u00eda, el intendente interino Jos\u00e9 Luis Horna, junto a la contadora municipal Luj\u00e1n Olgiati anunciaron un incremento salarial para las y los trabajadores de hasta el 62%, el cual se pagar\u00e1 en 3 tramos.<br>El mismo est\u00e1 compuesto por una suma fija remunerativa y un aumento porcentual que se ajusta a la categor\u00eda de cada trabajador y trabajadora municipal.<br>El incremento salarial se otorgar\u00e1 partir del 1\u00ba de abril, el segundo tramo el 1\u00ba de julio y \u00faltimo el 1\u00ba septiembre. Asimismo, hay un aumento del presentismo y presentismo tiempo pleno.<\/p>\n\n\n\n<figure class=\"wp-block-image size-large\"><img data-recalc-dims=\"1\" fetchpriority=\"high\" decoding=\"async\" width=\"1024\" height=\"467\" src=\"https:\/\/i0.wp.com\/revistagenesis.com\/wp-content\/uploads\/2022\/04\/20220421_1306139222967088937725705.jpg?resize=1024%2C467&#038;ssl=1\" alt=\"\" class=\"wp-image-181488\" srcset=\"https:\/\/i0.wp.com\/revistagenesis.com\/wp-content\/uploads\/2022\/04\/20220421_1306139222967088937725705.jpg?resize=1024%2C467&amp;ssl=1 1024w, https:\/\/i0.wp.com\/revistagenesis.com\/wp-content\/uploads\/2022\/04\/20220421_1306139222967088937725705.jpg?resize=300%2C137&amp;ssl=1 300w, https:\/\/i0.wp.com\/revistagenesis.com\/wp-content\/uploads\/2022\/04\/20220421_1306139222967088937725705.jpg?resize=768%2C350&amp;ssl=1 768w, https:\/\/i0.wp.com\/revistagenesis.com\/wp-content\/uploads\/2022\/04\/20220421_1306139222967088937725705.jpg?w=1304&amp;ssl=1 1304w\" sizes=\"(max-width: 1024px) 100vw, 1024px\" \/><\/figure>\n\n\n\n<p><br \/>Cabe destacar que este incremento salarial es el resultado del acuerdo entre el municipio y los 3 gremios que representan a las y los trabajadores municipales y est\u00e1 sujeto a posibles revisiones a lo largo del a\u00f1o.<\/p>\n\n\n\n\n","protected":false},"excerpt":{"rendered":"<p>Este mediod\u00eda, el intendente interino Jos\u00e9 Luis Horna, junto a la contadora municipal Luj\u00e1n Olgiati anunciaron un incremento salarial para las y los trabajadores de hasta el 62%, el cual se pagar\u00e1 en 3 tramos.El mismo est\u00e1 compuesto por una suma fija remunerativa y un aumento porcentual que se ajusta a la categor\u00eda de cada &#8230; <a title=\"AUMENTO SALARIAL DE HASTA EL 62% PARA EMPLEADOS MUNICIPALES EN TRES TRAMOS.\" class=\"read-more\" href=\"https:\/\/revistagenesis.com\/?p=181485\">Leer mas<\/a><\/p>\n","protected":false},"author":2,"featured_media":181489,"comment_status":"open","ping_status":"open","sticky":false,"template":"","format":"image","meta":{"jetpack_post_was_ever_published":false,"_jetpack_newsletter_access":"","_jetpack_dont_email_post_to_subs":false,"_jetpack_newsletter_tier_id":0,"_jetpack_memberships_contains_paywalled_content":false,"_jetpack_memberships_contains_paid_content":false,"footnotes":""},"categories":[1],"tags":[121],"class_list":["post-181485","post","type-post","status-publish","format-image","has-post-thumbnail","hentry","category-interes-general","tag-aumento-municipales-roque-perez","post_format-post-format-image"],"jetpack_featured_media_url":"https:\/\/i0.wp.com\/revistagenesis.com\/wp-content\/uploads\/2022\/04\/20220421_130613.jpg?fit=1304%2C595&ssl=1","jetpack_likes_enabled":true,"jetpack-related-posts":[{"id":183735,"url":"https:\/\/revistagenesis.com\/?p=183735","url_meta":{"origin":181485,"position":0},"title":"EL CONGRESO DE LA FEB APROB\u00d3 POR ESCASO MARGEN LA PROPUESTA SALARIAL DEL GOBIERNO","author":"Nicolas Bagliere","date":"12\/02\/2025","format":false,"excerpt":"Por una estrecha diferencia, el Congreso Extraordinario de la FEB aprob\u00f3 este mediod\u00eda la propuesta salarial entregada el \u00faltimo lunes por el gobierno de la Provincia, que establece entre otras cuestiones un incremento salarial del 9% para los meses de febrero y marzo. Si bien la oferta salarial fue aprobada\u2026","rel":"","context":"En \u00abInter\u00e9s General\u00bb","block_context":{"text":"Inter\u00e9s General","link":"https:\/\/revistagenesis.com\/?cat=1"},"img":{"alt_text":"","src":"https:\/\/i0.wp.com\/revistagenesis.com\/wp-content\/uploads\/2025\/02\/descarga28129372545397967171392.jpg?resize=350%2C200&ssl=1","width":350,"height":200},"classes":[]},{"id":183919,"url":"https:\/\/revistagenesis.com\/?p=183919","url_meta":{"origin":181485,"position":1},"title":"LA FEB RECHAZ\u00d3&nbsp; LA PROPUESTA SALARIAL Y CONVOC\u00d3 A UN PARO PARA EL PR\u00d3XIMO 20 DE MAYO.","author":"Nicolas Bagliere","date":"19\/05\/2025","format":false,"excerpt":"El Congreso Extraordinario de la FEB defini\u00f3 convocar a un paro provincial de 24 horas para el pr\u00f3ximo martes 20 de mayo, en rechazo a la insuficiente propuesta salarial entregada por el gobierno bonaerense durante la \u00faltima Paritaria. Los docentes afiliados de toda la Provincia decidieron la realizaci\u00f3n de una\u2026","rel":"","context":"En \u00abInter\u00e9s General\u00bb","block_context":{"text":"Inter\u00e9s General","link":"https:\/\/revistagenesis.com\/?cat=1"},"img":{"alt_text":"","src":"https:\/\/i0.wp.com\/revistagenesis.com\/wp-content\/uploads\/2025\/05\/IMG-20250519-WA0128-1.jpg?fit=960%2C1200&ssl=1&resize=350%2C200","width":350,"height":200,"srcset":"https:\/\/i0.wp.com\/revistagenesis.com\/wp-content\/uploads\/2025\/05\/IMG-20250519-WA0128-1.jpg?fit=960%2C1200&ssl=1&resize=350%2C200 1x, https:\/\/i0.wp.com\/revistagenesis.com\/wp-content\/uploads\/2025\/05\/IMG-20250519-WA0128-1.jpg?fit=960%2C1200&ssl=1&resize=525%2C300 1.5x, https:\/\/i0.wp.com\/revistagenesis.com\/wp-content\/uploads\/2025\/05\/IMG-20250519-WA0128-1.jpg?fit=960%2C1200&ssl=1&resize=700%2C400 2x"},"classes":[]},{"id":3866,"url":"https:\/\/revistagenesis.com\/?p=3866","url_meta":{"origin":181485,"position":2},"title":"El lunes comienzan las clases","author":"Nicolas Bagliere","date":"27\/02\/2016","format":false,"excerpt":"\u00a0 Los distintos gremios aceptaron la propuesta salarial del gobierno de Mar\u00eda Eugenia Vidal que implica 34,6 por ciento de incremento salarial, por lo que avisaron que el lunes \"comienzan las clases normalmente\". Docentes bonaerenses aceptaron hoy la propuesta salarial del gobierno de Mar\u00eda Eugenia Vidal que implica 34,6 por\u2026","rel":"","context":"En \u00abInter\u00e9s General\u00bb","block_context":{"text":"Inter\u00e9s General","link":"https:\/\/revistagenesis.com\/?cat=1"},"img":{"alt_text":"","src":"https:\/\/i0.wp.com\/revistagenesis.com\/wp-content\/uploads\/2016\/02\/comienzan-la.jpg?fit=621%2C349&ssl=1&resize=350%2C200","width":350,"height":200,"srcset":"https:\/\/i0.wp.com\/revistagenesis.com\/wp-content\/uploads\/2016\/02\/comienzan-la.jpg?fit=621%2C349&ssl=1&resize=350%2C200 1x, https:\/\/i0.wp.com\/revistagenesis.com\/wp-content\/uploads\/2016\/02\/comienzan-la.jpg?fit=621%2C349&ssl=1&resize=525%2C300 1.5x"},"classes":[]},{"id":648,"url":"https:\/\/revistagenesis.com\/?p=648","url_meta":{"origin":181485,"position":3},"title":"Docentes consideran insuficiente oferta de aumento del 25%","author":"Nicolas Bagliere","date":"09\/02\/2015","format":false,"excerpt":"El Frente Gremial Docente rechaz\u00f3 hoy la oferta del 25 por ciento de aumento efectuada por Gobierno bonaerense en el marco de una nueva reuni\u00f3n de la Mesa T\u00e9cnica Salarial llevada adelante en el ministerio de Econom\u00eda provincial. El Gobierno inform\u00f3 en un comunicado que con la \"voluntad de llevar\u2026","rel":"","context":"En \u00abInter\u00e9s General\u00bb","block_context":{"text":"Inter\u00e9s General","link":"https:\/\/revistagenesis.com\/?cat=1"},"img":{"alt_text":"","src":"https:\/\/i0.wp.com\/revistagenesis.com\/wp-content\/uploads\/2015\/02\/el-dia.jpg?fit=621%2C414&ssl=1&resize=350%2C200","width":350,"height":200,"srcset":"https:\/\/i0.wp.com\/revistagenesis.com\/wp-content\/uploads\/2015\/02\/el-dia.jpg?fit=621%2C414&ssl=1&resize=350%2C200 1x, https:\/\/i0.wp.com\/revistagenesis.com\/wp-content\/uploads\/2015\/02\/el-dia.jpg?fit=621%2C414&ssl=1&resize=525%2C300 1.5x"},"classes":[]},{"id":181419,"url":"https:\/\/revistagenesis.com\/?p=181419","url_meta":{"origin":181485,"position":4},"title":"El PEDIDO DE CRAVERO AL EJECUTIVO: AUMENTO SALARIAL Y JERARQUIZAR AL EMPLEADO MUNICIPAL.","author":"Nicolas Bagliere","date":"06\/04\/2022","format":"image","excerpt":"El referente de Juntos solicit\u00f3 di\u00e1logo al ejecutivo y un aumento salarial a municipales para recomponer la perdida de poder adquisitivo. Luego de estar 8 a\u00f1os como concejal, afirm\u00f3 que \"sigo acompa\u00f1ando a los vecinos en cada reclamo\". Ver nota completa? https:\/\/youtu.be\/kGd65Gz01Cw","rel":"","context":"En \u00abInter\u00e9s General\u00bb","block_context":{"text":"Inter\u00e9s General","link":"https:\/\/revistagenesis.com\/?cat=1"},"img":{"alt_text":"","src":"https:\/\/i0.wp.com\/revistagenesis.com\/wp-content\/uploads\/2022\/04\/20220405_195404-scaled.jpg?fit=1200%2C900&ssl=1&resize=350%2C200","width":350,"height":200,"srcset":"https:\/\/i0.wp.com\/revistagenesis.com\/wp-content\/uploads\/2022\/04\/20220405_195404-scaled.jpg?fit=1200%2C900&ssl=1&resize=350%2C200 1x, https:\/\/i0.wp.com\/revistagenesis.com\/wp-content\/uploads\/2022\/04\/20220405_195404-scaled.jpg?fit=1200%2C900&ssl=1&resize=525%2C300 1.5x, https:\/\/i0.wp.com\/revistagenesis.com\/wp-content\/uploads\/2022\/04\/20220405_195404-scaled.jpg?fit=1200%2C900&ssl=1&resize=700%2C400 2x, https:\/\/i0.wp.com\/revistagenesis.com\/wp-content\/uploads\/2022\/04\/20220405_195404-scaled.jpg?fit=1200%2C900&ssl=1&resize=1050%2C600 3x"},"classes":[]},{"id":8115,"url":"https:\/\/revistagenesis.com\/?p=8115","url_meta":{"origin":181485,"position":5},"title":"Los docentes rechazaron la oferta del gobiermo","author":"Nicolas Bagliere","date":"06\/02\/2017","format":false,"excerpt":"\u00a0 La FEB, conjuntamente con los dem\u00e1s gremios docentes, rechaz\u00f3 hace minutos la oferta de incremento salarial del Gobierno provincial, de un 18% en cuatro cuotas, que incluye la \u201ccl\u00e1usula gatillo\u201d para ajustar esta pauta de acuerdo con la inflaci\u00f3n. \u00a0 \u201cEn primer lugar, fuimos muy determinantes en exigir una\u2026","rel":"","context":"En \u00abInter\u00e9s General\u00bb","block_context":{"text":"Inter\u00e9s General","link":"https:\/\/revistagenesis.com\/?cat=1"},"img":{"alt_text":"","src":"https:\/\/i0.wp.com\/revistagenesis.com\/wp-content\/uploads\/2017\/02\/wp-1486423962302.jpg?fit=500%2C391&ssl=1&resize=350%2C200","width":350,"height":200},"classes":[]}],"jetpack_sharing_enabled":true,"_links":{"self":[{"href":"https:\/\/revistagenesis.com\/index.php?rest_route=\/wp\/v2\/posts\/181485","targetHints":{"allow":["GET"]}}],"collection":[{"href":"https:\/\/revistagenesis.com\/index.php?rest_route=\/wp\/v2\/posts"}],"about":[{"href":"https:\/\/revistagenesis.com\/index.php?rest_route=\/wp\/v2\/types\/post"}],"author":[{"embeddable":true,"href":"https:\/\/revistagenesis.com\/index.php?rest_route=\/wp\/v2\/users\/2"}],"replies":[{"embeddable":true,"href":"https:\/\/revistagenesis.com\/index.php?rest_route=%2Fwp%2Fv2%2Fcomments&post=181485"}],"version-history":[{"count":2,"href":"https:\/\/revistagenesis.com\/index.php?rest_route=\/wp\/v2\/posts\/181485\/revisions"}],"predecessor-version":[{"id":181490,"href":"https:\/\/revistagenesis.com\/index.php?rest_route=\/wp\/v2\/posts\/181485\/revisions\/181490"}],"wp:featuredmedia":[{"embeddable":true,"href":"https:\/\/revistagenesis.com\/index.php?rest_route=\/wp\/v2\/media\/181489"}],"wp:attachment":[{"href":"https:\/\/revistagenesis.com\/index.php?rest_route=%2Fwp%2Fv2%2Fmedia&parent=181485"}],"wp:term":[{"taxonomy":"category","embeddable":true,"href":"https:\/\/revistagenesis.com\/index.php?rest_route=%2Fwp%2Fv2%2Fcategories&post=181485"},{"taxonomy":"post_tag","embeddable":true,"href":"https:\/\/revistagenesis.com\/index.php?rest_route=%2Fwp%2Fv2%2Ftags&post=181485"}],"curies":[{"name":"wp","href":"https:\/\/api.w.org\/{rel}","templated":true}]}}