{"id":181429,"date":"2022-04-07T15:15:37","date_gmt":"2022-04-07T18:15:37","guid":{"rendered":"http:\/\/revistagenesis.com\/?p=181429"},"modified":"2022-04-08T17:35:26","modified_gmt":"2022-04-08T20:35:26","slug":"bomberos-voluntarios-tendra-un-centro-de-capacitacion","status":"publish","type":"post","link":"https:\/\/revistagenesis.com\/?p=181429","title":{"rendered":"BOMBEROS VOLUNTARIOS TENDRA UN CENTRO DE CAPACITACION."},"content":{"rendered":"\n<p>Se trata de un proyecto a largo plazo para darle uso al terreno que tiene la instituci\u00f3n sobre Acceso Dalto.<\/p>\n\n\n\n<p>El presidente de Bomberos Voluntarios, German Martini inform\u00f3 a este medio que \u00abla idea  del  proyecto es que se divida en dos partes, una de entrenamiento y capacitaci\u00f3n, donde se puedan realizar simulacros y la otra de esparcimiento para que puedan utilizar los bomberos y su familia\u00bb, explic\u00f3.<\/p>\n\n\n\n<figure class=\"wp-block-image size-large\"><img data-recalc-dims=\"1\" fetchpriority=\"high\" decoding=\"async\" width=\"1024\" height=\"576\" src=\"https:\/\/i0.wp.com\/revistagenesis.com\/wp-content\/uploads\/2022\/04\/img-20220407-wa01017059573542126654983.jpg?resize=1024%2C576&#038;ssl=1\" alt=\"\" class=\"wp-image-181425\" srcset=\"https:\/\/i0.wp.com\/revistagenesis.com\/wp-content\/uploads\/2022\/04\/img-20220407-wa01017059573542126654983.jpg?resize=1024%2C576&amp;ssl=1 1024w, https:\/\/i0.wp.com\/revistagenesis.com\/wp-content\/uploads\/2022\/04\/img-20220407-wa01017059573542126654983.jpg?resize=300%2C169&amp;ssl=1 300w, https:\/\/i0.wp.com\/revistagenesis.com\/wp-content\/uploads\/2022\/04\/img-20220407-wa01017059573542126654983.jpg?resize=768%2C432&amp;ssl=1 768w, https:\/\/i0.wp.com\/revistagenesis.com\/wp-content\/uploads\/2022\/04\/img-20220407-wa01017059573542126654983.jpg?w=1280&amp;ssl=1 1280w\" sizes=\"(max-width: 1024px) 100vw, 1024px\" \/><\/figure>\n\n\n\n<figure class=\"wp-block-image\"><img data-recalc-dims=\"1\" decoding=\"async\" width=\"1200\" height=\"675\" src=\"https:\/\/i0.wp.com\/revistagenesis.com\/wp-content\/uploads\/2022\/04\/img-20220407-wa0100584100935171807209.jpg?resize=1200%2C675&#038;ssl=1\" alt=\"\" class=\"wp-image-181427\" srcset=\"https:\/\/i0.wp.com\/revistagenesis.com\/wp-content\/uploads\/2022\/04\/img-20220407-wa0100584100935171807209.jpg?w=1280&amp;ssl=1 1280w, https:\/\/i0.wp.com\/revistagenesis.com\/wp-content\/uploads\/2022\/04\/img-20220407-wa0100584100935171807209.jpg?resize=300%2C169&amp;ssl=1 300w, https:\/\/i0.wp.com\/revistagenesis.com\/wp-content\/uploads\/2022\/04\/img-20220407-wa0100584100935171807209.jpg?resize=1024%2C576&amp;ssl=1 1024w, https:\/\/i0.wp.com\/revistagenesis.com\/wp-content\/uploads\/2022\/04\/img-20220407-wa0100584100935171807209.jpg?resize=768%2C432&amp;ssl=1 768w\" sizes=\"(max-width: 1200px) 100vw, 1200px\" \/><\/figure>\n\n\n\n<p>A LA ESPERA DE NUEVAS UNIDADES<\/p>\n\n\n\n<p>Martini tambi\u00e9n  inform\u00f3 que se est\u00e1 a la espera de la llegada de dos autobombas, siendo una de ellas destinada a  al Destacamento de Carlos Beguerie\u00bb<\/p>\n\n\n\n<figure class=\"wp-block-image\"><img data-recalc-dims=\"1\" decoding=\"async\" width=\"1200\" height=\"675\" src=\"https:\/\/i0.wp.com\/revistagenesis.com\/wp-content\/uploads\/2022\/04\/img-20220407-wa00973024118265697556093.jpg?resize=1200%2C675&#038;ssl=1\" alt=\"\" class=\"wp-image-181426\" srcset=\"https:\/\/i0.wp.com\/revistagenesis.com\/wp-content\/uploads\/2022\/04\/img-20220407-wa00973024118265697556093.jpg?w=1280&amp;ssl=1 1280w, https:\/\/i0.wp.com\/revistagenesis.com\/wp-content\/uploads\/2022\/04\/img-20220407-wa00973024118265697556093.jpg?resize=300%2C169&amp;ssl=1 300w, https:\/\/i0.wp.com\/revistagenesis.com\/wp-content\/uploads\/2022\/04\/img-20220407-wa00973024118265697556093.jpg?resize=1024%2C576&amp;ssl=1 1024w, https:\/\/i0.wp.com\/revistagenesis.com\/wp-content\/uploads\/2022\/04\/img-20220407-wa00973024118265697556093.jpg?resize=768%2C432&amp;ssl=1 768w\" sizes=\"(max-width: 1200px) 100vw, 1200px\" \/><\/figure>\n","protected":false},"excerpt":{"rendered":"<p>Se trata de un proyecto a largo plazo para darle uso al terreno que tiene la instituci\u00f3n sobre Acceso Dalto. El presidente de Bomberos Voluntarios, German Martini inform\u00f3 a este medio que \u00abla idea del proyecto es que se divida en dos partes, una de entrenamiento y capacitaci\u00f3n, donde se puedan realizar simulacros y la &#8230; <a title=\"BOMBEROS VOLUNTARIOS TENDRA UN CENTRO DE CAPACITACION.\" class=\"read-more\" href=\"https:\/\/revistagenesis.com\/?p=181429\">Leer mas<\/a><\/p>\n","protected":false},"author":2,"featured_media":181428,"comment_status":"open","ping_status":"open","sticky":false,"template":"","format":"image","meta":{"jetpack_post_was_ever_published":false,"_jetpack_newsletter_access":"","_jetpack_dont_email_post_to_subs":false,"_jetpack_newsletter_tier_id":0,"_jetpack_memberships_contains_paywalled_content":false,"_jetpack_memberships_contains_paid_content":false,"footnotes":""},"categories":[1],"tags":[119],"class_list":["post-181429","post","type-post","status-publish","format-image","has-post-thumbnail","hentry","category-interes-general","tag-bomberos-centro-de-capacitacion-roque-perez","post_format-post-format-image"],"jetpack_featured_media_url":"https:\/\/i0.wp.com\/revistagenesis.com\/wp-content\/uploads\/2022\/04\/IMG-20220407-WA0095.jpg?fit=1280%2C720&ssl=1","jetpack_likes_enabled":true,"jetpack-related-posts":[{"id":168339,"url":"https:\/\/revistagenesis.com\/?p=168339","url_meta":{"origin":181429,"position":0},"title":"Capacitaci\u00f3n de los Bomberos Voluntarios de Roque P\u00e9rez","author":"Nicolas Bagliere","date":"26\/03\/2018","format":false,"excerpt":"El pasado fin de semana, Bomberos Voluntarios de Roque P\u00e9rez realizaron una Capacitaci\u00f3n en Longchamp,\u00a0en\u00a0 en un Centro de Entrenamiento Movil\u00a0 de Espacios Confinados perteneciente al Consejo Nacional de Bomberos Voluntarios de la Rep\u00fablica Argentina. De nuestra ciudad estuvieron presentes Alejandro Bonavia, Gonzalo Rosini, Julian Fusse y Lenadro Oll\u00e9 Dicho\u2026","rel":"","context":"En \u00abInter\u00e9s General\u00bb","block_context":{"text":"Inter\u00e9s General","link":"https:\/\/revistagenesis.com\/?cat=1"},"img":{"alt_text":"","src":"https:\/\/i0.wp.com\/revistagenesis.com\/wp-content\/uploads\/2018\/03\/FB_IMG_1522068687759-e1649814687795.jpg?fit=480%2C347&ssl=1&resize=350%2C200","width":350,"height":200},"classes":[]},{"id":29214,"url":"https:\/\/revistagenesis.com\/?p=29214","url_meta":{"origin":181429,"position":1},"title":"Bomberos Voluntarios cerr\u00f3 un a\u00f1o en familia","author":"Nicolas Bagliere","date":"17\/12\/2017","format":false,"excerpt":"El sabado por la noche, en en sal\u00f3n de la institici\u00f3n, la sociedad de Bomberos Voluntarios comparti\u00f3 una cena en famila donde estuvieron presentes los bomberos del cuerpo activo, bomberos de reserva, miembros de la comisi\u00f3n, personal de la policia. Fue una noche donde se disfrut\u00f3 de un grato momento\u2026","rel":"","context":"En \u00abInter\u00e9s General\u00bb","block_context":{"text":"Inter\u00e9s General","link":"https:\/\/revistagenesis.com\/?cat=1"},"img":{"alt_text":"","src":"https:\/\/i0.wp.com\/revistagenesis.com\/wp-content\/uploads\/2017\/12\/20171217_003748.jpg?fit=1200%2C675&ssl=1&resize=350%2C200","width":350,"height":200,"srcset":"https:\/\/i0.wp.com\/revistagenesis.com\/wp-content\/uploads\/2017\/12\/20171217_003748.jpg?fit=1200%2C675&ssl=1&resize=350%2C200 1x, https:\/\/i0.wp.com\/revistagenesis.com\/wp-content\/uploads\/2017\/12\/20171217_003748.jpg?fit=1200%2C675&ssl=1&resize=525%2C300 1.5x, https:\/\/i0.wp.com\/revistagenesis.com\/wp-content\/uploads\/2017\/12\/20171217_003748.jpg?fit=1200%2C675&ssl=1&resize=700%2C400 2x, https:\/\/i0.wp.com\/revistagenesis.com\/wp-content\/uploads\/2017\/12\/20171217_003748.jpg?fit=1200%2C675&ssl=1&resize=1050%2C600 3x"},"classes":[]},{"id":2480,"url":"https:\/\/revistagenesis.com\/?p=2480","url_meta":{"origin":181429,"position":2},"title":"\u00a1A colaborar con Bomberos!","author":"Nicolas Bagliere","date":"11\/10\/2015","format":false,"excerpt":"El pr\u00f3ximo 14 de Noviembre, \u00a0se realizar\u00e1 una cena show \u00a0a beneficio \u00a0de Bomberos \u00a0Voluntarios en el sal\u00f3n de la Sociedad Rural.El valor de la tarjeta ser\u00e1 de $200 que incluye Men\u00fa completo ( Chorizo,vaquillona, bebida y postre).Una linda oportunidad para disfrutar en familia de una noche distinta con la\u2026","rel":"","context":"En \u00abInter\u00e9s General\u00bb","block_context":{"text":"Inter\u00e9s General","link":"https:\/\/revistagenesis.com\/?cat=1"},"img":{"alt_text":"","src":"https:\/\/i0.wp.com\/revistagenesis.com\/wp-content\/uploads\/2015\/10\/cuartel-de-bomberos1.jpg?fit=1200%2C795&ssl=1&resize=350%2C200","width":350,"height":200,"srcset":"https:\/\/i0.wp.com\/revistagenesis.com\/wp-content\/uploads\/2015\/10\/cuartel-de-bomberos1.jpg?fit=1200%2C795&ssl=1&resize=350%2C200 1x, https:\/\/i0.wp.com\/revistagenesis.com\/wp-content\/uploads\/2015\/10\/cuartel-de-bomberos1.jpg?fit=1200%2C795&ssl=1&resize=525%2C300 1.5x, https:\/\/i0.wp.com\/revistagenesis.com\/wp-content\/uploads\/2015\/10\/cuartel-de-bomberos1.jpg?fit=1200%2C795&ssl=1&resize=700%2C400 2x, https:\/\/i0.wp.com\/revistagenesis.com\/wp-content\/uploads\/2015\/10\/cuartel-de-bomberos1.jpg?fit=1200%2C795&ssl=1&resize=1050%2C600 3x"},"classes":[]},{"id":168778,"url":"https:\/\/revistagenesis.com\/?p=168778","url_meta":{"origin":181429,"position":3},"title":"Bomberos se capacitan sobre rescate vehicular","author":"Nicolas Bagliere","date":"25\/04\/2018","format":false,"excerpt":"Los Bomberos Voluntarios de Roque P\u00e9rez, formaran parte de una capacitaci\u00f3n, el pr\u00f3ximo s\u00e1bado y domingo, sobre rescate vehicular.","rel":"","context":"En \u00abInter\u00e9s General\u00bb","block_context":{"text":"Inter\u00e9s General","link":"https:\/\/revistagenesis.com\/?cat=1"},"img":{"alt_text":"","src":"","width":0,"height":0},"classes":[]},{"id":845,"url":"https:\/\/revistagenesis.com\/?p=845","url_meta":{"origin":181429,"position":4},"title":"Los Bomberos Voluntarios presentan la nueva unidad","author":"Nicolas Bagliere","date":"12\/03\/2015","format":false,"excerpt":"Se trata de un autobomba Scania 26o con capacidad de 2000 mil litros de agua y con equipamiento de alta complejidad con un costo que supera los 500 mil pesos. La semana pr\u00f3xima ser\u00e1 presentada en sociedad. \"Esto es gracias a la gente que colabora con las rifas\" dijo el\u2026","rel":"","context":"En \u00abInter\u00e9s General\u00bb","block_context":{"text":"Inter\u00e9s General","link":"https:\/\/revistagenesis.com\/?cat=1"},"img":{"alt_text":"","src":"https:\/\/i0.wp.com\/revistagenesis.com\/wp-content\/uploads\/2015\/03\/bomberos-1.jpg?fit=1200%2C720&ssl=1&resize=350%2C200","width":350,"height":200,"srcset":"https:\/\/i0.wp.com\/revistagenesis.com\/wp-content\/uploads\/2015\/03\/bomberos-1.jpg?fit=1200%2C720&ssl=1&resize=350%2C200 1x, https:\/\/i0.wp.com\/revistagenesis.com\/wp-content\/uploads\/2015\/03\/bomberos-1.jpg?fit=1200%2C720&ssl=1&resize=525%2C300 1.5x, https:\/\/i0.wp.com\/revistagenesis.com\/wp-content\/uploads\/2015\/03\/bomberos-1.jpg?fit=1200%2C720&ssl=1&resize=700%2C400 2x, https:\/\/i0.wp.com\/revistagenesis.com\/wp-content\/uploads\/2015\/03\/bomberos-1.jpg?fit=1200%2C720&ssl=1&resize=1050%2C600 3x"},"classes":[]},{"id":6913,"url":"https:\/\/revistagenesis.com\/?p=6913","url_meta":{"origin":181429,"position":5},"title":"Cena Show en el Destacamento de Bomberos de Beguerie","author":"Nicolas Bagliere","date":"03\/11\/2016","format":false,"excerpt":"\u00a0 El pr\u00f3ximo 12 de Noviembre, se realizar\u00e1 en el mismo destacamento, \u00a0la Cena Anual del destacamento de Bomberos Voluntarios de Carlos Beguerie que tiene dos prop\u00f3sitos: festejar el 34 aniversario y recaudar dinero . La cena incluye men\u00fa completo (costillar con ensalada, bebida y postre) y un show de\u2026","rel":"","context":"En \u00abInter\u00e9s General\u00bb","block_context":{"text":"Inter\u00e9s General","link":"https:\/\/revistagenesis.com\/?cat=1"},"img":{"alt_text":"","src":"https:\/\/i0.wp.com\/revistagenesis.com\/wp-content\/uploads\/2016\/11\/fabian-perez.jpg?fit=960%2C640&ssl=1&resize=350%2C200","width":350,"height":200,"srcset":"https:\/\/i0.wp.com\/revistagenesis.com\/wp-content\/uploads\/2016\/11\/fabian-perez.jpg?fit=960%2C640&ssl=1&resize=350%2C200 1x, https:\/\/i0.wp.com\/revistagenesis.com\/wp-content\/uploads\/2016\/11\/fabian-perez.jpg?fit=960%2C640&ssl=1&resize=525%2C300 1.5x, https:\/\/i0.wp.com\/revistagenesis.com\/wp-content\/uploads\/2016\/11\/fabian-perez.jpg?fit=960%2C640&ssl=1&resize=700%2C400 2x"},"classes":[]}],"jetpack_sharing_enabled":true,"_links":{"self":[{"href":"https:\/\/revistagenesis.com\/index.php?rest_route=\/wp\/v2\/posts\/181429","targetHints":{"allow":["GET"]}}],"collection":[{"href":"https:\/\/revistagenesis.com\/index.php?rest_route=\/wp\/v2\/posts"}],"about":[{"href":"https:\/\/revistagenesis.com\/index.php?rest_route=\/wp\/v2\/types\/post"}],"author":[{"embeddable":true,"href":"https:\/\/revistagenesis.com\/index.php?rest_route=\/wp\/v2\/users\/2"}],"replies":[{"embeddable":true,"href":"https:\/\/revistagenesis.com\/index.php?rest_route=%2Fwp%2Fv2%2Fcomments&post=181429"}],"version-history":[{"count":2,"href":"https:\/\/revistagenesis.com\/index.php?rest_route=\/wp\/v2\/posts\/181429\/revisions"}],"predecessor-version":[{"id":181431,"href":"https:\/\/revistagenesis.com\/index.php?rest_route=\/wp\/v2\/posts\/181429\/revisions\/181431"}],"wp:featuredmedia":[{"embeddable":true,"href":"https:\/\/revistagenesis.com\/index.php?rest_route=\/wp\/v2\/media\/181428"}],"wp:attachment":[{"href":"https:\/\/revistagenesis.com\/index.php?rest_route=%2Fwp%2Fv2%2Fmedia&parent=181429"}],"wp:term":[{"taxonomy":"category","embeddable":true,"href":"https:\/\/revistagenesis.com\/index.php?rest_route=%2Fwp%2Fv2%2Fcategories&post=181429"},{"taxonomy":"post_tag","embeddable":true,"href":"https:\/\/revistagenesis.com\/index.php?rest_route=%2Fwp%2Fv2%2Ftags&post=181429"}],"curies":[{"name":"wp","href":"https:\/\/api.w.org\/{rel}","templated":true}]}}