{"id":181419,"date":"2022-04-06T11:26:25","date_gmt":"2022-04-06T14:26:25","guid":{"rendered":"http:\/\/revistagenesis.com\/?p=181419"},"modified":"2022-04-07T09:18:29","modified_gmt":"2022-04-07T12:18:29","slug":"el-pedido-de-cravero-al-ejecutivo-aumento-salarial-y-jerarquizar-al-empleado-municipal","status":"publish","type":"post","link":"https:\/\/revistagenesis.com\/?p=181419","title":{"rendered":"El PEDIDO DE CRAVERO AL EJECUTIVO: AUMENTO SALARIAL Y JERARQUIZAR AL EMPLEADO MUNICIPAL."},"content":{"rendered":"\n<p>El referente de Juntos solicit\u00f3 di\u00e1logo al ejecutivo y un aumento salarial a municipales para recomponer la perdida de poder adquisitivo.<\/p>\n\n\n\n<p>Luego de estar 8 a\u00f1os como concejal, afirm\u00f3 que \u00absigo acompa\u00f1ando a los vecinos en cada reclamo\u00bb.<\/p>\n\n\n\n<p>Ver nota completa?<\/p>\n\n\n\n<figure class=\"wp-block-image size-large\"><img data-recalc-dims=\"1\" fetchpriority=\"high\" decoding=\"async\" width=\"1024\" height=\"768\" src=\"https:\/\/i0.wp.com\/revistagenesis.com\/wp-content\/uploads\/2022\/04\/20220405_1954041442703135428608106.jpg?resize=1024%2C768&#038;ssl=1\" alt=\"\" class=\"wp-image-181418\" srcset=\"https:\/\/i0.wp.com\/revistagenesis.com\/wp-content\/uploads\/2022\/04\/20220405_1954041442703135428608106-scaled.jpg?resize=1024%2C768&amp;ssl=1 1024w, https:\/\/i0.wp.com\/revistagenesis.com\/wp-content\/uploads\/2022\/04\/20220405_1954041442703135428608106-scaled.jpg?resize=300%2C225&amp;ssl=1 300w, https:\/\/i0.wp.com\/revistagenesis.com\/wp-content\/uploads\/2022\/04\/20220405_1954041442703135428608106-scaled.jpg?resize=768%2C576&amp;ssl=1 768w, https:\/\/i0.wp.com\/revistagenesis.com\/wp-content\/uploads\/2022\/04\/20220405_1954041442703135428608106-scaled.jpg?resize=1536%2C1152&amp;ssl=1 1536w, https:\/\/i0.wp.com\/revistagenesis.com\/wp-content\/uploads\/2022\/04\/20220405_1954041442703135428608106-scaled.jpg?resize=2048%2C1536&amp;ssl=1 2048w, https:\/\/i0.wp.com\/revistagenesis.com\/wp-content\/uploads\/2022\/04\/20220405_1954041442703135428608106-scaled.jpg?w=2400&amp;ssl=1 2400w\" sizes=\"(max-width: 1024px) 100vw, 1024px\" \/><\/figure>\n\n\n\n<p><iframe title=\"EL PEDIDO DE CRAVERO AL EJECUTIVO: &quot;AUMENTO SALARIAL Y JERARQUIZACION DEL EMPLEADO MUNICIPAL&quot;\" width=\"1200\" height=\"675\" src=\"https:\/\/www.youtube.com\/embed\/kGd65Gz01Cw?feature=oembed\" frameborder=\"0\" allow=\"accelerometer; autoplay; clipboard-write; encrypted-media; gyroscope; picture-in-picture\" allowfullscreen><\/iframe><\/p>\n","protected":false},"excerpt":{"rendered":"<p>El referente de Juntos solicit\u00f3 di\u00e1logo al ejecutivo y un aumento salarial a municipales para recomponer la perdida de poder adquisitivo. Luego de estar 8 a\u00f1os como concejal, afirm\u00f3 que \u00absigo acompa\u00f1ando a los vecinos en cada reclamo\u00bb. Ver nota completa?<\/p>\n","protected":false},"author":2,"featured_media":181420,"comment_status":"open","ping_status":"open","sticky":false,"template":"","format":"image","meta":{"jetpack_post_was_ever_published":false,"_jetpack_newsletter_access":"","_jetpack_dont_email_post_to_subs":false,"_jetpack_newsletter_tier_id":0,"_jetpack_memberships_contains_paywalled_content":false,"_jetpack_memberships_contains_paid_content":false,"footnotes":""},"categories":[1],"tags":[],"class_list":["post-181419","post","type-post","status-publish","format-image","has-post-thumbnail","hentry","category-interes-general","post_format-post-format-image"],"jetpack_featured_media_url":"https:\/\/i0.wp.com\/revistagenesis.com\/wp-content\/uploads\/2022\/04\/20220405_195404-scaled.jpg?fit=2560%2C1920&ssl=1","jetpack_likes_enabled":true,"jetpack-related-posts":[{"id":181485,"url":"https:\/\/revistagenesis.com\/?p=181485","url_meta":{"origin":181419,"position":0},"title":"AUMENTO SALARIAL DE HASTA EL 62% PARA EMPLEADOS MUNICIPALES EN TRES TRAMOS.","author":"Nicolas Bagliere","date":"21\/04\/2022","format":"image","excerpt":"Este mediod\u00eda, el intendente interino Jos\u00e9 Luis Horna, junto a la contadora municipal Luj\u00e1n Olgiati anunciaron un incremento salarial para las y los trabajadores de hasta el 62%, el cual se pagar\u00e1 en 3 tramos.El mismo est\u00e1 compuesto por una suma fija remunerativa y un aumento porcentual que se ajusta\u2026","rel":"","context":"En \u00abInter\u00e9s General\u00bb","block_context":{"text":"Inter\u00e9s General","link":"https:\/\/revistagenesis.com\/?cat=1"},"img":{"alt_text":"","src":"https:\/\/i0.wp.com\/revistagenesis.com\/wp-content\/uploads\/2022\/04\/20220421_130613.jpg?fit=1200%2C548&ssl=1&resize=350%2C200","width":350,"height":200,"srcset":"https:\/\/i0.wp.com\/revistagenesis.com\/wp-content\/uploads\/2022\/04\/20220421_130613.jpg?fit=1200%2C548&ssl=1&resize=350%2C200 1x, https:\/\/i0.wp.com\/revistagenesis.com\/wp-content\/uploads\/2022\/04\/20220421_130613.jpg?fit=1200%2C548&ssl=1&resize=525%2C300 1.5x, https:\/\/i0.wp.com\/revistagenesis.com\/wp-content\/uploads\/2022\/04\/20220421_130613.jpg?fit=1200%2C548&ssl=1&resize=700%2C400 2x, https:\/\/i0.wp.com\/revistagenesis.com\/wp-content\/uploads\/2022\/04\/20220421_130613.jpg?fit=1200%2C548&ssl=1&resize=1050%2C600 3x"},"classes":[]},{"id":183735,"url":"https:\/\/revistagenesis.com\/?p=183735","url_meta":{"origin":181419,"position":1},"title":"EL CONGRESO DE LA FEB APROB\u00d3 POR ESCASO MARGEN LA PROPUESTA SALARIAL DEL GOBIERNO","author":"Nicolas Bagliere","date":"12\/02\/2025","format":false,"excerpt":"Por una estrecha diferencia, el Congreso Extraordinario de la FEB aprob\u00f3 este mediod\u00eda la propuesta salarial entregada el \u00faltimo lunes por el gobierno de la Provincia, que establece entre otras cuestiones un incremento salarial del 9% para los meses de febrero y marzo. Si bien la oferta salarial fue aprobada\u2026","rel":"","context":"En \u00abInter\u00e9s General\u00bb","block_context":{"text":"Inter\u00e9s General","link":"https:\/\/revistagenesis.com\/?cat=1"},"img":{"alt_text":"","src":"https:\/\/i0.wp.com\/revistagenesis.com\/wp-content\/uploads\/2025\/02\/descarga28129372545397967171392.jpg?resize=350%2C200&ssl=1","width":350,"height":200},"classes":[]},{"id":173117,"url":"https:\/\/revistagenesis.com\/?p=173117","url_meta":{"origin":181419,"position":2},"title":"EN VIVO: CONFERENCIA DE PRENSA POR PARITARIA DOCENTE","author":"Nicolas Bagliere","date":"16\/04\/2019","format":false,"excerpt":"La gobernadora bonaerense, Mar\u00eda Eugenia Vidal, anunci\u00f3 hoy la firma de un acuerdo paritario salarial con los gremios docentes de la provincia de Buenos Aires y asegur\u00f3 que \"dejamos atr\u00e1s un conflicto con los gremios, lo hicimos con di\u00e1logo y responsabilidad\". \"Nuestra propuesta para el a\u00f1o 2019 es de un\u2026","rel":"","context":"En \u00abInter\u00e9s General\u00bb","block_context":{"text":"Inter\u00e9s General","link":"https:\/\/revistagenesis.com\/?cat=1"},"img":{"alt_text":"","src":"https:\/\/i0.wp.com\/revistagenesis.com\/wp-content\/uploads\/2019\/04\/1555434622735.jpg?fit=630%2C394&ssl=1&resize=350%2C200","width":350,"height":200,"srcset":"https:\/\/i0.wp.com\/revistagenesis.com\/wp-content\/uploads\/2019\/04\/1555434622735.jpg?fit=630%2C394&ssl=1&resize=350%2C200 1x, https:\/\/i0.wp.com\/revistagenesis.com\/wp-content\/uploads\/2019\/04\/1555434622735.jpg?fit=630%2C394&ssl=1&resize=525%2C300 1.5x"},"classes":[]},{"id":648,"url":"https:\/\/revistagenesis.com\/?p=648","url_meta":{"origin":181419,"position":3},"title":"Docentes consideran insuficiente oferta de aumento del 25%","author":"Nicolas Bagliere","date":"09\/02\/2015","format":false,"excerpt":"El Frente Gremial Docente rechaz\u00f3 hoy la oferta del 25 por ciento de aumento efectuada por Gobierno bonaerense en el marco de una nueva reuni\u00f3n de la Mesa T\u00e9cnica Salarial llevada adelante en el ministerio de Econom\u00eda provincial. El Gobierno inform\u00f3 en un comunicado que con la \"voluntad de llevar\u2026","rel":"","context":"En \u00abInter\u00e9s General\u00bb","block_context":{"text":"Inter\u00e9s General","link":"https:\/\/revistagenesis.com\/?cat=1"},"img":{"alt_text":"","src":"https:\/\/i0.wp.com\/revistagenesis.com\/wp-content\/uploads\/2015\/02\/el-dia.jpg?fit=621%2C414&ssl=1&resize=350%2C200","width":350,"height":200,"srcset":"https:\/\/i0.wp.com\/revistagenesis.com\/wp-content\/uploads\/2015\/02\/el-dia.jpg?fit=621%2C414&ssl=1&resize=350%2C200 1x, https:\/\/i0.wp.com\/revistagenesis.com\/wp-content\/uploads\/2015\/02\/el-dia.jpg?fit=621%2C414&ssl=1&resize=525%2C300 1.5x"},"classes":[]},{"id":183919,"url":"https:\/\/revistagenesis.com\/?p=183919","url_meta":{"origin":181419,"position":4},"title":"LA FEB RECHAZ\u00d3&nbsp; LA PROPUESTA SALARIAL Y CONVOC\u00d3 A UN PARO PARA EL PR\u00d3XIMO 20 DE MAYO.","author":"Nicolas Bagliere","date":"19\/05\/2025","format":false,"excerpt":"El Congreso Extraordinario de la FEB defini\u00f3 convocar a un paro provincial de 24 horas para el pr\u00f3ximo martes 20 de mayo, en rechazo a la insuficiente propuesta salarial entregada por el gobierno bonaerense durante la \u00faltima Paritaria. Los docentes afiliados de toda la Provincia decidieron la realizaci\u00f3n de una\u2026","rel":"","context":"En \u00abInter\u00e9s General\u00bb","block_context":{"text":"Inter\u00e9s General","link":"https:\/\/revistagenesis.com\/?cat=1"},"img":{"alt_text":"","src":"https:\/\/i0.wp.com\/revistagenesis.com\/wp-content\/uploads\/2025\/05\/IMG-20250519-WA0128-1.jpg?fit=960%2C1200&ssl=1&resize=350%2C200","width":350,"height":200,"srcset":"https:\/\/i0.wp.com\/revistagenesis.com\/wp-content\/uploads\/2025\/05\/IMG-20250519-WA0128-1.jpg?fit=960%2C1200&ssl=1&resize=350%2C200 1x, https:\/\/i0.wp.com\/revistagenesis.com\/wp-content\/uploads\/2025\/05\/IMG-20250519-WA0128-1.jpg?fit=960%2C1200&ssl=1&resize=525%2C300 1.5x, https:\/\/i0.wp.com\/revistagenesis.com\/wp-content\/uploads\/2025\/05\/IMG-20250519-WA0128-1.jpg?fit=960%2C1200&ssl=1&resize=700%2C400 2x"},"classes":[]},{"id":171185,"url":"https:\/\/revistagenesis.com\/?p=171185","url_meta":{"origin":181419,"position":5},"title":"JUANCHO CRAVERO: \u00abHAY QUE JERARQUIZAR EL SALARIO DE LOS MUNICIPALES\u00bb","author":"Nicolas Bagliere","date":"26\/10\/2018","format":false,"excerpt":"El bloque de Cambiemos, mediante el concejal Juancho Cravero, solicit\u00f3 al poder Ejecutivo, que el aumento a los empleados municipales sea incorporado al b\u00e1sico y tenga un impacto remunerativo para beneficiar a los empleados, a los actuales y futuros jubilados. Adem\u00e1s record\u00f3 que el sueldo b\u00e1sico de la municipalidad de\u2026","rel":"","context":"En \u00abInter\u00e9s General\u00bb","block_context":{"text":"Inter\u00e9s General","link":"https:\/\/revistagenesis.com\/?cat=1"},"img":{"alt_text":"","src":"https:\/\/i0.wp.com\/revistagenesis.com\/wp-content\/uploads\/2018\/10\/IMG_20181023_205540111.jpg?fit=1200%2C675&ssl=1&resize=350%2C200","width":350,"height":200,"srcset":"https:\/\/i0.wp.com\/revistagenesis.com\/wp-content\/uploads\/2018\/10\/IMG_20181023_205540111.jpg?fit=1200%2C675&ssl=1&resize=350%2C200 1x, https:\/\/i0.wp.com\/revistagenesis.com\/wp-content\/uploads\/2018\/10\/IMG_20181023_205540111.jpg?fit=1200%2C675&ssl=1&resize=525%2C300 1.5x, https:\/\/i0.wp.com\/revistagenesis.com\/wp-content\/uploads\/2018\/10\/IMG_20181023_205540111.jpg?fit=1200%2C675&ssl=1&resize=700%2C400 2x, https:\/\/i0.wp.com\/revistagenesis.com\/wp-content\/uploads\/2018\/10\/IMG_20181023_205540111.jpg?fit=1200%2C675&ssl=1&resize=1050%2C600 3x"},"classes":[]}],"jetpack_sharing_enabled":true,"_links":{"self":[{"href":"https:\/\/revistagenesis.com\/index.php?rest_route=\/wp\/v2\/posts\/181419","targetHints":{"allow":["GET"]}}],"collection":[{"href":"https:\/\/revistagenesis.com\/index.php?rest_route=\/wp\/v2\/posts"}],"about":[{"href":"https:\/\/revistagenesis.com\/index.php?rest_route=\/wp\/v2\/types\/post"}],"author":[{"embeddable":true,"href":"https:\/\/revistagenesis.com\/index.php?rest_route=\/wp\/v2\/users\/2"}],"replies":[{"embeddable":true,"href":"https:\/\/revistagenesis.com\/index.php?rest_route=%2Fwp%2Fv2%2Fcomments&post=181419"}],"version-history":[{"count":3,"href":"https:\/\/revistagenesis.com\/index.php?rest_route=\/wp\/v2\/posts\/181419\/revisions"}],"predecessor-version":[{"id":181423,"href":"https:\/\/revistagenesis.com\/index.php?rest_route=\/wp\/v2\/posts\/181419\/revisions\/181423"}],"wp:featuredmedia":[{"embeddable":true,"href":"https:\/\/revistagenesis.com\/index.php?rest_route=\/wp\/v2\/media\/181420"}],"wp:attachment":[{"href":"https:\/\/revistagenesis.com\/index.php?rest_route=%2Fwp%2Fv2%2Fmedia&parent=181419"}],"wp:term":[{"taxonomy":"category","embeddable":true,"href":"https:\/\/revistagenesis.com\/index.php?rest_route=%2Fwp%2Fv2%2Fcategories&post=181419"},{"taxonomy":"post_tag","embeddable":true,"href":"https:\/\/revistagenesis.com\/index.php?rest_route=%2Fwp%2Fv2%2Ftags&post=181419"}],"curies":[{"name":"wp","href":"https:\/\/api.w.org\/{rel}","templated":true}]}}