{"id":181403,"date":"2022-03-21T20:39:57","date_gmt":"2022-03-21T23:39:57","guid":{"rendered":"http:\/\/revistagenesis.com\/?p=181403"},"modified":"2022-03-21T20:45:55","modified_gmt":"2022-03-21T23:45:55","slug":"concejales-de-juntos-piden-el-arreglo-de-mas-de-56-baches-en-la-ciudad","status":"publish","type":"post","link":"https:\/\/revistagenesis.com\/?p=181403","title":{"rendered":"CONCEJALES DE JUNTOS PIDEN EL ARREGLO DE MAS DE 56 BACHES EN LA CIUDAD."},"content":{"rendered":"\n<p>El pedido formal se har\u00e1 en la sesi\u00f3n del martes 22 del Concejo Deliberante mediante un proyecto de comunicaci\u00f3n, donde el bloque de concejales solicitan el arreglo de los baches que desde hace a\u00f1os generan un problema en los vecinos de la ciudad.<\/p>\n\n\n\n<figure class=\"wp-block-image size-large\"><img data-recalc-dims=\"1\" fetchpriority=\"high\" decoding=\"async\" width=\"720\" height=\"960\" src=\"https:\/\/i0.wp.com\/revistagenesis.com\/wp-content\/uploads\/2022\/03\/fb_img_16479057235702688903377829349138.jpg?resize=720%2C960&#038;ssl=1\" alt=\"\" class=\"wp-image-181402\" srcset=\"https:\/\/i0.wp.com\/revistagenesis.com\/wp-content\/uploads\/2022\/03\/fb_img_16479057235702688903377829349138.jpg?w=720&amp;ssl=1 720w, https:\/\/i0.wp.com\/revistagenesis.com\/wp-content\/uploads\/2022\/03\/fb_img_16479057235702688903377829349138.jpg?resize=225%2C300&amp;ssl=1 225w\" sizes=\"(max-width: 720px) 100vw, 720px\" \/><figcaption>Calle Sarmiento y Gotuzzo.<\/figcaption><\/figure>\n\n\n\n<p><iframe title=\"CONCEJALES DE JUNTOS -COALICION CIVICA SOLICITA AL EJECUTIVO EL ARREGLO DE BACHES EN LA CIUDAD.\" width=\"1200\" height=\"675\" src=\"https:\/\/www.youtube.com\/embed\/0KwLI9HijcY?feature=oembed\" frameborder=\"0\" allow=\"accelerometer; autoplay; clipboard-write; encrypted-media; gyroscope; picture-in-picture\" allowfullscreen><\/iframe><\/p>\n\n\n\n<figure class=\"wp-block-image size-large\"><img data-recalc-dims=\"1\" decoding=\"async\" width=\"720\" height=\"960\" src=\"https:\/\/i0.wp.com\/revistagenesis.com\/wp-content\/uploads\/2022\/03\/fb_img_16479057307047954268512869459918.jpg?resize=720%2C960&#038;ssl=1\" alt=\"\" class=\"wp-image-181404\" srcset=\"https:\/\/i0.wp.com\/revistagenesis.com\/wp-content\/uploads\/2022\/03\/fb_img_16479057307047954268512869459918.jpg?w=720&amp;ssl=1 720w, https:\/\/i0.wp.com\/revistagenesis.com\/wp-content\/uploads\/2022\/03\/fb_img_16479057307047954268512869459918.jpg?resize=225%2C300&amp;ssl=1 225w\" sizes=\"(max-width: 720px) 100vw, 720px\" \/><\/figure>\n\n\n\n<figure class=\"wp-block-image\"><img data-recalc-dims=\"1\" decoding=\"async\" width=\"720\" height=\"960\" src=\"https:\/\/i0.wp.com\/revistagenesis.com\/wp-content\/uploads\/2022\/03\/fb_img_1647905734729167227761837884809.jpg?resize=720%2C960&#038;ssl=1\" alt=\"\" class=\"wp-image-181405\" srcset=\"https:\/\/i0.wp.com\/revistagenesis.com\/wp-content\/uploads\/2022\/03\/fb_img_1647905734729167227761837884809.jpg?w=720&amp;ssl=1 720w, https:\/\/i0.wp.com\/revistagenesis.com\/wp-content\/uploads\/2022\/03\/fb_img_1647905734729167227761837884809.jpg?resize=225%2C300&amp;ssl=1 225w\" sizes=\"(max-width: 720px) 100vw, 720px\" \/><\/figure>\n","protected":false},"excerpt":{"rendered":"<p>El pedido formal se har\u00e1 en la sesi\u00f3n del martes 22 del Concejo Deliberante mediante un proyecto de comunicaci\u00f3n, donde el bloque de concejales solicitan el arreglo de los baches que desde hace a\u00f1os generan un problema en los vecinos de la ciudad.<\/p>\n","protected":false},"author":2,"featured_media":181406,"comment_status":"open","ping_status":"open","sticky":false,"template":"","format":"standard","meta":{"jetpack_post_was_ever_published":false,"_jetpack_newsletter_access":"","_jetpack_dont_email_post_to_subs":false,"_jetpack_newsletter_tier_id":0,"_jetpack_memberships_contains_paywalled_content":false,"_jetpack_memberships_contains_paid_content":false,"footnotes":""},"categories":[1],"tags":[],"class_list":["post-181403","post","type-post","status-publish","format-standard","has-post-thumbnail","hentry","category-interes-general"],"jetpack_featured_media_url":"https:\/\/i0.wp.com\/revistagenesis.com\/wp-content\/uploads\/2022\/03\/FB_IMG_1647905730704.jpg?fit=720%2C960&ssl=1","jetpack_likes_enabled":true,"jetpack-related-posts":[{"id":12222,"url":"https:\/\/revistagenesis.com\/?p=12222","url_meta":{"origin":181403,"position":0},"title":"Mirta Tundis visit\u00e1 Roque P\u00e9rez","author":"Nicolas Bagliere","date":"08\/10\/2017","format":false,"excerpt":"La candidata de 1Pa\u00eds, segunda en la lista de diputadas a nivel nacional del frente que lidera Sergio Massa, visitar\u00e1 nuestra ciudad donde brindar\u00e1 una conferencia de prensa, acompa\u00f1ada por los candidatos a concejales locales. El encuentro tendr\u00e1 lugar el lunes 9 de Octubre en el centro de jubilados cerca\u2026","rel":"","context":"En \u00abInter\u00e9s General\u00bb","block_context":{"text":"Inter\u00e9s General","link":"https:\/\/revistagenesis.com\/?cat=1"},"img":{"alt_text":"","src":"https:\/\/i0.wp.com\/revistagenesis.com\/wp-content\/uploads\/2017\/10\/img-20171007-wa0047-1311158318.jpg?fit=1032%2C774&ssl=1&resize=350%2C200","width":350,"height":200,"srcset":"https:\/\/i0.wp.com\/revistagenesis.com\/wp-content\/uploads\/2017\/10\/img-20171007-wa0047-1311158318.jpg?fit=1032%2C774&ssl=1&resize=350%2C200 1x, https:\/\/i0.wp.com\/revistagenesis.com\/wp-content\/uploads\/2017\/10\/img-20171007-wa0047-1311158318.jpg?fit=1032%2C774&ssl=1&resize=525%2C300 1.5x, https:\/\/i0.wp.com\/revistagenesis.com\/wp-content\/uploads\/2017\/10\/img-20171007-wa0047-1311158318.jpg?fit=1032%2C774&ssl=1&resize=700%2C400 2x"},"classes":[]},{"id":5437,"url":"https:\/\/revistagenesis.com\/?p=5437","url_meta":{"origin":181403,"position":1},"title":"Rechazaron el nombre \u201cH\u00e9roes de Malvinas\u201d para la terminal de \u00f3mnibus","author":"Nicolas Bagliere","date":"30\/06\/2016","format":false,"excerpt":"El pasado martes por la noche en el Concejo Deliberante de Roque P\u00e9rez, sin el apoyo del oficialismo, no se aprob\u00f3 el nombre \u201cHeroes de Malvinas\u201d postulado por el presidente de bloque de concejales de Cambiemos Juan Mar\u00eda Cravero. El edil, present\u00f3 un proyecto en el que pretend\u00eda cambiarle el\u2026","rel":"","context":"En \u00abInter\u00e9s General\u00bb","block_context":{"text":"Inter\u00e9s General","link":"https:\/\/revistagenesis.com\/?cat=1"},"img":{"alt_text":"","src":"https:\/\/i0.wp.com\/revistagenesis.com\/wp-content\/uploads\/2016\/06\/juancho-1.jpg?fit=935%2C1200&ssl=1&resize=350%2C200","width":350,"height":200,"srcset":"https:\/\/i0.wp.com\/revistagenesis.com\/wp-content\/uploads\/2016\/06\/juancho-1.jpg?fit=935%2C1200&ssl=1&resize=350%2C200 1x, https:\/\/i0.wp.com\/revistagenesis.com\/wp-content\/uploads\/2016\/06\/juancho-1.jpg?fit=935%2C1200&ssl=1&resize=525%2C300 1.5x, https:\/\/i0.wp.com\/revistagenesis.com\/wp-content\/uploads\/2016\/06\/juancho-1.jpg?fit=935%2C1200&ssl=1&resize=700%2C400 2x"},"classes":[]},{"id":6784,"url":"https:\/\/revistagenesis.com\/?p=6784","url_meta":{"origin":181403,"position":2},"title":"El subsecretario de Deportes provincial visito la ciudad","author":"Nicolas Bagliere","date":"26\/10\/2016","format":false,"excerpt":"\u200bEl Intendente municipal de Roque P\u00e9rez Juan Carlos Gasparini recibi\u00f3 hoy martes 25, al Subsecretario de Deportes de la provincia de Buenos Aires, Ramiro Gim\u00e9nez, con quien habl\u00f3 de proyectos para la regi\u00f3n y la Secreyaria de Coordinaci\u00f3n y Gesti\u00f3n municipal profesora Graciana Uruslepo, puso al tanto al Subsecretario de\u2026","rel":"","context":"En \u00abInter\u00e9s General\u00bb","block_context":{"text":"Inter\u00e9s General","link":"https:\/\/revistagenesis.com\/?cat=1"},"img":{"alt_text":"","src":"https:\/\/i0.wp.com\/revistagenesis.com\/wp-content\/uploads\/2016\/10\/wp-1477440158037.jpg?fit=1200%2C900&ssl=1&resize=350%2C200","width":350,"height":200,"srcset":"https:\/\/i0.wp.com\/revistagenesis.com\/wp-content\/uploads\/2016\/10\/wp-1477440158037.jpg?fit=1200%2C900&ssl=1&resize=350%2C200 1x, https:\/\/i0.wp.com\/revistagenesis.com\/wp-content\/uploads\/2016\/10\/wp-1477440158037.jpg?fit=1200%2C900&ssl=1&resize=525%2C300 1.5x, https:\/\/i0.wp.com\/revistagenesis.com\/wp-content\/uploads\/2016\/10\/wp-1477440158037.jpg?fit=1200%2C900&ssl=1&resize=700%2C400 2x, https:\/\/i0.wp.com\/revistagenesis.com\/wp-content\/uploads\/2016\/10\/wp-1477440158037.jpg?fit=1200%2C900&ssl=1&resize=1050%2C600 3x"},"classes":[]},{"id":5381,"url":"https:\/\/revistagenesis.com\/?p=5381","url_meta":{"origin":181403,"position":3},"title":"Barragan entreg\u00f3 becas  en Roque Perez","author":"Nicolas Bagliere","date":"24\/06\/2016","format":false,"excerpt":"El Diputado de la s\u00e9ptima de \u00a0Cambiemos, Eduardo Barragan, visit\u00f3 el comite de la UCR de nuestra ciudad, donde realiz\u00f3 entrega de tres becas, a j\u00f3venes de nuestra ciudad y luego respondi\u00f3 preguntas a la prensa. Fue recibido, por los concejales Juan Cravero, Leandro L\u00f3pez, la ex candidata a intendente\u2026","rel":"","context":"En \u00abInter\u00e9s General\u00bb","block_context":{"text":"Inter\u00e9s General","link":"https:\/\/revistagenesis.com\/?cat=1"},"img":{"alt_text":"","src":"https:\/\/i0.wp.com\/revistagenesis.com\/wp-content\/uploads\/2016\/06\/wp-1466777026370.jpg?fit=1200%2C720&ssl=1&resize=350%2C200","width":350,"height":200,"srcset":"https:\/\/i0.wp.com\/revistagenesis.com\/wp-content\/uploads\/2016\/06\/wp-1466777026370.jpg?fit=1200%2C720&ssl=1&resize=350%2C200 1x, https:\/\/i0.wp.com\/revistagenesis.com\/wp-content\/uploads\/2016\/06\/wp-1466777026370.jpg?fit=1200%2C720&ssl=1&resize=525%2C300 1.5x, https:\/\/i0.wp.com\/revistagenesis.com\/wp-content\/uploads\/2016\/06\/wp-1466777026370.jpg?fit=1200%2C720&ssl=1&resize=700%2C400 2x, https:\/\/i0.wp.com\/revistagenesis.com\/wp-content\/uploads\/2016\/06\/wp-1466777026370.jpg?fit=1200%2C720&ssl=1&resize=1050%2C600 3x"},"classes":[]},{"id":12859,"url":"https:\/\/revistagenesis.com\/?p=12859","url_meta":{"origin":181403,"position":4},"title":"Asumen los nuevos concejales y consejeros escolares","author":"Nicolas Bagliere","date":"08\/12\/2017","format":false,"excerpt":"Este domingo, a las 20.30 hs, asumir\u00e1n en el recinto del H.C.D los nuevos concejales electos de las ultimas elecciones del 22 de Octubre.Por Cambiemos juraran Juan Maria Cravero, Monica Pijuan y Oscar Del Barrio ( que adem\u00e1s fue elegido presidente en la sesi\u00f3n preparatoria). Por unidad ciudana asumiran el\u2026","rel":"","context":"En \u00abInter\u00e9s General\u00bb","block_context":{"text":"Inter\u00e9s General","link":"https:\/\/revistagenesis.com\/?cat=1"},"img":{"alt_text":"","src":"https:\/\/i0.wp.com\/revistagenesis.com\/wp-content\/uploads\/2017\/12\/llegan-al-concejo.jpg?fit=1200%2C235&ssl=1&resize=350%2C200","width":350,"height":200,"srcset":"https:\/\/i0.wp.com\/revistagenesis.com\/wp-content\/uploads\/2017\/12\/llegan-al-concejo.jpg?fit=1200%2C235&ssl=1&resize=350%2C200 1x, https:\/\/i0.wp.com\/revistagenesis.com\/wp-content\/uploads\/2017\/12\/llegan-al-concejo.jpg?fit=1200%2C235&ssl=1&resize=525%2C300 1.5x, https:\/\/i0.wp.com\/revistagenesis.com\/wp-content\/uploads\/2017\/12\/llegan-al-concejo.jpg?fit=1200%2C235&ssl=1&resize=700%2C400 2x, https:\/\/i0.wp.com\/revistagenesis.com\/wp-content\/uploads\/2017\/12\/llegan-al-concejo.jpg?fit=1200%2C235&ssl=1&resize=1050%2C600 3x"},"classes":[]},{"id":11415,"url":"https:\/\/revistagenesis.com\/?p=11415","url_meta":{"origin":181403,"position":5},"title":"\u00abHay gente que tiene que estar actuando con el tema adicciones\u00bb","author":"Nicolas Bagliere","date":"01\/08\/2017","format":false,"excerpt":"La diputada provincial de la s\u00e9ptima secci\u00f3n de Cambiemos, Alejandra Lorden, visit\u00f3 el comite radical de calle Tarigo, donde entrego un subsidio al club Social y Deportivo Alumni. Ademas, dialogo con los medios de prensa juntos los pre candidatos de la lista. Sergio Martini, \u00a0pre- candidato en primer lugar de\u2026","rel":"","context":"En \u00abInter\u00e9s General\u00bb","block_context":{"text":"Inter\u00e9s General","link":"https:\/\/revistagenesis.com\/?cat=1"},"img":{"alt_text":"","src":"https:\/\/i0.wp.com\/revistagenesis.com\/wp-content\/uploads\/2017\/08\/20170801_150803.jpg?fit=1200%2C900&ssl=1&resize=350%2C200","width":350,"height":200,"srcset":"https:\/\/i0.wp.com\/revistagenesis.com\/wp-content\/uploads\/2017\/08\/20170801_150803.jpg?fit=1200%2C900&ssl=1&resize=350%2C200 1x, https:\/\/i0.wp.com\/revistagenesis.com\/wp-content\/uploads\/2017\/08\/20170801_150803.jpg?fit=1200%2C900&ssl=1&resize=525%2C300 1.5x, https:\/\/i0.wp.com\/revistagenesis.com\/wp-content\/uploads\/2017\/08\/20170801_150803.jpg?fit=1200%2C900&ssl=1&resize=700%2C400 2x, https:\/\/i0.wp.com\/revistagenesis.com\/wp-content\/uploads\/2017\/08\/20170801_150803.jpg?fit=1200%2C900&ssl=1&resize=1050%2C600 3x"},"classes":[]}],"jetpack_sharing_enabled":true,"_links":{"self":[{"href":"https:\/\/revistagenesis.com\/index.php?rest_route=\/wp\/v2\/posts\/181403","targetHints":{"allow":["GET"]}}],"collection":[{"href":"https:\/\/revistagenesis.com\/index.php?rest_route=\/wp\/v2\/posts"}],"about":[{"href":"https:\/\/revistagenesis.com\/index.php?rest_route=\/wp\/v2\/types\/post"}],"author":[{"embeddable":true,"href":"https:\/\/revistagenesis.com\/index.php?rest_route=\/wp\/v2\/users\/2"}],"replies":[{"embeddable":true,"href":"https:\/\/revistagenesis.com\/index.php?rest_route=%2Fwp%2Fv2%2Fcomments&post=181403"}],"version-history":[{"count":2,"href":"https:\/\/revistagenesis.com\/index.php?rest_route=\/wp\/v2\/posts\/181403\/revisions"}],"predecessor-version":[{"id":181408,"href":"https:\/\/revistagenesis.com\/index.php?rest_route=\/wp\/v2\/posts\/181403\/revisions\/181408"}],"wp:featuredmedia":[{"embeddable":true,"href":"https:\/\/revistagenesis.com\/index.php?rest_route=\/wp\/v2\/media\/181406"}],"wp:attachment":[{"href":"https:\/\/revistagenesis.com\/index.php?rest_route=%2Fwp%2Fv2%2Fmedia&parent=181403"}],"wp:term":[{"taxonomy":"category","embeddable":true,"href":"https:\/\/revistagenesis.com\/index.php?rest_route=%2Fwp%2Fv2%2Fcategories&post=181403"},{"taxonomy":"post_tag","embeddable":true,"href":"https:\/\/revistagenesis.com\/index.php?rest_route=%2Fwp%2Fv2%2Ftags&post=181403"}],"curies":[{"name":"wp","href":"https:\/\/api.w.org\/{rel}","templated":true}]}}