{"id":181397,"date":"2022-03-16T02:14:30","date_gmt":"2022-03-16T05:14:30","guid":{"rendered":"http:\/\/revistagenesis.com\/?p=181397"},"modified":"2022-03-16T02:39:58","modified_gmt":"2022-03-16T05:39:58","slug":"un-camion-jaula-volco-y-se-incendio-cargado-de-hacienda","status":"publish","type":"post","link":"https:\/\/revistagenesis.com\/?p=181397","title":{"rendered":"UN CAMION JAULA VOLC\u00d3 Y SE INCENDIO CARGADO DE HACIENDA"},"content":{"rendered":"\n<p>El siniestro se produjo cerca de las 23.30 de este martes cuando el chofer del cami\u00f3n jaula \u2013que se dirig\u00eda cargado de hacienda de C\u00f3rdoba a la ciudad de Azul\u2013 mordi\u00f3 la banquina y perdi\u00f3 el control del rodado.<\/p>\n\n\n\n<p>Un transportista herido y al menos diez bovinos muertos fue el saldo que arroj\u00f3 el vuelco de un cami\u00f3n, ocurrido esta noche en la Ruta Provincial 51, a unos 7 kil\u00f3metros de la ciudad de Saladillo.<\/p>\n\n\n\n<figure class=\"wp-block-image size-large\"><img data-recalc-dims=\"1\" fetchpriority=\"high\" decoding=\"async\" width=\"720\" height=\"766\" src=\"https:\/\/i0.wp.com\/revistagenesis.com\/wp-content\/uploads\/2022\/03\/20220316_0208155697177926763848479.jpg?resize=720%2C766&#038;ssl=1\" alt=\"\" class=\"wp-image-181396\" srcset=\"https:\/\/i0.wp.com\/revistagenesis.com\/wp-content\/uploads\/2022\/03\/20220316_0208155697177926763848479.jpg?w=720&amp;ssl=1 720w, https:\/\/i0.wp.com\/revistagenesis.com\/wp-content\/uploads\/2022\/03\/20220316_0208155697177926763848479.jpg?resize=282%2C300&amp;ssl=1 282w\" sizes=\"(max-width: 720px) 100vw, 720px\" \/><\/figure>\n\n\n\n<p>Inmediatamente despu\u00e9s del vuelco, el chasis se prendi\u00f3 fuego y una dotaci\u00f3n de bomberos voluntarios de Saladillo lo sofoc\u00f3.<\/p>\n\n\n\n<p>Por fortuna, el camionero, oriundo de Santa Fe, pudo salir a tiempo de la cabina y fue trasladado con lesiones leves al Hospital Dr. Posadas, donde qued\u00f3 en observaci\u00f3n.<\/p>\n\n\n\n<p>El cami\u00f3n y el acoplado de doble piso quedaron cruzados sobre la cinta asf\u00e1ltica y en su interior hab\u00eda varios vacunos atrapados, algunos a\u00fan con vida.<\/p>\n\n\n\n<p>Los bomberos trabajaban arduamente en lugar para rescatar a los animales, liberar la ruta y restablecer la circulaci\u00f3n vehicular.<\/p>\n\n\n\n<p>Fuente: Diario La Ma\u00f1ana<\/p>\n","protected":false},"excerpt":{"rendered":"<p>El siniestro se produjo cerca de las 23.30 de este martes cuando el chofer del cami\u00f3n jaula \u2013que se dirig\u00eda cargado de hacienda de C\u00f3rdoba a la ciudad de Azul\u2013 mordi\u00f3 la banquina y perdi\u00f3 el control del rodado. Un transportista herido y al menos diez bovinos muertos fue el saldo que arroj\u00f3 el vuelco &#8230; <a title=\"UN CAMION JAULA VOLC\u00d3 Y SE INCENDIO CARGADO DE HACIENDA\" class=\"read-more\" href=\"https:\/\/revistagenesis.com\/?p=181397\">Leer mas<\/a><\/p>\n","protected":false},"author":2,"featured_media":181398,"comment_status":"open","ping_status":"open","sticky":false,"template":"","format":"standard","meta":{"jetpack_post_was_ever_published":false,"_jetpack_newsletter_access":"","_jetpack_dont_email_post_to_subs":false,"_jetpack_newsletter_tier_id":0,"_jetpack_memberships_contains_paywalled_content":false,"_jetpack_memberships_contains_paid_content":false,"footnotes":""},"categories":[1],"tags":[118],"class_list":["post-181397","post","type-post","status-publish","format-standard","has-post-thumbnail","hentry","category-interes-general","tag-vuelco-ruta-51"],"jetpack_featured_media_url":"https:\/\/i0.wp.com\/revistagenesis.com\/wp-content\/uploads\/2022\/03\/20220316_020815.jpg?fit=720%2C766&ssl=1","jetpack_likes_enabled":true,"jetpack-related-posts":[{"id":10021,"url":"https:\/\/revistagenesis.com\/?p=10021","url_meta":{"origin":181397,"position":0},"title":"Saladillense ileso luego de un vuelco en la ruta 205","author":"Nicolas Bagliere","date":"24\/05\/2017","format":false,"excerpt":"Este miercoles, se produjo un accidente en la ruta nacional 205 a la altura del km 149. El hecho sucedio pasadas las 13.30, cuando una camioneta Tudson toco la parte delantera de una camion Iveco, provocando que volcara sobre la banquina.El conductor de camion, oriundo de Saladillo resulto ileso de\u2026","rel":"","context":"En \u00abInter\u00e9s General\u00bb","block_context":{"text":"Inter\u00e9s General","link":"https:\/\/revistagenesis.com\/?cat=1"},"img":{"alt_text":"","src":"https:\/\/i0.wp.com\/revistagenesis.com\/wp-content\/uploads\/2017\/05\/20170524_140422.jpg?fit=1200%2C900&ssl=1&resize=350%2C200","width":350,"height":200,"srcset":"https:\/\/i0.wp.com\/revistagenesis.com\/wp-content\/uploads\/2017\/05\/20170524_140422.jpg?fit=1200%2C900&ssl=1&resize=350%2C200 1x, https:\/\/i0.wp.com\/revistagenesis.com\/wp-content\/uploads\/2017\/05\/20170524_140422.jpg?fit=1200%2C900&ssl=1&resize=525%2C300 1.5x, https:\/\/i0.wp.com\/revistagenesis.com\/wp-content\/uploads\/2017\/05\/20170524_140422.jpg?fit=1200%2C900&ssl=1&resize=700%2C400 2x, https:\/\/i0.wp.com\/revistagenesis.com\/wp-content\/uploads\/2017\/05\/20170524_140422.jpg?fit=1200%2C900&ssl=1&resize=1050%2C600 3x"},"classes":[]},{"id":178759,"url":"https:\/\/revistagenesis.com\/?p=178759","url_meta":{"origin":181397,"position":1},"title":"VUELCO DE UN CAMI\u00d3N CON BATEA EN EL KM 128 DE LA RUTA 205.","author":"Nicolas Bagliere","date":"27\/04\/2020","format":"image","excerpt":"Este lunes, fueron convocados los Bomberos Roque P\u00e9rez debido a un vuelco en el km 128 dela Ruta Nacional 205, a la altura de El Tr\u00e9bol.Se trata de un cami\u00f3n con batea de la ciudad de Roque P\u00e9rez que transportaba speler. En di\u00e1logo con el ch\u00f3fer explic\u00f3 \" fue una\u2026","rel":"","context":"En \u00abInter\u00e9s General\u00bb","block_context":{"text":"Inter\u00e9s General","link":"https:\/\/revistagenesis.com\/?cat=1"},"img":{"alt_text":"","src":"https:\/\/i0.wp.com\/revistagenesis.com\/wp-content\/uploads\/2020\/04\/20200427_210346-1-scaled.jpg?fit=1200%2C900&ssl=1&resize=350%2C200","width":350,"height":200,"srcset":"https:\/\/i0.wp.com\/revistagenesis.com\/wp-content\/uploads\/2020\/04\/20200427_210346-1-scaled.jpg?fit=1200%2C900&ssl=1&resize=350%2C200 1x, https:\/\/i0.wp.com\/revistagenesis.com\/wp-content\/uploads\/2020\/04\/20200427_210346-1-scaled.jpg?fit=1200%2C900&ssl=1&resize=525%2C300 1.5x, https:\/\/i0.wp.com\/revistagenesis.com\/wp-content\/uploads\/2020\/04\/20200427_210346-1-scaled.jpg?fit=1200%2C900&ssl=1&resize=700%2C400 2x, https:\/\/i0.wp.com\/revistagenesis.com\/wp-content\/uploads\/2020\/04\/20200427_210346-1-scaled.jpg?fit=1200%2C900&ssl=1&resize=1050%2C600 3x"},"classes":[]},{"id":9542,"url":"https:\/\/revistagenesis.com\/?p=9542","url_meta":{"origin":181397,"position":2},"title":"Vuelco fatal en la ruta 205","author":"Nicolas Bagliere","date":"02\/05\/2017","format":false,"excerpt":"El lunes 1\u00b0 de Mayo, cerca de las 19 hs, fueron convocados los bomberos voluntarios de nuestra ciudad por un vuelco a la altura del km 141 de la RN N\u00b0205, a la altura de la Estancia La Biznaga. Por causas que se desconocen, un chevrolet Celta, se despit\u00f3 de\u2026","rel":"","context":"En \u00abInter\u00e9s General\u00bb","block_context":{"text":"Inter\u00e9s General","link":"https:\/\/revistagenesis.com\/?cat=1"},"img":{"alt_text":"","src":"https:\/\/i0.wp.com\/revistagenesis.com\/wp-content\/uploads\/2017\/05\/accidente-fatal.jpg?fit=526%2C394&ssl=1&resize=350%2C200","width":350,"height":200,"srcset":"https:\/\/i0.wp.com\/revistagenesis.com\/wp-content\/uploads\/2017\/05\/accidente-fatal.jpg?fit=526%2C394&ssl=1&resize=350%2C200 1x, https:\/\/i0.wp.com\/revistagenesis.com\/wp-content\/uploads\/2017\/05\/accidente-fatal.jpg?fit=526%2C394&ssl=1&resize=525%2C300 1.5x"},"classes":[]},{"id":4826,"url":"https:\/\/revistagenesis.com\/?p=4826","url_meta":{"origin":181397,"position":3},"title":"Volc\u00f3 un cami\u00f3n en el alteo","author":"Nicolas Bagliere","date":"02\/05\/2016","format":false,"excerpt":"\u00a0 En la tarde de este Lunes, pasadas las 17 hs, se convoc\u00f3 a los Bomberos Voluntarios de Roque P\u00e9rez por un vuelco en el alteo de un cami\u00f3n\u00a0volkswagen 13 180, patente FFA 825, conducido por un por Mauro Soria (39), que recide en nuestra ciudad. Los servidores p\u00fablicos trabajaron\u2026","rel":"","context":"En \u00abInter\u00e9s General\u00bb","block_context":{"text":"Inter\u00e9s General","link":"https:\/\/revistagenesis.com\/?cat=1"},"img":{"alt_text":"","src":"https:\/\/i0.wp.com\/revistagenesis.com\/wp-content\/uploads\/2016\/05\/20160502_172336.jpg?fit=1200%2C720&ssl=1&resize=350%2C200","width":350,"height":200,"srcset":"https:\/\/i0.wp.com\/revistagenesis.com\/wp-content\/uploads\/2016\/05\/20160502_172336.jpg?fit=1200%2C720&ssl=1&resize=350%2C200 1x, https:\/\/i0.wp.com\/revistagenesis.com\/wp-content\/uploads\/2016\/05\/20160502_172336.jpg?fit=1200%2C720&ssl=1&resize=525%2C300 1.5x, https:\/\/i0.wp.com\/revistagenesis.com\/wp-content\/uploads\/2016\/05\/20160502_172336.jpg?fit=1200%2C720&ssl=1&resize=700%2C400 2x, https:\/\/i0.wp.com\/revistagenesis.com\/wp-content\/uploads\/2016\/05\/20160502_172336.jpg?fit=1200%2C720&ssl=1&resize=1050%2C600 3x"},"classes":[]},{"id":175264,"url":"https:\/\/revistagenesis.com\/?p=175264","url_meta":{"origin":181397,"position":4},"title":"Un ciclista perdi\u00f3 la vida en un accidente de tr\u00e1nsito en el ingreso a Saladillo","author":"Nicolas Bagliere","date":"10\/11\/2019","format":false,"excerpt":"Este domingo, se produjo un accidente entre un cami\u00f3n jaula y un ciclista que perdi\u00f3 la vida luego de ser embestido en la rotonda de acceso a la ciudad de Saladillo. El hecho ocurri\u00f3 pasadas las 17 hs, cuando Vicente Ricazzi circulaba en su bicicleta por la ruta nacional 205\u2026","rel":"","context":"En \u00abInter\u00e9s General\u00bb","block_context":{"text":"Inter\u00e9s General","link":"https:\/\/revistagenesis.com\/?cat=1"},"img":{"alt_text":"","src":"https:\/\/i0.wp.com\/revistagenesis.com\/wp-content\/uploads\/2019\/11\/20191110_184410.jpg?fit=1200%2C998&ssl=1&resize=350%2C200","width":350,"height":200,"srcset":"https:\/\/i0.wp.com\/revistagenesis.com\/wp-content\/uploads\/2019\/11\/20191110_184410.jpg?fit=1200%2C998&ssl=1&resize=350%2C200 1x, https:\/\/i0.wp.com\/revistagenesis.com\/wp-content\/uploads\/2019\/11\/20191110_184410.jpg?fit=1200%2C998&ssl=1&resize=525%2C300 1.5x, https:\/\/i0.wp.com\/revistagenesis.com\/wp-content\/uploads\/2019\/11\/20191110_184410.jpg?fit=1200%2C998&ssl=1&resize=700%2C400 2x, https:\/\/i0.wp.com\/revistagenesis.com\/wp-content\/uploads\/2019\/11\/20191110_184410.jpg?fit=1200%2C998&ssl=1&resize=1050%2C600 3x"},"classes":[]},{"id":170458,"url":"https:\/\/revistagenesis.com\/?p=170458","url_meta":{"origin":181397,"position":5},"title":"Accidente fatal en la ruta 205","author":"Nicolas Bagliere","date":"26\/07\/2018","format":false,"excerpt":"Este miercoles, pasadas las 19 hs, el llamado a Bomberos Voluntarios, se debi\u00f3 a un accidente entre varios vehiculos en el km 141 de la ruta 205, que dej\u00f3 como saldo dos victimas fatales. Un automovil Audi impact\u00f3 de frente contra un Honda Civic luego de sobrepasar un cami\u00f3n que\u2026","rel":"","context":"En \u00abInter\u00e9s General\u00bb","block_context":{"text":"Inter\u00e9s General","link":"https:\/\/revistagenesis.com\/?cat=1"},"img":{"alt_text":"","src":"https:\/\/i0.wp.com\/revistagenesis.com\/wp-content\/uploads\/2018\/07\/img-20180725-wa01071330176781.jpg?fit=1200%2C692&ssl=1&resize=350%2C200","width":350,"height":200,"srcset":"https:\/\/i0.wp.com\/revistagenesis.com\/wp-content\/uploads\/2018\/07\/img-20180725-wa01071330176781.jpg?fit=1200%2C692&ssl=1&resize=350%2C200 1x, https:\/\/i0.wp.com\/revistagenesis.com\/wp-content\/uploads\/2018\/07\/img-20180725-wa01071330176781.jpg?fit=1200%2C692&ssl=1&resize=525%2C300 1.5x, https:\/\/i0.wp.com\/revistagenesis.com\/wp-content\/uploads\/2018\/07\/img-20180725-wa01071330176781.jpg?fit=1200%2C692&ssl=1&resize=700%2C400 2x, https:\/\/i0.wp.com\/revistagenesis.com\/wp-content\/uploads\/2018\/07\/img-20180725-wa01071330176781.jpg?fit=1200%2C692&ssl=1&resize=1050%2C600 3x"},"classes":[]}],"jetpack_sharing_enabled":true,"_links":{"self":[{"href":"https:\/\/revistagenesis.com\/index.php?rest_route=\/wp\/v2\/posts\/181397","targetHints":{"allow":["GET"]}}],"collection":[{"href":"https:\/\/revistagenesis.com\/index.php?rest_route=\/wp\/v2\/posts"}],"about":[{"href":"https:\/\/revistagenesis.com\/index.php?rest_route=\/wp\/v2\/types\/post"}],"author":[{"embeddable":true,"href":"https:\/\/revistagenesis.com\/index.php?rest_route=\/wp\/v2\/users\/2"}],"replies":[{"embeddable":true,"href":"https:\/\/revistagenesis.com\/index.php?rest_route=%2Fwp%2Fv2%2Fcomments&post=181397"}],"version-history":[{"count":2,"href":"https:\/\/revistagenesis.com\/index.php?rest_route=\/wp\/v2\/posts\/181397\/revisions"}],"predecessor-version":[{"id":181400,"href":"https:\/\/revistagenesis.com\/index.php?rest_route=\/wp\/v2\/posts\/181397\/revisions\/181400"}],"wp:featuredmedia":[{"embeddable":true,"href":"https:\/\/revistagenesis.com\/index.php?rest_route=\/wp\/v2\/media\/181398"}],"wp:attachment":[{"href":"https:\/\/revistagenesis.com\/index.php?rest_route=%2Fwp%2Fv2%2Fmedia&parent=181397"}],"wp:term":[{"taxonomy":"category","embeddable":true,"href":"https:\/\/revistagenesis.com\/index.php?rest_route=%2Fwp%2Fv2%2Fcategories&post=181397"},{"taxonomy":"post_tag","embeddable":true,"href":"https:\/\/revistagenesis.com\/index.php?rest_route=%2Fwp%2Fv2%2Ftags&post=181397"}],"curies":[{"name":"wp","href":"https:\/\/api.w.org\/{rel}","templated":true}]}}