{"id":181389,"date":"2022-03-15T20:55:53","date_gmt":"2022-03-15T23:55:53","guid":{"rendered":"http:\/\/revistagenesis.com\/2022\/03\/15\/cerez-tolvas-nueva-sucursal-en-roque-perez\/"},"modified":"2022-03-15T22:48:57","modified_gmt":"2022-03-16T01:48:57","slug":"cerez-tolvas-nueva-sucursal-en-roque-perez","status":"publish","type":"post","link":"https:\/\/revistagenesis.com\/?p=181389","title":{"rendered":"CERES TOLVAS: NUEVA SUCURSAL EN ROQUE PEREZ"},"content":{"rendered":"\n<p>Este martes, 15 de Marzo, estuvimos presente en la inauguraci\u00f3n de las oficinas y planta de acopio Ceres Tolvas, una firma con m\u00e1s de 40 a\u00f1os brindando su servicio al productor. MARTIN Y GISELE nos cuentan la iniciativa de llegar a la ciudad de Roque P\u00e9rez.<\/p>\n\n\n\n<figure class=\"wp-block-image size-large\"><img data-recalc-dims=\"1\" fetchpriority=\"high\" decoding=\"async\" width=\"1024\" height=\"576\" src=\"https:\/\/i0.wp.com\/revistagenesis.com\/wp-content\/uploads\/2022\/03\/20220315_1852315395689698168255331.jpg?resize=1024%2C576&#038;ssl=1\" alt=\"\" class=\"wp-image-181390\" srcset=\"https:\/\/i0.wp.com\/revistagenesis.com\/wp-content\/uploads\/2022\/03\/20220315_1852315395689698168255331-scaled.jpg?resize=1024%2C576&amp;ssl=1 1024w, https:\/\/i0.wp.com\/revistagenesis.com\/wp-content\/uploads\/2022\/03\/20220315_1852315395689698168255331-scaled.jpg?resize=300%2C169&amp;ssl=1 300w, https:\/\/i0.wp.com\/revistagenesis.com\/wp-content\/uploads\/2022\/03\/20220315_1852315395689698168255331-scaled.jpg?resize=768%2C432&amp;ssl=1 768w, https:\/\/i0.wp.com\/revistagenesis.com\/wp-content\/uploads\/2022\/03\/20220315_1852315395689698168255331-scaled.jpg?resize=1536%2C864&amp;ssl=1 1536w, https:\/\/i0.wp.com\/revistagenesis.com\/wp-content\/uploads\/2022\/03\/20220315_1852315395689698168255331-scaled.jpg?resize=2048%2C1152&amp;ssl=1 2048w, https:\/\/i0.wp.com\/revistagenesis.com\/wp-content\/uploads\/2022\/03\/20220315_1852315395689698168255331-scaled.jpg?w=2400&amp;ssl=1 2400w\" sizes=\"(max-width: 1024px) 100vw, 1024px\" \/><\/figure>\n\n\n\n<p><iframe title=\"Ceres Tolvas - nueva sucursal en Roque P\u00e9rez\" width=\"1200\" height=\"675\" src=\"https:\/\/www.youtube.com\/embed\/T1gJ5EupkS0?feature=oembed\" frameborder=\"0\" allow=\"accelerometer; autoplay; clipboard-write; encrypted-media; gyroscope; picture-in-picture\" allowfullscreen><\/iframe><\/p>\n","protected":false},"excerpt":{"rendered":"<p>Este martes, 15 de Marzo, estuvimos presente en la inauguraci\u00f3n de las oficinas y planta de acopio Ceres Tolvas, una firma con m\u00e1s de 40 a\u00f1os brindando su servicio al productor. MARTIN Y GISELE nos cuentan la iniciativa de llegar a la ciudad de Roque P\u00e9rez.<\/p>\n","protected":false},"author":2,"featured_media":181393,"comment_status":"open","ping_status":"open","sticky":false,"template":"","format":"standard","meta":{"jetpack_post_was_ever_published":false,"_jetpack_newsletter_access":"","_jetpack_dont_email_post_to_subs":false,"_jetpack_newsletter_tier_id":0,"_jetpack_memberships_contains_paywalled_content":false,"_jetpack_memberships_contains_paid_content":false,"footnotes":""},"categories":[1],"tags":[],"class_list":["post-181389","post","type-post","status-publish","format-standard","has-post-thumbnail","hentry","category-interes-general"],"jetpack_featured_media_url":"https:\/\/i0.wp.com\/revistagenesis.com\/wp-content\/uploads\/2022\/03\/20220315_185231-scaled.jpg?fit=2560%2C1440&ssl=1","jetpack_likes_enabled":true,"jetpack-related-posts":[{"id":1621,"url":"https:\/\/revistagenesis.com\/?p=1621","url_meta":{"origin":181389,"position":0},"title":"\u201cNi una menos\u201d  en  Roque P\u00e9rez","author":"Nicolas Bagliere","date":"04\/06\/2015","format":false,"excerpt":"\u00a0 La Municipalidad de Roque P\u00e9rez y La Comisaria de la Mujer y la Familia, convocaron a la comunidad a concentrarse en la Plaza Mitre, como manera de sumarse a la movida nacional del 3 de Junio contra la violencia de g\u00e9nero y los femicidios. La jornada participativa, abierta a\u2026","rel":"","context":"En \u00abInter\u00e9s General\u00bb","block_context":{"text":"Inter\u00e9s General","link":"https:\/\/revistagenesis.com\/?cat=1"},"img":{"alt_text":"","src":"https:\/\/i0.wp.com\/revistagenesis.com\/wp-content\/uploads\/2015\/06\/prisci.jpg?fit=781%2C960&ssl=1&resize=350%2C200","width":350,"height":200,"srcset":"https:\/\/i0.wp.com\/revistagenesis.com\/wp-content\/uploads\/2015\/06\/prisci.jpg?fit=781%2C960&ssl=1&resize=350%2C200 1x, https:\/\/i0.wp.com\/revistagenesis.com\/wp-content\/uploads\/2015\/06\/prisci.jpg?fit=781%2C960&ssl=1&resize=525%2C300 1.5x, https:\/\/i0.wp.com\/revistagenesis.com\/wp-content\/uploads\/2015\/06\/prisci.jpg?fit=781%2C960&ssl=1&resize=700%2C400 2x"},"classes":[]},{"id":10687,"url":"https:\/\/revistagenesis.com\/?p=10687","url_meta":{"origin":181389,"position":1},"title":"Instalan nuevas camaras de seguridad en Roque Perez","author":"Nicolas Bagliere","date":"21\/06\/2017","format":false,"excerpt":"Personal de la municipalidad de Roque P\u00e9rez, \u00a0contin\u00faa con las gestiones y tareas para brindar una mayor seguridad a la comunidad roqueperense. Dentro de este marco, se procede con la instalaci\u00f3n de las 20 nuevas c\u00e1maras de seguridad adquiridas recientemente por el municipio. Est\u00e1s c\u00e1maras se suman a las 20\u2026","rel":"","context":"En \u00abInter\u00e9s General\u00bb","block_context":{"text":"Inter\u00e9s General","link":"https:\/\/revistagenesis.com\/?cat=1"},"img":{"alt_text":"","src":"https:\/\/i0.wp.com\/revistagenesis.com\/wp-content\/uploads\/2017\/06\/20170621_152933.jpg?fit=1200%2C900&ssl=1&resize=350%2C200","width":350,"height":200,"srcset":"https:\/\/i0.wp.com\/revistagenesis.com\/wp-content\/uploads\/2017\/06\/20170621_152933.jpg?fit=1200%2C900&ssl=1&resize=350%2C200 1x, https:\/\/i0.wp.com\/revistagenesis.com\/wp-content\/uploads\/2017\/06\/20170621_152933.jpg?fit=1200%2C900&ssl=1&resize=525%2C300 1.5x, https:\/\/i0.wp.com\/revistagenesis.com\/wp-content\/uploads\/2017\/06\/20170621_152933.jpg?fit=1200%2C900&ssl=1&resize=700%2C400 2x, https:\/\/i0.wp.com\/revistagenesis.com\/wp-content\/uploads\/2017\/06\/20170621_152933.jpg?fit=1200%2C900&ssl=1&resize=1050%2C600 3x"},"classes":[]},{"id":12384,"url":"https:\/\/revistagenesis.com\/?p=12384","url_meta":{"origin":181389,"position":2},"title":"Semana del adulto mayor en Roque P\u00e9rez","author":"Nicolas Bagliere","date":"27\/10\/2017","format":false,"excerpt":"La Direcci\u00f3n de Deporte y Recreaci\u00f3n Municipal invita a todos los adultos mayores de Roque P\u00e9rez, a participar de las actividades con motivo de la Semana del Adulto Mayor entre los d\u00edas 30 de octubre y 2 de noviembre. \u00a0 Luego de la finalizaci\u00f3n de las actividades se realizar\u00e1 una\u2026","rel":"","context":"En \u00abDeportivas\u00bb","block_context":{"text":"Deportivas","link":"https:\/\/revistagenesis.com\/?cat=17"},"img":{"alt_text":"","src":"https:\/\/i0.wp.com\/revistagenesis.com\/wp-content\/uploads\/2017\/10\/fb_img_15090876915311808149407.jpg?fit=720%2C540&ssl=1&resize=350%2C200","width":350,"height":200,"srcset":"https:\/\/i0.wp.com\/revistagenesis.com\/wp-content\/uploads\/2017\/10\/fb_img_15090876915311808149407.jpg?fit=720%2C540&ssl=1&resize=350%2C200 1x, https:\/\/i0.wp.com\/revistagenesis.com\/wp-content\/uploads\/2017\/10\/fb_img_15090876915311808149407.jpg?fit=720%2C540&ssl=1&resize=525%2C300 1.5x, https:\/\/i0.wp.com\/revistagenesis.com\/wp-content\/uploads\/2017\/10\/fb_img_15090876915311808149407.jpg?fit=720%2C540&ssl=1&resize=700%2C400 2x"},"classes":[]},{"id":6124,"url":"https:\/\/revistagenesis.com\/?p=6124","url_meta":{"origin":181389,"position":3},"title":"Vuelve Roque P\u00e9rez suena","author":"Nicolas Bagliere","date":"15\/09\/2016","format":false,"excerpt":"\u00a0 La Direcci\u00f3n de Cultura informa que se vuelve a abrir la inscripci\u00f3n para anotarse en los talleres que integran el Programa \"Roque P\u00e9rez Suena\". Si estas interesado en participar de los mismos podes inscribirte en nuestra oficina ubicada en la esquina de las calles Berro y Avellaneda (ex Casita\u2026","rel":"","context":"En \u00abInter\u00e9s General\u00bb","block_context":{"text":"Inter\u00e9s General","link":"https:\/\/revistagenesis.com\/?cat=1"},"img":{"alt_text":"","src":"https:\/\/i0.wp.com\/revistagenesis.com\/wp-content\/uploads\/2016\/09\/roque-perez-suena.jpg?fit=526%2C394&ssl=1&resize=350%2C200","width":350,"height":200,"srcset":"https:\/\/i0.wp.com\/revistagenesis.com\/wp-content\/uploads\/2016\/09\/roque-perez-suena.jpg?fit=526%2C394&ssl=1&resize=350%2C200 1x, https:\/\/i0.wp.com\/revistagenesis.com\/wp-content\/uploads\/2016\/09\/roque-perez-suena.jpg?fit=526%2C394&ssl=1&resize=525%2C300 1.5x"},"classes":[]},{"id":9147,"url":"https:\/\/revistagenesis.com\/?p=9147","url_meta":{"origin":181389,"position":4},"title":"Charla sobre enfermedades en cultivos en Roque P\u00e9rez","author":"Nicolas Bagliere","date":"04\/04\/2017","format":false,"excerpt":"El Intendente municipal de Roque P\u00e9rez Juan Carlos Gasparini, a trav\u00e9s de la Direcci\u00f3n de Producci\u00f3n municipal, invita a quienes est\u00e9n interesados, a participar, a una \"Charla sobre Manejo Integrado de Enfermedades en Cultivos Bajo Cubierta. tomate, pimiento y lechuga\", la misma, ser\u00e1 brindada por la ingeniera Mariel Mitidieri, del\u2026","rel":"","context":"En \u00abInter\u00e9s General\u00bb","block_context":{"text":"Inter\u00e9s General","link":"https:\/\/revistagenesis.com\/?cat=1"},"img":{"alt_text":"","src":"https:\/\/i0.wp.com\/revistagenesis.com\/wp-content\/uploads\/2017\/04\/cahrla-inta.jpg?fit=851%2C589&ssl=1&resize=350%2C200","width":350,"height":200,"srcset":"https:\/\/i0.wp.com\/revistagenesis.com\/wp-content\/uploads\/2017\/04\/cahrla-inta.jpg?fit=851%2C589&ssl=1&resize=350%2C200 1x, https:\/\/i0.wp.com\/revistagenesis.com\/wp-content\/uploads\/2017\/04\/cahrla-inta.jpg?fit=851%2C589&ssl=1&resize=525%2C300 1.5x, https:\/\/i0.wp.com\/revistagenesis.com\/wp-content\/uploads\/2017\/04\/cahrla-inta.jpg?fit=851%2C589&ssl=1&resize=700%2C400 2x"},"classes":[]},{"id":12330,"url":"https:\/\/revistagenesis.com\/?p=12330","url_meta":{"origin":181389,"position":5},"title":"Elecciones 2017 en Roque P\u00e9rez","author":"Nicolas Bagliere","date":"22\/10\/2017","format":false,"excerpt":"Este domingo, desde las 8 de la ma\u00f1ana, los vecinos de Roque P\u00e9rez se acercaron a las distintas escuelas urbanas y rurales.\u00a0 Los roqueperenses participan de\u00a0 una jornada\u00a0 electoral con mucha tranquilidad y rapidez a la hora de emitir el sufragio.","rel":"","context":"En \u00abInter\u00e9s General\u00bb","block_context":{"text":"Inter\u00e9s General","link":"https:\/\/revistagenesis.com\/?cat=1"},"img":{"alt_text":"","src":"https:\/\/i0.wp.com\/revistagenesis.com\/wp-content\/uploads\/2017\/10\/img-20171022-wa00371661693256.jpg?fit=1200%2C899&ssl=1&resize=350%2C200","width":350,"height":200,"srcset":"https:\/\/i0.wp.com\/revistagenesis.com\/wp-content\/uploads\/2017\/10\/img-20171022-wa00371661693256.jpg?fit=1200%2C899&ssl=1&resize=350%2C200 1x, https:\/\/i0.wp.com\/revistagenesis.com\/wp-content\/uploads\/2017\/10\/img-20171022-wa00371661693256.jpg?fit=1200%2C899&ssl=1&resize=525%2C300 1.5x, https:\/\/i0.wp.com\/revistagenesis.com\/wp-content\/uploads\/2017\/10\/img-20171022-wa00371661693256.jpg?fit=1200%2C899&ssl=1&resize=700%2C400 2x, https:\/\/i0.wp.com\/revistagenesis.com\/wp-content\/uploads\/2017\/10\/img-20171022-wa00371661693256.jpg?fit=1200%2C899&ssl=1&resize=1050%2C600 3x"},"classes":[]}],"jetpack_sharing_enabled":true,"_links":{"self":[{"href":"https:\/\/revistagenesis.com\/index.php?rest_route=\/wp\/v2\/posts\/181389","targetHints":{"allow":["GET"]}}],"collection":[{"href":"https:\/\/revistagenesis.com\/index.php?rest_route=\/wp\/v2\/posts"}],"about":[{"href":"https:\/\/revistagenesis.com\/index.php?rest_route=\/wp\/v2\/types\/post"}],"author":[{"embeddable":true,"href":"https:\/\/revistagenesis.com\/index.php?rest_route=\/wp\/v2\/users\/2"}],"replies":[{"embeddable":true,"href":"https:\/\/revistagenesis.com\/index.php?rest_route=%2Fwp%2Fv2%2Fcomments&post=181389"}],"version-history":[{"count":3,"href":"https:\/\/revistagenesis.com\/index.php?rest_route=\/wp\/v2\/posts\/181389\/revisions"}],"predecessor-version":[{"id":181394,"href":"https:\/\/revistagenesis.com\/index.php?rest_route=\/wp\/v2\/posts\/181389\/revisions\/181394"}],"wp:featuredmedia":[{"embeddable":true,"href":"https:\/\/revistagenesis.com\/index.php?rest_route=\/wp\/v2\/media\/181393"}],"wp:attachment":[{"href":"https:\/\/revistagenesis.com\/index.php?rest_route=%2Fwp%2Fv2%2Fmedia&parent=181389"}],"wp:term":[{"taxonomy":"category","embeddable":true,"href":"https:\/\/revistagenesis.com\/index.php?rest_route=%2Fwp%2Fv2%2Fcategories&post=181389"},{"taxonomy":"post_tag","embeddable":true,"href":"https:\/\/revistagenesis.com\/index.php?rest_route=%2Fwp%2Fv2%2Ftags&post=181389"}],"curies":[{"name":"wp","href":"https:\/\/api.w.org\/{rel}","templated":true}]}}