{"id":181384,"date":"2022-03-15T10:33:48","date_gmt":"2022-03-15T13:33:48","guid":{"rendered":"http:\/\/revistagenesis.com\/?p=181384"},"modified":"2022-03-15T10:34:39","modified_gmt":"2022-03-15T13:34:39","slug":"incendio-consumio-una-camioneta-y-parte-de-una-vivienda","status":"publish","type":"post","link":"https:\/\/revistagenesis.com\/?p=181384","title":{"rendered":"INCENDIO CONSUMIO UNA CAMIONETA Y PARTE DE UNA VIVIENDA"},"content":{"rendered":"\n<p>Un incendio de grandes proporciones se desat\u00f3 este lunes por la noche pasada las 20:30hs, en una finca ubicada a un km de la bajada a Forastieri por ruta 30, propiedad de Ismael Catena.<\/p>\n\n\n\n<p>En el lugar trabajaron cuatro dotaciones de bomberos por m\u00e1s de cuatro horas.<\/p>\n\n\n\n<figure class=\"wp-block-image size-large\"><img data-recalc-dims=\"1\" fetchpriority=\"high\" decoding=\"async\" width=\"1024\" height=\"498\" src=\"https:\/\/i0.wp.com\/revistagenesis.com\/wp-content\/uploads\/2022\/03\/img-20220315-wa00043476707296105666401.jpg?resize=1024%2C498&#038;ssl=1\" alt=\"\" class=\"wp-image-181382\" srcset=\"https:\/\/i0.wp.com\/revistagenesis.com\/wp-content\/uploads\/2022\/03\/img-20220315-wa00043476707296105666401.jpg?resize=1024%2C498&amp;ssl=1 1024w, https:\/\/i0.wp.com\/revistagenesis.com\/wp-content\/uploads\/2022\/03\/img-20220315-wa00043476707296105666401.jpg?resize=300%2C146&amp;ssl=1 300w, https:\/\/i0.wp.com\/revistagenesis.com\/wp-content\/uploads\/2022\/03\/img-20220315-wa00043476707296105666401.jpg?resize=768%2C373&amp;ssl=1 768w, https:\/\/i0.wp.com\/revistagenesis.com\/wp-content\/uploads\/2022\/03\/img-20220315-wa00043476707296105666401.jpg?w=1280&amp;ssl=1 1280w\" sizes=\"(max-width: 1024px) 100vw, 1024px\" \/><\/figure>\n\n\n\n<p><br>Seg\u00fan la informacion brindada por bomberos, el fuego comenz\u00f3 en una camioneta que se encontraba dentro del garage, el fuego r\u00e1pidamente se propag\u00f3 a un ba\u00f1o y dos habitaciones, produciendo grandes da\u00f1os en la vivienda.<\/p>\n\n\n\n<figure class=\"wp-block-image\"><img data-recalc-dims=\"1\" decoding=\"async\" width=\"720\" height=\"1280\" src=\"https:\/\/i0.wp.com\/revistagenesis.com\/wp-content\/uploads\/2022\/03\/img-20220314-wa016113806344648479649.jpg?resize=720%2C1280&#038;ssl=1\" alt=\"\" class=\"wp-image-181383\" srcset=\"https:\/\/i0.wp.com\/revistagenesis.com\/wp-content\/uploads\/2022\/03\/img-20220314-wa016113806344648479649.jpg?w=720&amp;ssl=1 720w, https:\/\/i0.wp.com\/revistagenesis.com\/wp-content\/uploads\/2022\/03\/img-20220314-wa016113806344648479649.jpg?resize=169%2C300&amp;ssl=1 169w, https:\/\/i0.wp.com\/revistagenesis.com\/wp-content\/uploads\/2022\/03\/img-20220314-wa016113806344648479649.jpg?resize=576%2C1024&amp;ssl=1 576w\" sizes=\"(max-width: 720px) 100vw, 720px\" \/><\/figure>\n","protected":false},"excerpt":{"rendered":"<p>Un incendio de grandes proporciones se desat\u00f3 este lunes por la noche pasada las 20:30hs, en una finca ubicada a un km de la bajada a Forastieri por ruta 30, propiedad de Ismael Catena. En el lugar trabajaron cuatro dotaciones de bomberos por m\u00e1s de cuatro horas. Seg\u00fan la informacion brindada por bomberos, el fuego &#8230; <a title=\"INCENDIO CONSUMIO UNA CAMIONETA Y PARTE DE UNA VIVIENDA\" class=\"read-more\" href=\"https:\/\/revistagenesis.com\/?p=181384\">Leer mas<\/a><\/p>\n","protected":false},"author":2,"featured_media":181385,"comment_status":"open","ping_status":"open","sticky":false,"template":"","format":"standard","meta":{"jetpack_post_was_ever_published":false,"_jetpack_newsletter_access":"","_jetpack_dont_email_post_to_subs":false,"_jetpack_newsletter_tier_id":0,"_jetpack_memberships_contains_paywalled_content":false,"_jetpack_memberships_contains_paid_content":false,"footnotes":""},"categories":[1],"tags":[117],"class_list":["post-181384","post","type-post","status-publish","format-standard","has-post-thumbnail","hentry","category-interes-general","tag-incendio-paraje-forastieri"],"jetpack_featured_media_url":"https:\/\/i0.wp.com\/revistagenesis.com\/wp-content\/uploads\/2022\/03\/IMG-20220314-WA0161.jpg?fit=720%2C1280&ssl=1","jetpack_likes_enabled":true,"jetpack-related-posts":[{"id":173952,"url":"https:\/\/revistagenesis.com\/?p=173952","url_meta":{"origin":181384,"position":0},"title":"Una camioneta consumida por las llamas en Paraje Forastieri","author":"Nicolas Bagliere","date":"17\/06\/2019","format":false,"excerpt":"Esta tarde, el llamado a los Bomberos Voluntarios se debi\u00f3 al incendio de una camioneta Ford Ranger que fue consumida por las llamas. El vehiculo, propiedad de Jose Luis Herves, estaba ubicada en una finca detr\u00e1s de la Escuela N\u00b0 13 en Forastieri. El siniestro habria sido producto de un\u2026","rel":"","context":"En \u00abInter\u00e9s General\u00bb","block_context":{"text":"Inter\u00e9s General","link":"https:\/\/revistagenesis.com\/?cat=1"},"img":{"alt_text":"","src":"https:\/\/i0.wp.com\/revistagenesis.com\/wp-content\/uploads\/2019\/06\/IMG-20190617-WA0043.jpg?fit=581%2C1032&ssl=1&resize=350%2C200","width":350,"height":200,"srcset":"https:\/\/i0.wp.com\/revistagenesis.com\/wp-content\/uploads\/2019\/06\/IMG-20190617-WA0043.jpg?fit=581%2C1032&ssl=1&resize=350%2C200 1x, https:\/\/i0.wp.com\/revistagenesis.com\/wp-content\/uploads\/2019\/06\/IMG-20190617-WA0043.jpg?fit=581%2C1032&ssl=1&resize=525%2C300 1.5x"},"classes":[]},{"id":10238,"url":"https:\/\/revistagenesis.com\/?p=10238","url_meta":{"origin":181384,"position":1},"title":"Principio de incendio en una vivienda","author":"Nicolas Bagliere","date":"30\/05\/2017","format":false,"excerpt":"Esta tarde, a las 17.30 fueron alertados los Bomberos Voluntarios por un principio de incendio en una vivienda ubicada detras del cementerio. Al momento del hecho los due\u00f1os de la propiedad no se encontraban en el interior de la misma por lo que las causas del siniestro aun se desconocen.\u2026","rel":"","context":"En \u00abInter\u00e9s General\u00bb","block_context":{"text":"Inter\u00e9s General","link":"https:\/\/revistagenesis.com\/?cat=1"},"img":{"alt_text":"","src":"https:\/\/i0.wp.com\/revistagenesis.com\/wp-content\/uploads\/2017\/05\/20170530_173510.jpg?fit=1200%2C900&ssl=1&resize=350%2C200","width":350,"height":200,"srcset":"https:\/\/i0.wp.com\/revistagenesis.com\/wp-content\/uploads\/2017\/05\/20170530_173510.jpg?fit=1200%2C900&ssl=1&resize=350%2C200 1x, https:\/\/i0.wp.com\/revistagenesis.com\/wp-content\/uploads\/2017\/05\/20170530_173510.jpg?fit=1200%2C900&ssl=1&resize=525%2C300 1.5x, https:\/\/i0.wp.com\/revistagenesis.com\/wp-content\/uploads\/2017\/05\/20170530_173510.jpg?fit=1200%2C900&ssl=1&resize=700%2C400 2x, https:\/\/i0.wp.com\/revistagenesis.com\/wp-content\/uploads\/2017\/05\/20170530_173510.jpg?fit=1200%2C900&ssl=1&resize=1050%2C600 3x"},"classes":[]},{"id":173690,"url":"https:\/\/revistagenesis.com\/?p=173690","url_meta":{"origin":181384,"position":2},"title":"Incendio total de una camioneta en La Paz Chica","author":"Nicolas Bagliere","date":"25\/05\/2019","format":false,"excerpt":"Esta tarde, fueron convocados los Bomberos Voluntarios de Roque P\u00e9rez, producto de un incendi\u00f3 de una camioneta chevrolet Isuzu en cercan\u00edas del almac\u00e9n San Francisco. Al parecer, el hecho se origin\u00f3 por un desperfecto mec\u00e1nico, seg\u00fan pudo explicar Cingolani, su propietario. La llegada de los servidores publicos no logr\u00f3 evitar\u2026","rel":"","context":"En \u00abInter\u00e9s General\u00bb","block_context":{"text":"Inter\u00e9s General","link":"https:\/\/revistagenesis.com\/?cat=1"},"img":{"alt_text":"","src":"https:\/\/i0.wp.com\/revistagenesis.com\/wp-content\/uploads\/2019\/05\/FB_IMG_1558824243351-1.jpg?fit=720%2C540&ssl=1&resize=350%2C200","width":350,"height":200,"srcset":"https:\/\/i0.wp.com\/revistagenesis.com\/wp-content\/uploads\/2019\/05\/FB_IMG_1558824243351-1.jpg?fit=720%2C540&ssl=1&resize=350%2C200 1x, https:\/\/i0.wp.com\/revistagenesis.com\/wp-content\/uploads\/2019\/05\/FB_IMG_1558824243351-1.jpg?fit=720%2C540&ssl=1&resize=525%2C300 1.5x, https:\/\/i0.wp.com\/revistagenesis.com\/wp-content\/uploads\/2019\/05\/FB_IMG_1558824243351-1.jpg?fit=720%2C540&ssl=1&resize=700%2C400 2x"},"classes":[]},{"id":174926,"url":"https:\/\/revistagenesis.com\/?p=174926","url_meta":{"origin":181384,"position":3},"title":"INCENDIO TOTAL DE UNA CAMIONETA EN EL SECTOR DEL PICO DEL RIO SALADO","author":"Nicolas Bagliere","date":"24\/09\/2019","format":false,"excerpt":"Esta ma\u00f1ana, fueron convocados los Bomberos Voluntarios de Roque P\u00e9rez, por un incendio de una camioneta Chevrolet Sprint en el sector del \"Pico\" del Rio Salado. El vehiculo qued\u00f3 destruido en su totalidad, no poseia patentes y en el lugar no se encontraba ninguna persona.","rel":"","context":"En \u00abInter\u00e9s General\u00bb","block_context":{"text":"Inter\u00e9s General","link":"https:\/\/revistagenesis.com\/?cat=1"},"img":{"alt_text":"","src":"https:\/\/i0.wp.com\/revistagenesis.com\/wp-content\/uploads\/2019\/09\/IMG-20190924-WA0034-1.jpg?fit=677%2C639&ssl=1&resize=350%2C200","width":350,"height":200,"srcset":"https:\/\/i0.wp.com\/revistagenesis.com\/wp-content\/uploads\/2019\/09\/IMG-20190924-WA0034-1.jpg?fit=677%2C639&ssl=1&resize=350%2C200 1x, https:\/\/i0.wp.com\/revistagenesis.com\/wp-content\/uploads\/2019\/09\/IMG-20190924-WA0034-1.jpg?fit=677%2C639&ssl=1&resize=525%2C300 1.5x"},"classes":[]},{"id":175293,"url":"https:\/\/revistagenesis.com\/?p=175293","url_meta":{"origin":181384,"position":4},"title":"INCENDIO EN EL LOCAL DE JUNTOS POR EL CAMBIO","author":"Nicolas Bagliere","date":"18\/11\/2019","format":false,"excerpt":"Este lunes, cerca de las sietede la ma\u00f1ana, fueron convocados los Bomberos voluntarios de Roque Perez, alertando un incendio en el local de Juntos por el Cambio ubicado en Berro y Alsina.Un incendio importante ocurrio en el local partidario de Juntos Por el Cambio en la esquina de Alsina y\u2026","rel":"","context":"En \u00abInter\u00e9s General\u00bb","block_context":{"text":"Inter\u00e9s General","link":"https:\/\/revistagenesis.com\/?cat=1"},"img":{"alt_text":"","src":"https:\/\/i0.wp.com\/revistagenesis.com\/wp-content\/uploads\/2019\/11\/IMG-20191118-WA0008.jpg?fit=1024%2C768&ssl=1&resize=350%2C200","width":350,"height":200,"srcset":"https:\/\/i0.wp.com\/revistagenesis.com\/wp-content\/uploads\/2019\/11\/IMG-20191118-WA0008.jpg?fit=1024%2C768&ssl=1&resize=350%2C200 1x, https:\/\/i0.wp.com\/revistagenesis.com\/wp-content\/uploads\/2019\/11\/IMG-20191118-WA0008.jpg?fit=1024%2C768&ssl=1&resize=525%2C300 1.5x, https:\/\/i0.wp.com\/revistagenesis.com\/wp-content\/uploads\/2019\/11\/IMG-20191118-WA0008.jpg?fit=1024%2C768&ssl=1&resize=700%2C400 2x"},"classes":[]},{"id":6094,"url":"https:\/\/revistagenesis.com\/?p=6094","url_meta":{"origin":181384,"position":5},"title":"Incendio de un automovil","author":"Nicolas Bagliere","date":"12\/09\/2016","format":false,"excerpt":"\u00a0 Pasadas las 13hs, el llamado a los \u00a0Bomberos Voluntarios de nuestra ciudad se debi\u00f3 a un incendio de un automovil\u00a0Volkswagen Polo, que estaba ubicado en la calle Don Bosco casi Sarmiento. El veh\u00edculo, propiedad de Abel Cruce, agarr\u00f3 fuego en la parte del motor por unos minutos hasta que\u2026","rel":"","context":"En \u00abInter\u00e9s General\u00bb","block_context":{"text":"Inter\u00e9s General","link":"https:\/\/revistagenesis.com\/?cat=1"},"img":{"alt_text":"","src":"https:\/\/i0.wp.com\/revistagenesis.com\/wp-content\/uploads\/2016\/09\/wp-1473698524812.jpg?fit=1200%2C720&ssl=1&resize=350%2C200","width":350,"height":200,"srcset":"https:\/\/i0.wp.com\/revistagenesis.com\/wp-content\/uploads\/2016\/09\/wp-1473698524812.jpg?fit=1200%2C720&ssl=1&resize=350%2C200 1x, https:\/\/i0.wp.com\/revistagenesis.com\/wp-content\/uploads\/2016\/09\/wp-1473698524812.jpg?fit=1200%2C720&ssl=1&resize=525%2C300 1.5x, https:\/\/i0.wp.com\/revistagenesis.com\/wp-content\/uploads\/2016\/09\/wp-1473698524812.jpg?fit=1200%2C720&ssl=1&resize=700%2C400 2x, https:\/\/i0.wp.com\/revistagenesis.com\/wp-content\/uploads\/2016\/09\/wp-1473698524812.jpg?fit=1200%2C720&ssl=1&resize=1050%2C600 3x"},"classes":[]}],"jetpack_sharing_enabled":true,"_links":{"self":[{"href":"https:\/\/revistagenesis.com\/index.php?rest_route=\/wp\/v2\/posts\/181384","targetHints":{"allow":["GET"]}}],"collection":[{"href":"https:\/\/revistagenesis.com\/index.php?rest_route=\/wp\/v2\/posts"}],"about":[{"href":"https:\/\/revistagenesis.com\/index.php?rest_route=\/wp\/v2\/types\/post"}],"author":[{"embeddable":true,"href":"https:\/\/revistagenesis.com\/index.php?rest_route=\/wp\/v2\/users\/2"}],"replies":[{"embeddable":true,"href":"https:\/\/revistagenesis.com\/index.php?rest_route=%2Fwp%2Fv2%2Fcomments&post=181384"}],"version-history":[{"count":1,"href":"https:\/\/revistagenesis.com\/index.php?rest_route=\/wp\/v2\/posts\/181384\/revisions"}],"predecessor-version":[{"id":181386,"href":"https:\/\/revistagenesis.com\/index.php?rest_route=\/wp\/v2\/posts\/181384\/revisions\/181386"}],"wp:featuredmedia":[{"embeddable":true,"href":"https:\/\/revistagenesis.com\/index.php?rest_route=\/wp\/v2\/media\/181385"}],"wp:attachment":[{"href":"https:\/\/revistagenesis.com\/index.php?rest_route=%2Fwp%2Fv2%2Fmedia&parent=181384"}],"wp:term":[{"taxonomy":"category","embeddable":true,"href":"https:\/\/revistagenesis.com\/index.php?rest_route=%2Fwp%2Fv2%2Fcategories&post=181384"},{"taxonomy":"post_tag","embeddable":true,"href":"https:\/\/revistagenesis.com\/index.php?rest_route=%2Fwp%2Fv2%2Ftags&post=181384"}],"curies":[{"name":"wp","href":"https:\/\/api.w.org\/{rel}","templated":true}]}}