{"id":181378,"date":"2022-03-12T18:47:43","date_gmt":"2022-03-12T21:47:43","guid":{"rendered":"http:\/\/revistagenesis.com\/?p=181378"},"modified":"2022-03-12T20:23:29","modified_gmt":"2022-03-12T23:23:29","slug":"justicia-por-beatriz","status":"publish","type":"post","link":"https:\/\/revistagenesis.com\/?p=181378","title":{"rendered":"JUSTICIA POR BEATRIZ"},"content":{"rendered":"\n<p>Para este s\u00e1bado a las 17 hs, estaba programada una marcha para pedir justicia por Beatriz Bois.<\/p>\n\n\n\n<p>Valeria Blanco hija de Insolina Beatriz Bois, se refiri\u00f3 al estado en que encontr\u00f3 a su madre el pasado 25 de Enero. Luego de la denuncia realizada por Blanco, se imput\u00f3 a el marido de Beatriz por Lesiones Leves.<br>La tambi\u00e9n abogada, pedir\u00e1 el cambio de caratula a Privaci\u00f3n Ileg\u00edtima de la Libertad y Tentativa de Femicidio, solicitando tambi\u00e9n la imputaci\u00f3n de su hermano.<\/p>\n\n\n\n<p>Tambi\u00e9n se refiri\u00f3 al mal funcionamiento de algunas instituciones como el Hospital Dr. Ram\u00f3n Carrillo, la comisar\u00eda de la mujer y el Juzgado de Paz.<br \/>Valeria fue acompa\u00f1ada en este pedido por un grupo de 7 vecinos.<\/p>\n\n\n\n<figure class=\"wp-block-image size-large\"><img data-recalc-dims=\"1\" fetchpriority=\"high\" decoding=\"async\" width=\"1024\" height=\"768\" src=\"https:\/\/i0.wp.com\/revistagenesis.com\/wp-content\/uploads\/2022\/03\/0_20220312_174659_watermark_sC3A1b9175295048250507137..jpg?resize=1024%2C768&#038;ssl=1\" alt=\"\" class=\"wp-image-181376\" srcset=\"https:\/\/i0.wp.com\/revistagenesis.com\/wp-content\/uploads\/2022\/03\/0_20220312_174659_watermark_sC3A1b9175295048250507137.-scaled.jpg?resize=1024%2C768&amp;ssl=1 1024w, https:\/\/i0.wp.com\/revistagenesis.com\/wp-content\/uploads\/2022\/03\/0_20220312_174659_watermark_sC3A1b9175295048250507137.-scaled.jpg?resize=300%2C225&amp;ssl=1 300w, https:\/\/i0.wp.com\/revistagenesis.com\/wp-content\/uploads\/2022\/03\/0_20220312_174659_watermark_sC3A1b9175295048250507137.-scaled.jpg?resize=768%2C576&amp;ssl=1 768w, https:\/\/i0.wp.com\/revistagenesis.com\/wp-content\/uploads\/2022\/03\/0_20220312_174659_watermark_sC3A1b9175295048250507137.-scaled.jpg?resize=1536%2C1152&amp;ssl=1 1536w, https:\/\/i0.wp.com\/revistagenesis.com\/wp-content\/uploads\/2022\/03\/0_20220312_174659_watermark_sC3A1b9175295048250507137.-scaled.jpg?resize=2048%2C1536&amp;ssl=1 2048w, https:\/\/i0.wp.com\/revistagenesis.com\/wp-content\/uploads\/2022\/03\/0_20220312_174659_watermark_sC3A1b9175295048250507137.-scaled.jpg?w=2400&amp;ssl=1 2400w\" sizes=\"(max-width: 1024px) 100vw, 1024px\" \/><\/figure>\n\n\n\n<p><iframe title=\"JUSTICIA POR BEATRIZ\" width=\"1200\" height=\"675\" src=\"https:\/\/www.youtube.com\/embed\/LuWFkUWllBw?feature=oembed\" frameborder=\"0\" allow=\"accelerometer; autoplay; clipboard-write; encrypted-media; gyroscope; picture-in-picture\" allowfullscreen><\/iframe><\/p>\n","protected":false},"excerpt":{"rendered":"<p>Para este s\u00e1bado a las 17 hs, estaba programada una marcha para pedir justicia por Beatriz Bois. Valeria Blanco hija de Insolina Beatriz Bois, se refiri\u00f3 al estado en que encontr\u00f3 a su madre el pasado 25 de Enero. Luego de la denuncia realizada por Blanco, se imput\u00f3 a el marido de Beatriz por Lesiones &#8230; <a title=\"JUSTICIA POR BEATRIZ\" class=\"read-more\" href=\"https:\/\/revistagenesis.com\/?p=181378\">Leer mas<\/a><\/p>\n","protected":false},"author":2,"featured_media":181377,"comment_status":"open","ping_status":"open","sticky":false,"template":"","format":"standard","meta":{"jetpack_post_was_ever_published":false,"_jetpack_newsletter_access":"","_jetpack_dont_email_post_to_subs":false,"_jetpack_newsletter_tier_id":0,"_jetpack_memberships_contains_paywalled_content":false,"_jetpack_memberships_contains_paid_content":false,"footnotes":""},"categories":[1],"tags":[],"class_list":["post-181378","post","type-post","status-publish","format-standard","has-post-thumbnail","hentry","category-interes-general"],"jetpack_featured_media_url":"https:\/\/i0.wp.com\/revistagenesis.com\/wp-content\/uploads\/2022\/03\/0_20220312_174659_watermark_sC3A1b._12032022_184533-scaled.jpg?fit=2560%2C1920&ssl=1","jetpack_likes_enabled":true,"jetpack-related-posts":[{"id":6254,"url":"https:\/\/revistagenesis.com\/?p=6254","url_meta":{"origin":181378,"position":0},"title":"Comenz\u00f3 la audiencia p\u00fablica por las obras del R\u00edo Salado","author":"Nicolas Bagliere","date":"23\/09\/2016","format":false,"excerpt":"\u00a0 Gasparini recibi\u00f3 a ministros y funcionarios bonaerenses y nacionales, por la Audiencia P\u00fablica por obras en el R\u00edo Salado. El Intendente municipal de Roque P\u00e9rez Juan Carlos Gasparini,recibi\u00f3 este viernes 23 de septiembre en horas de la ma\u00f1ana, al Ministro de Agroindustria de la provincia de Buenos Aires, Ing.\u2026","rel":"","context":"En \u00abInter\u00e9s General\u00bb","block_context":{"text":"Inter\u00e9s General","link":"https:\/\/revistagenesis.com\/?cat=1"},"img":{"alt_text":"","src":"https:\/\/i0.wp.com\/revistagenesis.com\/wp-content\/uploads\/2016\/09\/wp-1474645976712.jpg?fit=1200%2C800&ssl=1&resize=350%2C200","width":350,"height":200,"srcset":"https:\/\/i0.wp.com\/revistagenesis.com\/wp-content\/uploads\/2016\/09\/wp-1474645976712.jpg?fit=1200%2C800&ssl=1&resize=350%2C200 1x, https:\/\/i0.wp.com\/revistagenesis.com\/wp-content\/uploads\/2016\/09\/wp-1474645976712.jpg?fit=1200%2C800&ssl=1&resize=525%2C300 1.5x, https:\/\/i0.wp.com\/revistagenesis.com\/wp-content\/uploads\/2016\/09\/wp-1474645976712.jpg?fit=1200%2C800&ssl=1&resize=700%2C400 2x, https:\/\/i0.wp.com\/revistagenesis.com\/wp-content\/uploads\/2016\/09\/wp-1474645976712.jpg?fit=1200%2C800&ssl=1&resize=1050%2C600 3x"},"classes":[]},{"id":12182,"url":"https:\/\/revistagenesis.com\/?p=12182","url_meta":{"origin":181378,"position":1},"title":"\u00abLa sociedad quiere saber que pas\u00f3 en el Programa Envi\u00f3n\u00bb","author":"Nicolas Bagliere","date":"08\/10\/2017","format":false,"excerpt":"Los candidatos de 1 Pa\u00eds, Maximiliano Sciaini y Mariela Barral, estuvieron en el noticiero de Rpereznet, abordando distintos temas de nuestra ciudad. Mariela Barral, desde su mirada como trabajadora social, \u00a0expres\u00f3 acerca de las problem\u00e1ticas sociales \u00a0que \u201cno hay que \u00a0estar detr\u00e1s de un escritorio, hay que salir a recorrer\u2026","rel":"","context":"En \u00abInter\u00e9s General\u00bb","block_context":{"text":"Inter\u00e9s General","link":"https:\/\/revistagenesis.com\/?cat=1"},"img":{"alt_text":"","src":"https:\/\/i0.wp.com\/revistagenesis.com\/wp-content\/uploads\/2017\/10\/received_10212450938566587-1538956076.jpeg?fit=1013%2C1200&ssl=1&resize=350%2C200","width":350,"height":200,"srcset":"https:\/\/i0.wp.com\/revistagenesis.com\/wp-content\/uploads\/2017\/10\/received_10212450938566587-1538956076.jpeg?fit=1013%2C1200&ssl=1&resize=350%2C200 1x, https:\/\/i0.wp.com\/revistagenesis.com\/wp-content\/uploads\/2017\/10\/received_10212450938566587-1538956076.jpeg?fit=1013%2C1200&ssl=1&resize=525%2C300 1.5x, https:\/\/i0.wp.com\/revistagenesis.com\/wp-content\/uploads\/2017\/10\/received_10212450938566587-1538956076.jpeg?fit=1013%2C1200&ssl=1&resize=700%2C400 2x"},"classes":[]},{"id":9416,"url":"https:\/\/revistagenesis.com\/?p=9416","url_meta":{"origin":181378,"position":2},"title":"\u201cCambiemos tiene que unirse y elegir los mejores candidatos\u201d","author":"Nicolas Bagliere","date":"20\/04\/2017","format":false,"excerpt":"\u00a0 El Ministro de Agroindustria, Leonardo Sarqu\u00eds y el Ministro de Trabajo, Marcelo Villegas, estuvieron el pasado martes \u00a0en General Alvear encabezando una reuni\u00f3n que sirvi\u00f3 para organizar la s\u00e9ptima secci\u00f3n, \u00a0donde tambi\u00e9n participaron intendentes, concejales y referentes de los espacios que integran Cambiemos. De la ciudad de Roque P\u00e9rez,\u2026","rel":"","context":"En \u00abInter\u00e9s General\u00bb","block_context":{"text":"Inter\u00e9s General","link":"https:\/\/revistagenesis.com\/?cat=1"},"img":{"alt_text":"","src":"https:\/\/i0.wp.com\/revistagenesis.com\/wp-content\/uploads\/2017\/04\/DSC_4269.jpg?fit=1200%2C800&ssl=1&resize=350%2C200","width":350,"height":200,"srcset":"https:\/\/i0.wp.com\/revistagenesis.com\/wp-content\/uploads\/2017\/04\/DSC_4269.jpg?fit=1200%2C800&ssl=1&resize=350%2C200 1x, https:\/\/i0.wp.com\/revistagenesis.com\/wp-content\/uploads\/2017\/04\/DSC_4269.jpg?fit=1200%2C800&ssl=1&resize=525%2C300 1.5x, https:\/\/i0.wp.com\/revistagenesis.com\/wp-content\/uploads\/2017\/04\/DSC_4269.jpg?fit=1200%2C800&ssl=1&resize=700%2C400 2x, https:\/\/i0.wp.com\/revistagenesis.com\/wp-content\/uploads\/2017\/04\/DSC_4269.jpg?fit=1200%2C800&ssl=1&resize=1050%2C600 3x"},"classes":[]},{"id":184073,"url":"https:\/\/revistagenesis.com\/?p=184073","url_meta":{"origin":181378,"position":3},"title":"EG\u00dcEN INAUGUR\u00d3 LA AYUDANT\u00cdA FISCAL: UN PASO HIST\u00d3RICO PARA LA JUSTICIA LOCAL","author":"Nicolas Bagliere","date":"10\/12\/2025","format":"image","excerpt":"\u00a0 El intendente de 25 de Mayo, Ramiro Eg\u00fcen, inaugur\u00f3 la nueva Ayudant\u00eda Fiscal, ubicada en la intersecci\u00f3n de calles 32 y 103, acompa\u00f1ado por el Fiscal General del Departamento Judicial de Mercedes, Dr. Pablo Merola, autoridades policiales, funcionarios y vecinos. La apertura de este edificio representa un hito en\u2026","rel":"","context":"En \u00abInter\u00e9s General\u00bb","block_context":{"text":"Inter\u00e9s General","link":"https:\/\/revistagenesis.com\/?cat=1"},"img":{"alt_text":"","src":"https:\/\/i0.wp.com\/revistagenesis.com\/wp-content\/uploads\/2025\/12\/FB_IMG_1765414021935.jpg?fit=1200%2C800&ssl=1&resize=350%2C200","width":350,"height":200,"srcset":"https:\/\/i0.wp.com\/revistagenesis.com\/wp-content\/uploads\/2025\/12\/FB_IMG_1765414021935.jpg?fit=1200%2C800&ssl=1&resize=350%2C200 1x, https:\/\/i0.wp.com\/revistagenesis.com\/wp-content\/uploads\/2025\/12\/FB_IMG_1765414021935.jpg?fit=1200%2C800&ssl=1&resize=525%2C300 1.5x, https:\/\/i0.wp.com\/revistagenesis.com\/wp-content\/uploads\/2025\/12\/FB_IMG_1765414021935.jpg?fit=1200%2C800&ssl=1&resize=700%2C400 2x, https:\/\/i0.wp.com\/revistagenesis.com\/wp-content\/uploads\/2025\/12\/FB_IMG_1765414021935.jpg?fit=1200%2C800&ssl=1&resize=1050%2C600 3x"},"classes":[]},{"id":178901,"url":"https:\/\/revistagenesis.com\/?p=178901","url_meta":{"origin":181378,"position":4},"title":"\u00bfSE DIVIDE EL BLOQUE DE JUNTOS POR EL CAMBIO? \u00abLO MEJOR ES SEGUIR TRABAJANDO EN EQUIPO\u00bb EXPRES\u00d3 CRAVERO","author":"Nicolas Bagliere","date":"05\/05\/2020","format":"image","excerpt":"Este martes, dialogamos con el concejal de Juntos por el Cambio Juan Mar\u00eda Cravero, quien expres\u00f3 su postura acerca de las versiones de una posible divisi\u00f3n del bloque de ediles que el preside.\"Las diferencias de criterios existen, son hist\u00f3ricas, son distintos puntos de vista. Carola Ruiz, M\u00f3nica Pijuan y Marcos\u2026","rel":"","context":"En \u00abInter\u00e9s General\u00bb","block_context":{"text":"Inter\u00e9s General","link":"https:\/\/revistagenesis.com\/?cat=1"},"img":{"alt_text":"","src":"https:\/\/i0.wp.com\/revistagenesis.com\/wp-content\/uploads\/2020\/05\/20200505_190428-1-scaled.jpg?fit=1200%2C812&ssl=1&resize=350%2C200","width":350,"height":200,"srcset":"https:\/\/i0.wp.com\/revistagenesis.com\/wp-content\/uploads\/2020\/05\/20200505_190428-1-scaled.jpg?fit=1200%2C812&ssl=1&resize=350%2C200 1x, https:\/\/i0.wp.com\/revistagenesis.com\/wp-content\/uploads\/2020\/05\/20200505_190428-1-scaled.jpg?fit=1200%2C812&ssl=1&resize=525%2C300 1.5x, https:\/\/i0.wp.com\/revistagenesis.com\/wp-content\/uploads\/2020\/05\/20200505_190428-1-scaled.jpg?fit=1200%2C812&ssl=1&resize=700%2C400 2x, https:\/\/i0.wp.com\/revistagenesis.com\/wp-content\/uploads\/2020\/05\/20200505_190428-1-scaled.jpg?fit=1200%2C812&ssl=1&resize=1050%2C600 3x"},"classes":[]},{"id":10574,"url":"https:\/\/revistagenesis.com\/?p=10574","url_meta":{"origin":181378,"position":5},"title":"\u00abDeben acercarse a la Direcci\u00f3n de Acci\u00f3n Social\u00bb","author":"Nicolas Bagliere","date":"15\/06\/2017","format":false,"excerpt":"Luego de que el gobierno de Mauricio Macri apelara a un viejo decreto de 1997 del gobierno de Carlos Menem y comenz\u00f3 a dar de baja miles de pensiones por discapacidad, la directora de acci\u00f3n social, Carina camiletti, se refiri\u00f3 a como es la situaci\u00f3n con vecinos de Roque P\u00e9rez.\u2026","rel":"","context":"En \u00abInter\u00e9s General\u00bb","block_context":{"text":"Inter\u00e9s General","link":"https:\/\/revistagenesis.com\/?cat=1"},"img":{"alt_text":"","src":"https:\/\/i0.wp.com\/revistagenesis.com\/wp-content\/uploads\/2017\/06\/20170614_111947.jpg?fit=1200%2C900&ssl=1&resize=350%2C200","width":350,"height":200,"srcset":"https:\/\/i0.wp.com\/revistagenesis.com\/wp-content\/uploads\/2017\/06\/20170614_111947.jpg?fit=1200%2C900&ssl=1&resize=350%2C200 1x, https:\/\/i0.wp.com\/revistagenesis.com\/wp-content\/uploads\/2017\/06\/20170614_111947.jpg?fit=1200%2C900&ssl=1&resize=525%2C300 1.5x, https:\/\/i0.wp.com\/revistagenesis.com\/wp-content\/uploads\/2017\/06\/20170614_111947.jpg?fit=1200%2C900&ssl=1&resize=700%2C400 2x, https:\/\/i0.wp.com\/revistagenesis.com\/wp-content\/uploads\/2017\/06\/20170614_111947.jpg?fit=1200%2C900&ssl=1&resize=1050%2C600 3x"},"classes":[]}],"jetpack_sharing_enabled":true,"_links":{"self":[{"href":"https:\/\/revistagenesis.com\/index.php?rest_route=\/wp\/v2\/posts\/181378","targetHints":{"allow":["GET"]}}],"collection":[{"href":"https:\/\/revistagenesis.com\/index.php?rest_route=\/wp\/v2\/posts"}],"about":[{"href":"https:\/\/revistagenesis.com\/index.php?rest_route=\/wp\/v2\/types\/post"}],"author":[{"embeddable":true,"href":"https:\/\/revistagenesis.com\/index.php?rest_route=\/wp\/v2\/users\/2"}],"replies":[{"embeddable":true,"href":"https:\/\/revistagenesis.com\/index.php?rest_route=%2Fwp%2Fv2%2Fcomments&post=181378"}],"version-history":[{"count":3,"href":"https:\/\/revistagenesis.com\/index.php?rest_route=\/wp\/v2\/posts\/181378\/revisions"}],"predecessor-version":[{"id":181381,"href":"https:\/\/revistagenesis.com\/index.php?rest_route=\/wp\/v2\/posts\/181378\/revisions\/181381"}],"wp:featuredmedia":[{"embeddable":true,"href":"https:\/\/revistagenesis.com\/index.php?rest_route=\/wp\/v2\/media\/181377"}],"wp:attachment":[{"href":"https:\/\/revistagenesis.com\/index.php?rest_route=%2Fwp%2Fv2%2Fmedia&parent=181378"}],"wp:term":[{"taxonomy":"category","embeddable":true,"href":"https:\/\/revistagenesis.com\/index.php?rest_route=%2Fwp%2Fv2%2Fcategories&post=181378"},{"taxonomy":"post_tag","embeddable":true,"href":"https:\/\/revistagenesis.com\/index.php?rest_route=%2Fwp%2Fv2%2Ftags&post=181378"}],"curies":[{"name":"wp","href":"https:\/\/api.w.org\/{rel}","templated":true}]}}