{"id":181366,"date":"2022-03-11T09:48:42","date_gmt":"2022-03-11T12:48:42","guid":{"rendered":"http:\/\/revistagenesis.com\/?p=181366"},"modified":"2022-03-11T10:00:51","modified_gmt":"2022-03-11T13:00:51","slug":"roque-perez-tendra-un-nuevo-caps-en-calle-don-bosco-y-ausedatt","status":"publish","type":"post","link":"https:\/\/revistagenesis.com\/?p=181366","title":{"rendered":"ROQUE PEREZ TENDRA UN MODERNO CAPS EN CALLE DON BOSCO Y AUSSEDAT"},"content":{"rendered":"\n<p>El Centro de Atenci\u00f3n Primaria de la Salud, contar\u00e1 con 6 consultorios de los cuales 4 ser\u00e1n de atenci\u00f3n general, uno odontol\u00f3gico y uno ginecol\u00f3gico con ba\u00f1o incluido. Los mismos ventilan e iluminan naturalmente y cuentan con mobiliario completo para las y los profesionales, acondicionamiento t\u00e9rmico fr\u00edo\/calor y bacha. La enfermer\u00eda, vacunatorio y la farmacia con el dep\u00f3sito de medicamentos se encuentran cercanos al hall para facilitar la atenci\u00f3n y el expendido de insumos. El CAPS cuenta adem\u00e1s con un S.U.M. el cual tiene acceso independizado para que la comunidad pueda utilizarlo, sanitarios p\u00fablicos, sanitarios adaptados para personas con discapacidad y sanitarios para el personal. Asimismo cuenta con dep\u00f3sitos de uso general, office de personal y de limpieza y una circulaci\u00f3n de servicio con salida directa al exterior que conecta con los dep\u00f3sitos de residuos biopatog\u00e9nicos y residuos domiciliarios. Contiguo a los dep\u00f3sitos de residuos se ubica un local para albergar los tubos de ox\u00edgeno y el grupo electr\u00f3geno de 10 Kva.<\/p>\n\n\n\n<figure class=\"wp-block-image size-large\"><img data-recalc-dims=\"1\" fetchpriority=\"high\" decoding=\"async\" width=\"640\" height=\"480\" src=\"https:\/\/i0.wp.com\/revistagenesis.com\/wp-content\/uploads\/2022\/03\/fb_img_16470016987481428602316049253385.jpg?resize=640%2C480&#038;ssl=1\" alt=\"\" class=\"wp-image-181369\" srcset=\"https:\/\/i0.wp.com\/revistagenesis.com\/wp-content\/uploads\/2022\/03\/fb_img_16470016987481428602316049253385.jpg?w=640&amp;ssl=1 640w, https:\/\/i0.wp.com\/revistagenesis.com\/wp-content\/uploads\/2022\/03\/fb_img_16470016987481428602316049253385.jpg?resize=300%2C225&amp;ssl=1 300w\" sizes=\"(max-width: 640px) 100vw, 640px\" \/><\/figure>\n\n\n\n<p>El acceso se realizar\u00e1 desde la esquina de las calles Don Bosco y Aussedat, se colocar\u00e1 una rampa especialmente dise\u00f1ada con una pendiente del 8%. Las y los pacientes ambulatorios podr\u00e1n acceder al hall de acceso para su posterior derivaci\u00f3n con las y los profesionales de la salud, mientras que el ingreso de pacientes en ambulancia es independiente a trav\u00e9s de un espacio semicubierto con vinculaci\u00f3n directa a la enfermer\u00eda, ingresando desde la calle Don Bosco. Por otra parte, cuenta con otro ingreso de servicio para independizar el acceso de proveedores y mantenimiento general del CAPS.<\/p>\n\n\n\n<p>El edificio tendr\u00e1 sistema de detecci\u00f3n y aviso de incendios, extintores y bocas de incendio, sistema de alarma tipo C.C.T.V. (sistema de vigilancia por video), aires acondicionado split fr\u00edo\/calor, red y rack de datos, sistema de turnera, central y red de telefon\u00eda y red para conexi\u00f3n de TV. Los consultorios y la enfermer\u00eda cuentan con red de gases medicinales para la provisi\u00f3n de ox\u00edgeno.<\/p>\n\n\n\n<figure class=\"wp-block-image size-large\"><img data-recalc-dims=\"1\" decoding=\"async\" width=\"640\" height=\"480\" src=\"https:\/\/i0.wp.com\/revistagenesis.com\/wp-content\/uploads\/2022\/03\/fb_img_16470017039107223116158625151732.jpg?resize=640%2C480&#038;ssl=1\" alt=\"\" class=\"wp-image-181370\" srcset=\"https:\/\/i0.wp.com\/revistagenesis.com\/wp-content\/uploads\/2022\/03\/fb_img_16470017039107223116158625151732.jpg?w=640&amp;ssl=1 640w, https:\/\/i0.wp.com\/revistagenesis.com\/wp-content\/uploads\/2022\/03\/fb_img_16470017039107223116158625151732.jpg?resize=300%2C225&amp;ssl=1 300w\" sizes=\"(max-width: 640px) 100vw, 640px\" \/><\/figure>\n\n\n\n<figure class=\"wp-block-image\"><img data-recalc-dims=\"1\" decoding=\"async\" width=\"640\" height=\"480\" src=\"https:\/\/i0.wp.com\/revistagenesis.com\/wp-content\/uploads\/2022\/03\/fb_img_16470017097661475890623618558511.jpg?resize=640%2C480&#038;ssl=1\" alt=\"\" class=\"wp-image-181371\" srcset=\"https:\/\/i0.wp.com\/revistagenesis.com\/wp-content\/uploads\/2022\/03\/fb_img_16470017097661475890623618558511.jpg?w=640&amp;ssl=1 640w, https:\/\/i0.wp.com\/revistagenesis.com\/wp-content\/uploads\/2022\/03\/fb_img_16470017097661475890623618558511.jpg?resize=300%2C225&amp;ssl=1 300w\" sizes=\"(max-width: 640px) 100vw, 640px\" \/><\/figure>\n\n\n\n<p>Se proveer\u00e1 mobiliario y equipamiento de distinto tipo: mostrador de admisi\u00f3n y farmacia, escritorios, sillas de escritorios, sillas de espera, muebles de guardado, heladeras y anafes el\u00e9ctricos.<\/p>\n\n\n\n<p>Asimismo se proveer\u00e1 equipamiento m\u00e9dico tales como sill\u00f3n odontol\u00f3gico, camilla ginecol\u00f3gica y camillas de consultorio.<\/p>\n\n\n\n<p><\/p>\n\n\n\n<p><\/p>\n","protected":false},"excerpt":{"rendered":"<p>El Centro de Atenci\u00f3n Primaria de la Salud, contar\u00e1 con 6 consultorios de los cuales 4 ser\u00e1n de atenci\u00f3n general, uno odontol\u00f3gico y uno ginecol\u00f3gico con ba\u00f1o incluido. Los mismos ventilan e iluminan naturalmente y cuentan con mobiliario completo para las y los profesionales, acondicionamiento t\u00e9rmico fr\u00edo\/calor y bacha. La enfermer\u00eda, vacunatorio y la farmacia &#8230; <a title=\"ROQUE PEREZ TENDRA UN MODERNO CAPS EN CALLE DON BOSCO Y AUSSEDAT\" class=\"read-more\" href=\"https:\/\/revistagenesis.com\/?p=181366\">Leer mas<\/a><\/p>\n","protected":false},"author":2,"featured_media":181372,"comment_status":"open","ping_status":"open","sticky":false,"template":"","format":"standard","meta":{"jetpack_post_was_ever_published":false,"_jetpack_newsletter_access":"","_jetpack_dont_email_post_to_subs":false,"_jetpack_newsletter_tier_id":0,"_jetpack_memberships_contains_paywalled_content":false,"_jetpack_memberships_contains_paid_content":false,"footnotes":""},"categories":[1],"tags":[],"class_list":["post-181366","post","type-post","status-publish","format-standard","has-post-thumbnail","hentry","category-interes-general"],"jetpack_featured_media_url":"https:\/\/i0.wp.com\/revistagenesis.com\/wp-content\/uploads\/2022\/03\/FB_IMG_1647001698748.jpg?fit=640%2C480&ssl=1","jetpack_likes_enabled":true,"jetpack-related-posts":[{"id":184006,"url":"https:\/\/revistagenesis.com\/?p=184006","url_meta":{"origin":181366,"position":0},"title":"EG\u00dcEN LOGRA QUE LA AYUDANT\u00cdA FISCAL TENGA INMUEBLE PROPIO.","author":"Nicolas Bagliere","date":"24\/10\/2025","format":"image","excerpt":"La gesti\u00f3n del intendente Ramiro Eg\u00fcen consolid\u00f3 este viernes un nuevo hito institucional: por primera vez, la Ayudant\u00eda Fiscal descentralizada de 25 de Mayo contar\u00e1 con un inmueble propio, cedido sin cargo por el municipio y aprobado formalmente por la Procuraci\u00f3n General de la Suprema Corte de Justicia de la\u2026","rel":"","context":"En \u00abPol\u00edtica\u00bb","block_context":{"text":"Pol\u00edtica","link":"https:\/\/revistagenesis.com\/?cat=130"},"img":{"alt_text":"","src":"https:\/\/i0.wp.com\/revistagenesis.com\/wp-content\/uploads\/2025\/10\/IMG-20251024-WA0141.jpg?fit=1200%2C801&ssl=1&resize=350%2C200","width":350,"height":200,"srcset":"https:\/\/i0.wp.com\/revistagenesis.com\/wp-content\/uploads\/2025\/10\/IMG-20251024-WA0141.jpg?fit=1200%2C801&ssl=1&resize=350%2C200 1x, https:\/\/i0.wp.com\/revistagenesis.com\/wp-content\/uploads\/2025\/10\/IMG-20251024-WA0141.jpg?fit=1200%2C801&ssl=1&resize=525%2C300 1.5x, https:\/\/i0.wp.com\/revistagenesis.com\/wp-content\/uploads\/2025\/10\/IMG-20251024-WA0141.jpg?fit=1200%2C801&ssl=1&resize=700%2C400 2x, https:\/\/i0.wp.com\/revistagenesis.com\/wp-content\/uploads\/2025\/10\/IMG-20251024-WA0141.jpg?fit=1200%2C801&ssl=1&resize=1050%2C600 3x"},"classes":[]},{"id":5135,"url":"https:\/\/revistagenesis.com\/?p=5135","url_meta":{"origin":181366,"position":1},"title":"Estreno postergado","author":"Nicolas Bagliere","date":"27\/05\/2016","format":false,"excerpt":"El Intendente Municipal de Roque P\u00e9rez Juan Carlos Gasparini, a trav\u00e9s de la Secretaria de Coordinaci\u00f3n y Gesti\u00f3n municipal profesora Graciana Uruslepo, y por medio de personal perteneciente al municipio, se encuentran llevando a cabo varios trabajos en el play\u00f3n que ser\u00e1 inaugurado con fecha confirmar. Este ptoyecto responde al\u2026","rel":"","context":"En \u00abInter\u00e9s General\u00bb","block_context":{"text":"Inter\u00e9s General","link":"https:\/\/revistagenesis.com\/?cat=1"},"img":{"alt_text":"","src":"https:\/\/i0.wp.com\/revistagenesis.com\/wp-content\/uploads\/2016\/05\/wp-1464375546795.jpg?fit=800%2C600&ssl=1&resize=350%2C200","width":350,"height":200,"srcset":"https:\/\/i0.wp.com\/revistagenesis.com\/wp-content\/uploads\/2016\/05\/wp-1464375546795.jpg?fit=800%2C600&ssl=1&resize=350%2C200 1x, https:\/\/i0.wp.com\/revistagenesis.com\/wp-content\/uploads\/2016\/05\/wp-1464375546795.jpg?fit=800%2C600&ssl=1&resize=525%2C300 1.5x, https:\/\/i0.wp.com\/revistagenesis.com\/wp-content\/uploads\/2016\/05\/wp-1464375546795.jpg?fit=800%2C600&ssl=1&resize=700%2C400 2x"},"classes":[]},{"id":10695,"url":"https:\/\/revistagenesis.com\/?p=10695","url_meta":{"origin":181366,"position":2},"title":"Nuevas tribunas para el club Alumni","author":"Nicolas Bagliere","date":"22\/06\/2017","format":false,"excerpt":"Ya comenzaron las obras para construir un sector de tribunas en el estadio Alfredo Cejas. Seran dos tribunas que van a estar ubicadas en los laterales de la cancha. La primera de ellas, como se puede apreciar, estara ubica entre la cantina y la cancha de cesped sintetico. La otra\u2026","rel":"","context":"En \u00abInter\u00e9s General\u00bb","block_context":{"text":"Inter\u00e9s General","link":"https:\/\/revistagenesis.com\/?cat=1"},"img":{"alt_text":"","src":"https:\/\/i0.wp.com\/revistagenesis.com\/wp-content\/uploads\/2017\/06\/FB_IMG_1498142513635.jpg?fit=720%2C510&ssl=1&resize=350%2C200","width":350,"height":200,"srcset":"https:\/\/i0.wp.com\/revistagenesis.com\/wp-content\/uploads\/2017\/06\/FB_IMG_1498142513635.jpg?fit=720%2C510&ssl=1&resize=350%2C200 1x, https:\/\/i0.wp.com\/revistagenesis.com\/wp-content\/uploads\/2017\/06\/FB_IMG_1498142513635.jpg?fit=720%2C510&ssl=1&resize=525%2C300 1.5x, https:\/\/i0.wp.com\/revistagenesis.com\/wp-content\/uploads\/2017\/06\/FB_IMG_1498142513635.jpg?fit=720%2C510&ssl=1&resize=700%2C400 2x"},"classes":[]},{"id":180674,"url":"https:\/\/revistagenesis.com\/?p=180674","url_meta":{"origin":181366,"position":3},"title":"ROQUE PEREZ VUELVE A FASE 2 . \u00bfCUALES SON LAS RESTRICCIONES?","author":"Nicolas Bagliere","date":"21\/05\/2021","format":false,"excerpt":"En la conferencia de prensa de esta tarde, el gobernador bonaerense, Axel Kicillof, inform\u00f3 que las restricciones m\u00e1s estrictas que se aplicar\u00e1n en el territorio son para los municipios que se encuentran en Fase 2 (Roque P\u00e9rez) y Fase 3. Cu\u00e1les quedan fuera y cu\u00e1les dentro. ? A PARTIR DE\u2026","rel":"","context":"En \u00abInter\u00e9s General\u00bb","block_context":{"text":"Inter\u00e9s General","link":"https:\/\/revistagenesis.com\/?cat=1"},"img":{"alt_text":"","src":"https:\/\/i0.wp.com\/revistagenesis.com\/wp-content\/uploads\/2021\/04\/20150815_120613-660x330-16574592470951085497.jpg?fit=660%2C330&ssl=1&resize=350%2C200","width":350,"height":200,"srcset":"https:\/\/i0.wp.com\/revistagenesis.com\/wp-content\/uploads\/2021\/04\/20150815_120613-660x330-16574592470951085497.jpg?fit=660%2C330&ssl=1&resize=350%2C200 1x, https:\/\/i0.wp.com\/revistagenesis.com\/wp-content\/uploads\/2021\/04\/20150815_120613-660x330-16574592470951085497.jpg?fit=660%2C330&ssl=1&resize=525%2C300 1.5x"},"classes":[]},{"id":3887,"url":"https:\/\/revistagenesis.com\/?p=3887","url_meta":{"origin":181366,"position":4},"title":"M\u00e1s de 500 familias colaboraron con la escuela N\u00b0 2","author":"Nicolas Bagliere","date":"01\/03\/2016","format":false,"excerpt":"\u00a0 La E.P N\u00b0 2 termin\u00f3 la etapa de construcci\u00f3n del pared\u00f3n perimetral y refacci\u00f3n del patio, dos espacios que necesita tener en condiciones para el arranque del ciclo lectivo. El dinero se reuni\u00f3, en gran parte, gracias a la respuesta de la comunidad. LA directora de la escuela, Marita\u2026","rel":"","context":"En \u00abInter\u00e9s General\u00bb","block_context":{"text":"Inter\u00e9s General","link":"https:\/\/revistagenesis.com\/?cat=1"},"img":{"alt_text":"","src":"https:\/\/i0.wp.com\/revistagenesis.com\/wp-content\/uploads\/2016\/03\/DSC_0002.jpg?fit=1200%2C795&ssl=1&resize=350%2C200","width":350,"height":200,"srcset":"https:\/\/i0.wp.com\/revistagenesis.com\/wp-content\/uploads\/2016\/03\/DSC_0002.jpg?fit=1200%2C795&ssl=1&resize=350%2C200 1x, https:\/\/i0.wp.com\/revistagenesis.com\/wp-content\/uploads\/2016\/03\/DSC_0002.jpg?fit=1200%2C795&ssl=1&resize=525%2C300 1.5x, https:\/\/i0.wp.com\/revistagenesis.com\/wp-content\/uploads\/2016\/03\/DSC_0002.jpg?fit=1200%2C795&ssl=1&resize=700%2C400 2x, https:\/\/i0.wp.com\/revistagenesis.com\/wp-content\/uploads\/2016\/03\/DSC_0002.jpg?fit=1200%2C795&ssl=1&resize=1050%2C600 3x"},"classes":[]},{"id":1582,"url":"https:\/\/revistagenesis.com\/?p=1582","url_meta":{"origin":181366,"position":5},"title":"Abri\u00f3 sus puertas Pork&#8217;is","author":"Nicolas Bagliere","date":"29\/05\/2015","format":false,"excerpt":"Es un nuevo emprendimiento, ubicado en calle Mitre 1464, de Marcos Ruzzi y Mariano Gorosito, que junto con Marcela Caro estar\u00e1n en la atenci\u00f3n. La firma ofrece cortes de cerdo, frutas, verduras y anexo de despensa. Adem\u00e1s se puede llevar alg\u00fan \u00a0sandwich \u00a0de Jam\u00f3n Crudo, con Queso Sardo y Longaniza.\u2026","rel":"","context":"En \u00abInter\u00e9s General\u00bb","block_context":{"text":"Inter\u00e9s General","link":"https:\/\/revistagenesis.com\/?cat=1"},"img":{"alt_text":"DSC_0757","src":"https:\/\/i0.wp.com\/www.revistagenesis.com\/wp-content\/uploads\/2015\/05\/DSC_0757-300x199.jpg?resize=350%2C200","width":350,"height":200},"classes":[]}],"jetpack_sharing_enabled":true,"_links":{"self":[{"href":"https:\/\/revistagenesis.com\/index.php?rest_route=\/wp\/v2\/posts\/181366","targetHints":{"allow":["GET"]}}],"collection":[{"href":"https:\/\/revistagenesis.com\/index.php?rest_route=\/wp\/v2\/posts"}],"about":[{"href":"https:\/\/revistagenesis.com\/index.php?rest_route=\/wp\/v2\/types\/post"}],"author":[{"embeddable":true,"href":"https:\/\/revistagenesis.com\/index.php?rest_route=\/wp\/v2\/users\/2"}],"replies":[{"embeddable":true,"href":"https:\/\/revistagenesis.com\/index.php?rest_route=%2Fwp%2Fv2%2Fcomments&post=181366"}],"version-history":[{"count":3,"href":"https:\/\/revistagenesis.com\/index.php?rest_route=\/wp\/v2\/posts\/181366\/revisions"}],"predecessor-version":[{"id":181375,"href":"https:\/\/revistagenesis.com\/index.php?rest_route=\/wp\/v2\/posts\/181366\/revisions\/181375"}],"wp:featuredmedia":[{"embeddable":true,"href":"https:\/\/revistagenesis.com\/index.php?rest_route=\/wp\/v2\/media\/181372"}],"wp:attachment":[{"href":"https:\/\/revistagenesis.com\/index.php?rest_route=%2Fwp%2Fv2%2Fmedia&parent=181366"}],"wp:term":[{"taxonomy":"category","embeddable":true,"href":"https:\/\/revistagenesis.com\/index.php?rest_route=%2Fwp%2Fv2%2Fcategories&post=181366"},{"taxonomy":"post_tag","embeddable":true,"href":"https:\/\/revistagenesis.com\/index.php?rest_route=%2Fwp%2Fv2%2Ftags&post=181366"}],"curies":[{"name":"wp","href":"https:\/\/api.w.org\/{rel}","templated":true}]}}