{"id":181356,"date":"2022-03-10T00:26:05","date_gmt":"2022-03-10T03:26:05","guid":{"rendered":"http:\/\/revistagenesis.com\/?p=181356"},"modified":"2022-03-10T00:45:03","modified_gmt":"2022-03-10T03:45:03","slug":"ruta-205-concejales-de-juntos-piden-una-correcta-senalizacion","status":"publish","type":"post","link":"https:\/\/revistagenesis.com\/?p=181356","title":{"rendered":"RUTA 205 : CONCEJALES DE JUNTOS PIDEN UNA CORRECTA SE\u00d1ALIZACION."},"content":{"rendered":"\n<p>En la sesi\u00f3n del martes por la noche, el Bloque de concejales de Juntos-Coalici\u00f3n Civica-Pro, present\u00f3 un proyecto de Ordenanza para que la ruta 205, especialmente del km 140 al 145, cuente con la se\u00f1alizaci\u00f3n horizontal que corresponde para transitar en una ruta segura.<\/p>\n\n\n\n<p>El concejal Jorge Cravero, dio los detalles de este pedido.<\/p>\n\n\n\n<figure class=\"wp-block-image size-large\"><img data-recalc-dims=\"1\" fetchpriority=\"high\" decoding=\"async\" width=\"1024\" height=\"768\" src=\"https:\/\/i0.wp.com\/revistagenesis.com\/wp-content\/uploads\/2022\/03\/20220308_2149118687226146436074641.jpg?resize=1024%2C768&#038;ssl=1\" alt=\"\" class=\"wp-image-181361\" srcset=\"https:\/\/i0.wp.com\/revistagenesis.com\/wp-content\/uploads\/2022\/03\/20220308_2149118687226146436074641-scaled.jpg?resize=1024%2C768&amp;ssl=1 1024w, https:\/\/i0.wp.com\/revistagenesis.com\/wp-content\/uploads\/2022\/03\/20220308_2149118687226146436074641-scaled.jpg?resize=300%2C225&amp;ssl=1 300w, https:\/\/i0.wp.com\/revistagenesis.com\/wp-content\/uploads\/2022\/03\/20220308_2149118687226146436074641-scaled.jpg?resize=768%2C576&amp;ssl=1 768w, https:\/\/i0.wp.com\/revistagenesis.com\/wp-content\/uploads\/2022\/03\/20220308_2149118687226146436074641-scaled.jpg?resize=1536%2C1152&amp;ssl=1 1536w, https:\/\/i0.wp.com\/revistagenesis.com\/wp-content\/uploads\/2022\/03\/20220308_2149118687226146436074641-scaled.jpg?resize=2048%2C1536&amp;ssl=1 2048w, https:\/\/i0.wp.com\/revistagenesis.com\/wp-content\/uploads\/2022\/03\/20220308_2149118687226146436074641-scaled.jpg?w=2400&amp;ssl=1 2400w\" sizes=\"(max-width: 1024px) 100vw, 1024px\" \/><\/figure>\n\n\n\n<p><iframe title=\"CONCEJALES DE JUNTOS PIDEN LA CORRECTA SE\u00d1ALIZACION DE LA 205.\" width=\"1200\" height=\"675\" src=\"https:\/\/www.youtube.com\/embed\/xsaje-s1v3g?feature=oembed\" frameborder=\"0\" allow=\"accelerometer; autoplay; clipboard-write; encrypted-media; gyroscope; picture-in-picture\" allowfullscreen><\/iframe><\/p>\n\n\n\n<figure class=\"wp-block-image size-large\"><img data-recalc-dims=\"1\" decoding=\"async\" width=\"544\" height=\"324\" src=\"https:\/\/i0.wp.com\/revistagenesis.com\/wp-content\/uploads\/2022\/03\/wp-16467877953498479292350057800350.jpg?resize=544%2C324&#038;ssl=1\" alt=\"\" class=\"wp-image-181355\" srcset=\"https:\/\/i0.wp.com\/revistagenesis.com\/wp-content\/uploads\/2022\/03\/wp-16467877953498479292350057800350.jpg?w=544&amp;ssl=1 544w, https:\/\/i0.wp.com\/revistagenesis.com\/wp-content\/uploads\/2022\/03\/wp-16467877953498479292350057800350.jpg?resize=300%2C179&amp;ssl=1 300w\" sizes=\"(max-width: 544px) 100vw, 544px\" \/><\/figure>\n\n\n","protected":false},"excerpt":{"rendered":"<p>En la sesi\u00f3n del martes por la noche, el Bloque de concejales de Juntos-Coalici\u00f3n Civica-Pro, present\u00f3 un proyecto de Ordenanza para que la ruta 205, especialmente del km 140 al 145, cuente con la se\u00f1alizaci\u00f3n horizontal que corresponde para transitar en una ruta segura. El concejal Jorge Cravero, dio los detalles de este pedido.<\/p>\n","protected":false},"author":2,"featured_media":181362,"comment_status":"open","ping_status":"open","sticky":false,"template":"","format":"standard","meta":{"jetpack_post_was_ever_published":false,"_jetpack_newsletter_access":"","_jetpack_dont_email_post_to_subs":false,"_jetpack_newsletter_tier_id":0,"_jetpack_memberships_contains_paywalled_content":false,"_jetpack_memberships_contains_paid_content":false,"footnotes":""},"categories":[1],"tags":[116],"class_list":["post-181356","post","type-post","status-publish","format-standard","has-post-thumbnail","hentry","category-interes-general","tag-ruta-205-ruta-segura-senalizacion"],"jetpack_featured_media_url":"https:\/\/i0.wp.com\/revistagenesis.com\/wp-content\/uploads\/2022\/03\/20220308_214911-1-scaled.jpg?fit=2560%2C1920&ssl=1","jetpack_likes_enabled":true,"jetpack-related-posts":[{"id":9481,"url":"https:\/\/revistagenesis.com\/?p=9481","url_meta":{"origin":181356,"position":0},"title":"Ruta N\u00b0 205 sin se\u00f1alizaci\u00f3n","author":"Nicolas Bagliere","date":"28\/04\/2017","format":false,"excerpt":"\u00a0 \u00a0 Las obra de repavimentaci\u00f3n en la\u00a0 Ruta Nacional N\u00b0205 no cuenta con su respectiva se\u00f1alizaci\u00f3n, lo que genera un gran malestar en los vecinos que deben transitarla a diario En reiteradas oportunidades se trat\u00f3 de comunicar con la Direcci\u00f3n de Vialidad Nacional para\u00a0 saber cu\u00e1ndo \u00a0se colocaran las\u2026","rel":"","context":"En \u00abInter\u00e9s General\u00bb","block_context":{"text":"Inter\u00e9s General","link":"https:\/\/revistagenesis.com\/?cat=1"},"img":{"alt_text":"","src":"https:\/\/i0.wp.com\/revistagenesis.com\/wp-content\/uploads\/2017\/04\/ruta-sin-se%C3%B1alizacion-1.jpg?fit=960%2C720&ssl=1&resize=350%2C200","width":350,"height":200,"srcset":"https:\/\/i0.wp.com\/revistagenesis.com\/wp-content\/uploads\/2017\/04\/ruta-sin-se%C3%B1alizacion-1.jpg?fit=960%2C720&ssl=1&resize=350%2C200 1x, https:\/\/i0.wp.com\/revistagenesis.com\/wp-content\/uploads\/2017\/04\/ruta-sin-se%C3%B1alizacion-1.jpg?fit=960%2C720&ssl=1&resize=525%2C300 1.5x, https:\/\/i0.wp.com\/revistagenesis.com\/wp-content\/uploads\/2017\/04\/ruta-sin-se%C3%B1alizacion-1.jpg?fit=960%2C720&ssl=1&resize=700%2C400 2x"},"classes":[]},{"id":181250,"url":"https:\/\/revistagenesis.com\/?p=181250","url_meta":{"origin":181356,"position":1},"title":"CANSADOS DE PROMESAS, VECINOS PIDEN POR LA AUTOVIA DE LA RUTA 205","author":"Nicolas Bagliere","date":"24\/01\/2022","format":false,"excerpt":"En el mes de Enero, la Ruta Nacional 205, se ha cobrado la vida de familias enteras en diferentes accidentes de tr\u00e1nsito.Cada d\u00eda se hace m\u00e1s complejo transitar por esta ruta que re\u00fane un importante caudal de veh\u00edculos que carece de doble mano. A ra\u00edz de esta problem\u00e1tica, vecinos autoconvocados\u2026","rel":"","context":"En \u00abInter\u00e9s General\u00bb","block_context":{"text":"Inter\u00e9s General","link":"https:\/\/revistagenesis.com\/?cat=1"},"img":{"alt_text":"","src":"https:\/\/i0.wp.com\/revistagenesis.com\/wp-content\/uploads\/2022\/01\/0_20220119_193443_watermark_lun._24012022_161719-scaled.jpg?fit=1200%2C737&ssl=1&resize=350%2C200","width":350,"height":200,"srcset":"https:\/\/i0.wp.com\/revistagenesis.com\/wp-content\/uploads\/2022\/01\/0_20220119_193443_watermark_lun._24012022_161719-scaled.jpg?fit=1200%2C737&ssl=1&resize=350%2C200 1x, https:\/\/i0.wp.com\/revistagenesis.com\/wp-content\/uploads\/2022\/01\/0_20220119_193443_watermark_lun._24012022_161719-scaled.jpg?fit=1200%2C737&ssl=1&resize=525%2C300 1.5x, https:\/\/i0.wp.com\/revistagenesis.com\/wp-content\/uploads\/2022\/01\/0_20220119_193443_watermark_lun._24012022_161719-scaled.jpg?fit=1200%2C737&ssl=1&resize=700%2C400 2x, https:\/\/i0.wp.com\/revistagenesis.com\/wp-content\/uploads\/2022\/01\/0_20220119_193443_watermark_lun._24012022_161719-scaled.jpg?fit=1200%2C737&ssl=1&resize=1050%2C600 3x"},"classes":[]},{"id":182284,"url":"https:\/\/revistagenesis.com\/?p=182284","url_meta":{"origin":181356,"position":2},"title":"\u00abEXIGIMOS \u00a1AUTOVIA YA! PARA LA RUTA 205\u00bb.","author":"Nicolas Bagliere","date":"19\/04\/2023","format":false,"excerpt":"Integrantes del grupo de autoconvocados\u00a0\u00a0\u201cRuta205_Autopista Ya!\u201d que trabaja desde hace mucho tiempo, enviaron a los medios un mapa que muestra, lamentablemente, una\u00a0\u00a0cantidad innumerable de\u00a0\u00a0accidentes, aunque no todos, en la Ruta Nacional 205, los cuales se han cobrado la vida de muchas personas. (Se puede acceder a fotos e informaci\u00f3n de\u2026","rel":"","context":"En \u00abInter\u00e9s General\u00bb","block_context":{"text":"Inter\u00e9s General","link":"https:\/\/revistagenesis.com\/?cat=1"},"img":{"alt_text":"","src":"https:\/\/i0.wp.com\/revistagenesis.com\/wp-content\/uploads\/2023\/04\/5ACtvi-HXCF6MDiFF3NZc8So0zJEP2ZsaXKIvVqkouA-HKfQ21iEi4Dh7lGsRYS0bALANh41NosHtC4oXinwY6cdUQbE8sERPo2u-1pxh-OCdeut30BaKWbPI1GKkCdEra2Db_MTV9Sbl-WUQY-Nt08ZN4my69sddZ9lpGdOAt0r09rLt5pdOpv_iv6AmfcF0_9t.png?fit=887%2C665&ssl=1&resize=350%2C200","width":350,"height":200,"srcset":"https:\/\/i0.wp.com\/revistagenesis.com\/wp-content\/uploads\/2023\/04\/5ACtvi-HXCF6MDiFF3NZc8So0zJEP2ZsaXKIvVqkouA-HKfQ21iEi4Dh7lGsRYS0bALANh41NosHtC4oXinwY6cdUQbE8sERPo2u-1pxh-OCdeut30BaKWbPI1GKkCdEra2Db_MTV9Sbl-WUQY-Nt08ZN4my69sddZ9lpGdOAt0r09rLt5pdOpv_iv6AmfcF0_9t.png?fit=887%2C665&ssl=1&resize=350%2C200 1x, https:\/\/i0.wp.com\/revistagenesis.com\/wp-content\/uploads\/2023\/04\/5ACtvi-HXCF6MDiFF3NZc8So0zJEP2ZsaXKIvVqkouA-HKfQ21iEi4Dh7lGsRYS0bALANh41NosHtC4oXinwY6cdUQbE8sERPo2u-1pxh-OCdeut30BaKWbPI1GKkCdEra2Db_MTV9Sbl-WUQY-Nt08ZN4my69sddZ9lpGdOAt0r09rLt5pdOpv_iv6AmfcF0_9t.png?fit=887%2C665&ssl=1&resize=525%2C300 1.5x, https:\/\/i0.wp.com\/revistagenesis.com\/wp-content\/uploads\/2023\/04\/5ACtvi-HXCF6MDiFF3NZc8So0zJEP2ZsaXKIvVqkouA-HKfQ21iEi4Dh7lGsRYS0bALANh41NosHtC4oXinwY6cdUQbE8sERPo2u-1pxh-OCdeut30BaKWbPI1GKkCdEra2Db_MTV9Sbl-WUQY-Nt08ZN4my69sddZ9lpGdOAt0r09rLt5pdOpv_iv6AmfcF0_9t.png?fit=887%2C665&ssl=1&resize=700%2C400 2x"},"classes":[]},{"id":178781,"url":"https:\/\/revistagenesis.com\/?p=178781","url_meta":{"origin":181356,"position":3},"title":"DESPISTE DE UN CAMI\u00d3N EN EL KM 143 DE LA RUTA 205","author":"Nicolas Bagliere","date":"28\/04\/2020","format":"image","excerpt":"Este martes, fueron convocados los Bomberos Voluntarios y personal policial por un despiste de cami\u00f3n con cereal con destino a la estancia La Biznaga, en el km 143 de ruta 205. El ch\u00f3fer, que trabaja en Del Carril expres\u00f3 que \"tras morder la banquina, evit\u00e9 que el cami\u00f3n volcara, quedando\u2026","rel":"","context":"En \u00abInter\u00e9s General\u00bb","block_context":{"text":"Inter\u00e9s General","link":"https:\/\/revistagenesis.com\/?cat=1"},"img":{"alt_text":"","src":"https:\/\/i0.wp.com\/revistagenesis.com\/wp-content\/uploads\/2020\/04\/IMG-20200428-WA0216.jpg?fit=1032%2C477&ssl=1&resize=350%2C200","width":350,"height":200,"srcset":"https:\/\/i0.wp.com\/revistagenesis.com\/wp-content\/uploads\/2020\/04\/IMG-20200428-WA0216.jpg?fit=1032%2C477&ssl=1&resize=350%2C200 1x, https:\/\/i0.wp.com\/revistagenesis.com\/wp-content\/uploads\/2020\/04\/IMG-20200428-WA0216.jpg?fit=1032%2C477&ssl=1&resize=525%2C300 1.5x, https:\/\/i0.wp.com\/revistagenesis.com\/wp-content\/uploads\/2020\/04\/IMG-20200428-WA0216.jpg?fit=1032%2C477&ssl=1&resize=700%2C400 2x"},"classes":[]},{"id":181749,"url":"https:\/\/revistagenesis.com\/?p=181749","url_meta":{"origin":181356,"position":4},"title":"FATAL ACCIDENTE EN LA RUTA 205","author":"Nicolas Bagliere","date":"27\/07\/2022","format":"image","excerpt":"Este miercoles, pasadas las 18.30 ,se produjo un choque frontal entre un cami\u00f3n y una camioneta utilitaria del que resultaron dos personas fallecidas que quedaron atrapadas en el utilitario. El cami\u00f3n circulaba en sentido Capital Federal- Saladillo y la camioneta en sentido contrario. En el lugar, trabajaron Bomberos Voluntarios de\u2026","rel":"","context":"En \u00abInter\u00e9s General\u00bb","block_context":{"text":"Inter\u00e9s General","link":"https:\/\/revistagenesis.com\/?cat=1"},"img":{"alt_text":"","src":"https:\/\/i0.wp.com\/revistagenesis.com\/wp-content\/uploads\/2022\/07\/0_IMG-20220727-WA0209_watermark_miC3A9._27072022_203743.jpg?fit=1032%2C774&ssl=1&resize=350%2C200","width":350,"height":200,"srcset":"https:\/\/i0.wp.com\/revistagenesis.com\/wp-content\/uploads\/2022\/07\/0_IMG-20220727-WA0209_watermark_miC3A9._27072022_203743.jpg?fit=1032%2C774&ssl=1&resize=350%2C200 1x, https:\/\/i0.wp.com\/revistagenesis.com\/wp-content\/uploads\/2022\/07\/0_IMG-20220727-WA0209_watermark_miC3A9._27072022_203743.jpg?fit=1032%2C774&ssl=1&resize=525%2C300 1.5x, https:\/\/i0.wp.com\/revistagenesis.com\/wp-content\/uploads\/2022\/07\/0_IMG-20220727-WA0209_watermark_miC3A9._27072022_203743.jpg?fit=1032%2C774&ssl=1&resize=700%2C400 2x"},"classes":[]},{"id":170899,"url":"https:\/\/revistagenesis.com\/?p=170899","url_meta":{"origin":181356,"position":5},"title":"Violento choque en la ruta 205","author":"Nicolas Bagliere","date":"04\/09\/2018","format":false,"excerpt":"Esta martes, cerca de las 08 hs, se produjo un fuerte choque en el km 125 de la ruta 205, en donde chocaron un m\u00f3vil policial de Comando de Patrulla Rural de Saladillo y una Ford F 100. En el movil policial, viajaban tres efectivos, dos de ellos son los\u2026","rel":"","context":"En \u00abInter\u00e9s General\u00bb","block_context":{"text":"Inter\u00e9s General","link":"https:\/\/revistagenesis.com\/?cat=1"},"img":{"alt_text":"","src":"https:\/\/i0.wp.com\/revistagenesis.com\/wp-content\/uploads\/2018\/09\/IMG-20180904-WA0002.jpg?fit=1152%2C648&ssl=1&resize=350%2C200","width":350,"height":200,"srcset":"https:\/\/i0.wp.com\/revistagenesis.com\/wp-content\/uploads\/2018\/09\/IMG-20180904-WA0002.jpg?fit=1152%2C648&ssl=1&resize=350%2C200 1x, https:\/\/i0.wp.com\/revistagenesis.com\/wp-content\/uploads\/2018\/09\/IMG-20180904-WA0002.jpg?fit=1152%2C648&ssl=1&resize=525%2C300 1.5x, https:\/\/i0.wp.com\/revistagenesis.com\/wp-content\/uploads\/2018\/09\/IMG-20180904-WA0002.jpg?fit=1152%2C648&ssl=1&resize=700%2C400 2x, https:\/\/i0.wp.com\/revistagenesis.com\/wp-content\/uploads\/2018\/09\/IMG-20180904-WA0002.jpg?fit=1152%2C648&ssl=1&resize=1050%2C600 3x"},"classes":[]}],"jetpack_sharing_enabled":true,"_links":{"self":[{"href":"https:\/\/revistagenesis.com\/index.php?rest_route=\/wp\/v2\/posts\/181356","targetHints":{"allow":["GET"]}}],"collection":[{"href":"https:\/\/revistagenesis.com\/index.php?rest_route=\/wp\/v2\/posts"}],"about":[{"href":"https:\/\/revistagenesis.com\/index.php?rest_route=\/wp\/v2\/types\/post"}],"author":[{"embeddable":true,"href":"https:\/\/revistagenesis.com\/index.php?rest_route=\/wp\/v2\/users\/2"}],"replies":[{"embeddable":true,"href":"https:\/\/revistagenesis.com\/index.php?rest_route=%2Fwp%2Fv2%2Fcomments&post=181356"}],"version-history":[{"count":4,"href":"https:\/\/revistagenesis.com\/index.php?rest_route=\/wp\/v2\/posts\/181356\/revisions"}],"predecessor-version":[{"id":181364,"href":"https:\/\/revistagenesis.com\/index.php?rest_route=\/wp\/v2\/posts\/181356\/revisions\/181364"}],"wp:featuredmedia":[{"embeddable":true,"href":"https:\/\/revistagenesis.com\/index.php?rest_route=\/wp\/v2\/media\/181362"}],"wp:attachment":[{"href":"https:\/\/revistagenesis.com\/index.php?rest_route=%2Fwp%2Fv2%2Fmedia&parent=181356"}],"wp:term":[{"taxonomy":"category","embeddable":true,"href":"https:\/\/revistagenesis.com\/index.php?rest_route=%2Fwp%2Fv2%2Fcategories&post=181356"},{"taxonomy":"post_tag","embeddable":true,"href":"https:\/\/revistagenesis.com\/index.php?rest_route=%2Fwp%2Fv2%2Ftags&post=181356"}],"curies":[{"name":"wp","href":"https:\/\/api.w.org\/{rel}","templated":true}]}}