{"id":181354,"date":"2022-03-08T23:52:34","date_gmt":"2022-03-09T02:52:34","guid":{"rendered":"http:\/\/revistagenesis.com\/?p=181354"},"modified":"2022-03-08T23:54:52","modified_gmt":"2022-03-09T02:54:52","slug":"mensaje-por-el-dia-internacional-de-la-mujer-de-la-concejal-jimena-lucesole","status":"publish","type":"post","link":"https:\/\/revistagenesis.com\/?p=181354","title":{"rendered":"MENSAJE POR EL DIA INTERNACIONAL DE LA MUJER DE LA CONCEJAL JIMENA LUCESOLE."},"content":{"rendered":"\n<figure class=\"wp-block-image size-large\"><img data-recalc-dims=\"1\" fetchpriority=\"high\" decoding=\"async\" width=\"1024\" height=\"768\" src=\"https:\/\/i0.wp.com\/revistagenesis.com\/wp-content\/uploads\/2022\/03\/20220308_2040394401963918274078297.jpg?resize=1024%2C768&#038;ssl=1\" alt=\"\" class=\"wp-image-181353\" srcset=\"https:\/\/i0.wp.com\/revistagenesis.com\/wp-content\/uploads\/2022\/03\/20220308_2040394401963918274078297-scaled.jpg?resize=1024%2C768&amp;ssl=1 1024w, https:\/\/i0.wp.com\/revistagenesis.com\/wp-content\/uploads\/2022\/03\/20220308_2040394401963918274078297-scaled.jpg?resize=300%2C225&amp;ssl=1 300w, https:\/\/i0.wp.com\/revistagenesis.com\/wp-content\/uploads\/2022\/03\/20220308_2040394401963918274078297-scaled.jpg?resize=768%2C576&amp;ssl=1 768w, https:\/\/i0.wp.com\/revistagenesis.com\/wp-content\/uploads\/2022\/03\/20220308_2040394401963918274078297-scaled.jpg?resize=1536%2C1152&amp;ssl=1 1536w, https:\/\/i0.wp.com\/revistagenesis.com\/wp-content\/uploads\/2022\/03\/20220308_2040394401963918274078297-scaled.jpg?resize=2048%2C1536&amp;ssl=1 2048w, https:\/\/i0.wp.com\/revistagenesis.com\/wp-content\/uploads\/2022\/03\/20220308_2040394401963918274078297-scaled.jpg?w=2400&amp;ssl=1 2400w\" sizes=\"(max-width: 1024px) 100vw, 1024px\" \/><\/figure>\n\n\n\n<p>En la sesi\u00f3n del martes por la noche, la concejal  Frente de Todos, Jimena Lucesole, mediante una moci\u00f3n de privilegio, expres\u00f3 un mensaje por el D\u00eda Internacional de la Mujer.<\/p>\n\n\n\n<p><iframe title=\"DIA INTERNACIONAL DE LA MUJER: LA PALABRA DE LA CONCEJAL JIMENA LUCESOLE.\" width=\"1200\" height=\"675\" src=\"https:\/\/www.youtube.com\/embed\/C_R5Uu9UO0k?feature=oembed\" frameborder=\"0\" allow=\"accelerometer; autoplay; clipboard-write; encrypted-media; gyroscope; picture-in-picture\" allowfullscreen><\/iframe><\/p>\n","protected":false},"excerpt":{"rendered":"<p>En la sesi\u00f3n del martes por la noche, la concejal Frente de Todos, Jimena Lucesole, mediante una moci\u00f3n de privilegio, expres\u00f3 un mensaje por el D\u00eda Internacional de la Mujer.<\/p>\n","protected":false},"author":2,"featured_media":181357,"comment_status":"open","ping_status":"open","sticky":false,"template":"","format":"standard","meta":{"jetpack_post_was_ever_published":false,"_jetpack_newsletter_access":"","_jetpack_dont_email_post_to_subs":false,"_jetpack_newsletter_tier_id":0,"_jetpack_memberships_contains_paywalled_content":false,"_jetpack_memberships_contains_paid_content":false,"footnotes":""},"categories":[1],"tags":[],"class_list":["post-181354","post","type-post","status-publish","format-standard","has-post-thumbnail","hentry","category-interes-general"],"jetpack_featured_media_url":"https:\/\/i0.wp.com\/revistagenesis.com\/wp-content\/uploads\/2022\/03\/20220308_204039-scaled.jpg?fit=2560%2C1920&ssl=1","jetpack_likes_enabled":true,"jetpack-related-posts":[{"id":179467,"url":"https:\/\/revistagenesis.com\/?p=179467","url_meta":{"origin":181354,"position":0},"title":"\u00abJUANA AZURDUY\u00bb LA MUESTRA DEL JARDIN N\u00b0901 PARA ESTE 9 DE JULIO.","author":"Nicolas Bagliere","date":"08\/07\/2020","format":"image","excerpt":"Este mediod\u00eda, estuvimos en el Centro Cultural de Roque Perez, donde se expone, a modo de vidriera, una muestra que surgi\u00f3 de un proyecto que reivindica el rol de la mujer en los acontecimientos previos a la declaraci\u00f3n de la Independencia. Hablamos con las docentes, Marcela L\u00f3pez, Adriana Muro, Georgina\u2026","rel":"","context":"En \u00abInter\u00e9s General\u00bb","block_context":{"text":"Inter\u00e9s General","link":"https:\/\/revistagenesis.com\/?cat=1"},"img":{"alt_text":"","src":"https:\/\/i0.wp.com\/revistagenesis.com\/wp-content\/uploads\/2020\/07\/20200708_140058-1-scaled.jpg?fit=1200%2C900&ssl=1&resize=350%2C200","width":350,"height":200,"srcset":"https:\/\/i0.wp.com\/revistagenesis.com\/wp-content\/uploads\/2020\/07\/20200708_140058-1-scaled.jpg?fit=1200%2C900&ssl=1&resize=350%2C200 1x, https:\/\/i0.wp.com\/revistagenesis.com\/wp-content\/uploads\/2020\/07\/20200708_140058-1-scaled.jpg?fit=1200%2C900&ssl=1&resize=525%2C300 1.5x, https:\/\/i0.wp.com\/revistagenesis.com\/wp-content\/uploads\/2020\/07\/20200708_140058-1-scaled.jpg?fit=1200%2C900&ssl=1&resize=700%2C400 2x, https:\/\/i0.wp.com\/revistagenesis.com\/wp-content\/uploads\/2020\/07\/20200708_140058-1-scaled.jpg?fit=1200%2C900&ssl=1&resize=1050%2C600 3x"},"classes":[]},{"id":171337,"url":"https:\/\/revistagenesis.com\/?p=171337","url_meta":{"origin":181354,"position":1},"title":"Fatal accidente en la ruta 205: 4 fallecidos","author":"Nicolas Bagliere","date":"10\/11\/2018","format":false,"excerpt":"El joven Franco Lucesole, de Salvador Mar\u00eda, conduc\u00eda uno de los veh\u00edculos involucrados. Esta ma\u00f1ana, en la Ruta 205, altura de la estaci\u00f3n de servicio entre Lobos y el acceso a la Laguna, chocaron frontalmente una Peugeot Partner negra, patente AA143WA en la que viajaban cinco personas, y una Toyota\u2026","rel":"","context":"En \u00abInter\u00e9s General\u00bb","block_context":{"text":"Inter\u00e9s General","link":"https:\/\/revistagenesis.com\/?cat=1"},"img":{"alt_text":"","src":"https:\/\/i0.wp.com\/revistagenesis.com\/wp-content\/uploads\/2018\/11\/IMG-20181110-WA0019.jpg?fit=1024%2C768&ssl=1&resize=350%2C200","width":350,"height":200,"srcset":"https:\/\/i0.wp.com\/revistagenesis.com\/wp-content\/uploads\/2018\/11\/IMG-20181110-WA0019.jpg?fit=1024%2C768&ssl=1&resize=350%2C200 1x, https:\/\/i0.wp.com\/revistagenesis.com\/wp-content\/uploads\/2018\/11\/IMG-20181110-WA0019.jpg?fit=1024%2C768&ssl=1&resize=525%2C300 1.5x, https:\/\/i0.wp.com\/revistagenesis.com\/wp-content\/uploads\/2018\/11\/IMG-20181110-WA0019.jpg?fit=1024%2C768&ssl=1&resize=700%2C400 2x"},"classes":[]},{"id":170638,"url":"https:\/\/revistagenesis.com\/?p=170638","url_meta":{"origin":181354,"position":2},"title":"\u201cLa vidriera so\u00f1ada\u201d","author":"Nicolas Bagliere","date":"08\/08\/2018","format":false,"excerpt":"\u00a0 El Asociaci\u00f3n Cooperadora del Jard\u00edn N\u00b0901, tiene a la venta\u00a0 una rifa para poder reunir fondos que les permita poder comprar distintos materiales destinados a los ni\u00f1os que concurren a la instituci\u00f3n. Jimena Lucesole, vicedirectora del establecimiento, junto con la docente Fatima Cortes, contaron que \u201ceste proyecto surgi\u00f3 de\u2026","rel":"","context":"En \u00abInter\u00e9s General\u00bb","block_context":{"text":"Inter\u00e9s General","link":"https:\/\/revistagenesis.com\/?cat=1"},"img":{"alt_text":"","src":"https:\/\/i0.wp.com\/revistagenesis.com\/wp-content\/uploads\/2018\/08\/DSC_2803.jpg?fit=1200%2C800&ssl=1&resize=350%2C200","width":350,"height":200,"srcset":"https:\/\/i0.wp.com\/revistagenesis.com\/wp-content\/uploads\/2018\/08\/DSC_2803.jpg?fit=1200%2C800&ssl=1&resize=350%2C200 1x, https:\/\/i0.wp.com\/revistagenesis.com\/wp-content\/uploads\/2018\/08\/DSC_2803.jpg?fit=1200%2C800&ssl=1&resize=525%2C300 1.5x, https:\/\/i0.wp.com\/revistagenesis.com\/wp-content\/uploads\/2018\/08\/DSC_2803.jpg?fit=1200%2C800&ssl=1&resize=700%2C400 2x, https:\/\/i0.wp.com\/revistagenesis.com\/wp-content\/uploads\/2018\/08\/DSC_2803.jpg?fit=1200%2C800&ssl=1&resize=1050%2C600 3x"},"classes":[]},{"id":167640,"url":"https:\/\/revistagenesis.com\/?p=167640","url_meta":{"origin":181354,"position":3},"title":"D\u00eda internacional de la mujer","author":"Nicolas Bagliere","date":"21\/02\/2018","format":false,"excerpt":"La Direcci\u00f3n de Cultura convoca a todas las mujeres que deseen participar del homenaje por el DIA INTERNACIONAL DE LA MUJER que tendr\u00e1 lugar el pr\u00f3ximo domingo 11 de marzo a las 18:00 horas en la plaza Bartolom\u00e9 Mitre en el marco de una nueva edici\u00f3n del Mercado Bien Aut\u00e9ntico.\u2026","rel":"","context":"En \u00abInter\u00e9s General\u00bb","block_context":{"text":"Inter\u00e9s General","link":"https:\/\/revistagenesis.com\/?cat=1"},"img":{"alt_text":"","src":"https:\/\/i0.wp.com\/revistagenesis.com\/wp-content\/uploads\/2018\/02\/FB_IMG_1519217453857.jpg?fit=720%2C360&ssl=1&resize=350%2C200","width":350,"height":200,"srcset":"https:\/\/i0.wp.com\/revistagenesis.com\/wp-content\/uploads\/2018\/02\/FB_IMG_1519217453857.jpg?fit=720%2C360&ssl=1&resize=350%2C200 1x, https:\/\/i0.wp.com\/revistagenesis.com\/wp-content\/uploads\/2018\/02\/FB_IMG_1519217453857.jpg?fit=720%2C360&ssl=1&resize=525%2C300 1.5x, https:\/\/i0.wp.com\/revistagenesis.com\/wp-content\/uploads\/2018\/02\/FB_IMG_1519217453857.jpg?fit=720%2C360&ssl=1&resize=700%2C400 2x"},"classes":[]},{"id":174142,"url":"https:\/\/revistagenesis.com\/?p=174142","url_meta":{"origin":181354,"position":4},"title":"Elecciones 2019: Juntos por el Cambio present\u00f3 su lista de candidatos","author":"Nicolas Bagliere","date":"24\/06\/2019","format":false,"excerpt":"Este lunes, en el comit\u00e9 de Berro y Alsina, se present\u00f3 la lista para las elecciones 2019 desde el espacio Juntos por el Cambio. \"Estamos orgullosos de conformar esta lista y por eso queremos compartir con todos ustedes los nombres que representan la honestidad\u00a0 y la renovaci\u00f3n\" expresaron.La lista es\u2026","rel":"","context":"En \u00abInter\u00e9s General\u00bb","block_context":{"text":"Inter\u00e9s General","link":"https:\/\/revistagenesis.com\/?cat=1"},"img":{"alt_text":"","src":"https:\/\/i0.wp.com\/revistagenesis.com\/wp-content\/uploads\/2019\/06\/DSC_5133.jpg?fit=1200%2C800&ssl=1&resize=350%2C200","width":350,"height":200,"srcset":"https:\/\/i0.wp.com\/revistagenesis.com\/wp-content\/uploads\/2019\/06\/DSC_5133.jpg?fit=1200%2C800&ssl=1&resize=350%2C200 1x, https:\/\/i0.wp.com\/revistagenesis.com\/wp-content\/uploads\/2019\/06\/DSC_5133.jpg?fit=1200%2C800&ssl=1&resize=525%2C300 1.5x, https:\/\/i0.wp.com\/revistagenesis.com\/wp-content\/uploads\/2019\/06\/DSC_5133.jpg?fit=1200%2C800&ssl=1&resize=700%2C400 2x, https:\/\/i0.wp.com\/revistagenesis.com\/wp-content\/uploads\/2019\/06\/DSC_5133.jpg?fit=1200%2C800&ssl=1&resize=1050%2C600 3x"},"classes":[]},{"id":9025,"url":"https:\/\/revistagenesis.com\/?p=9025","url_meta":{"origin":181354,"position":5},"title":"Cravero de reuni\u00f3 con Salvador","author":"Nicolas Bagliere","date":"31\/03\/2017","format":false,"excerpt":"El \u00a0concejal de Cambiemos, Juan Mar\u00eda Cravero, se reuni\u00f3 \u00a0con el vicepresidente de la provincia, Daniel Salvador. La charla se llev\u00f3 a cabo en el despacho del Senado de Salvador, donde el \u00a0edil de Roque P\u00e9rez le manifest\u00f3 las problem\u00e1ticas de la ciudad y el escenario pol\u00edtico que se viene\u2026","rel":"","context":"En \u00abInter\u00e9s General\u00bb","block_context":{"text":"Inter\u00e9s General","link":"https:\/\/revistagenesis.com\/?cat=1"},"img":{"alt_text":"","src":"https:\/\/i0.wp.com\/revistagenesis.com\/wp-content\/uploads\/2017\/03\/juancho-y-salvador.jpg?fit=1200%2C675&ssl=1&resize=350%2C200","width":350,"height":200,"srcset":"https:\/\/i0.wp.com\/revistagenesis.com\/wp-content\/uploads\/2017\/03\/juancho-y-salvador.jpg?fit=1200%2C675&ssl=1&resize=350%2C200 1x, https:\/\/i0.wp.com\/revistagenesis.com\/wp-content\/uploads\/2017\/03\/juancho-y-salvador.jpg?fit=1200%2C675&ssl=1&resize=525%2C300 1.5x, https:\/\/i0.wp.com\/revistagenesis.com\/wp-content\/uploads\/2017\/03\/juancho-y-salvador.jpg?fit=1200%2C675&ssl=1&resize=700%2C400 2x, https:\/\/i0.wp.com\/revistagenesis.com\/wp-content\/uploads\/2017\/03\/juancho-y-salvador.jpg?fit=1200%2C675&ssl=1&resize=1050%2C600 3x"},"classes":[]}],"jetpack_sharing_enabled":true,"_links":{"self":[{"href":"https:\/\/revistagenesis.com\/index.php?rest_route=\/wp\/v2\/posts\/181354","targetHints":{"allow":["GET"]}}],"collection":[{"href":"https:\/\/revistagenesis.com\/index.php?rest_route=\/wp\/v2\/posts"}],"about":[{"href":"https:\/\/revistagenesis.com\/index.php?rest_route=\/wp\/v2\/types\/post"}],"author":[{"embeddable":true,"href":"https:\/\/revistagenesis.com\/index.php?rest_route=\/wp\/v2\/users\/2"}],"replies":[{"embeddable":true,"href":"https:\/\/revistagenesis.com\/index.php?rest_route=%2Fwp%2Fv2%2Fcomments&post=181354"}],"version-history":[{"count":1,"href":"https:\/\/revistagenesis.com\/index.php?rest_route=\/wp\/v2\/posts\/181354\/revisions"}],"predecessor-version":[{"id":181358,"href":"https:\/\/revistagenesis.com\/index.php?rest_route=\/wp\/v2\/posts\/181354\/revisions\/181358"}],"wp:featuredmedia":[{"embeddable":true,"href":"https:\/\/revistagenesis.com\/index.php?rest_route=\/wp\/v2\/media\/181357"}],"wp:attachment":[{"href":"https:\/\/revistagenesis.com\/index.php?rest_route=%2Fwp%2Fv2%2Fmedia&parent=181354"}],"wp:term":[{"taxonomy":"category","embeddable":true,"href":"https:\/\/revistagenesis.com\/index.php?rest_route=%2Fwp%2Fv2%2Fcategories&post=181354"},{"taxonomy":"post_tag","embeddable":true,"href":"https:\/\/revistagenesis.com\/index.php?rest_route=%2Fwp%2Fv2%2Ftags&post=181354"}],"curies":[{"name":"wp","href":"https:\/\/api.w.org\/{rel}","templated":true}]}}