{"id":181351,"date":"2022-03-05T14:03:08","date_gmt":"2022-03-05T17:03:08","guid":{"rendered":"http:\/\/revistagenesis.com\/2022\/03\/05\/una-fiorini-colisiono-con-un-camion-de-la-empresa-germano\/"},"modified":"2022-03-05T14:04:51","modified_gmt":"2022-03-05T17:04:51","slug":"una-fiorini-colisiono-con-un-camion-de-la-empresa-germano","status":"publish","type":"post","link":"https:\/\/revistagenesis.com\/?p=181351","title":{"rendered":"UNA FIORINO COLISI\u00d3NO CON UN CAMI\u00d3N DE LA EMPRESA GERMANO"},"content":{"rendered":"\n<p>Este s\u00e1bado al mediod\u00eda, se profujo una colisi\u00f3n entre una Fiat Fiorino y un  cami\u00f3n de la empresa Germano en el kil\u00f3metro 159 de la ruta nacional 205. Los dos conductores se encuentran sin lesiones de consideraci\u00f3n. <\/p>\n\n\n\n<figure class=\"wp-block-image size-large\"><img data-recalc-dims=\"1\" fetchpriority=\"high\" decoding=\"async\" width=\"1024\" height=\"768\" src=\"https:\/\/i0.wp.com\/revistagenesis.com\/wp-content\/uploads\/2022\/03\/0_20220305_120359_watermark_sC3A1b3817967002915562746..jpg?resize=1024%2C768&#038;ssl=1\" alt=\"\" class=\"wp-image-181348\" srcset=\"https:\/\/i0.wp.com\/revistagenesis.com\/wp-content\/uploads\/2022\/03\/0_20220305_120359_watermark_sC3A1b3817967002915562746.-scaled.jpg?resize=1024%2C768&amp;ssl=1 1024w, https:\/\/i0.wp.com\/revistagenesis.com\/wp-content\/uploads\/2022\/03\/0_20220305_120359_watermark_sC3A1b3817967002915562746.-scaled.jpg?resize=300%2C225&amp;ssl=1 300w, https:\/\/i0.wp.com\/revistagenesis.com\/wp-content\/uploads\/2022\/03\/0_20220305_120359_watermark_sC3A1b3817967002915562746.-scaled.jpg?resize=768%2C576&amp;ssl=1 768w, https:\/\/i0.wp.com\/revistagenesis.com\/wp-content\/uploads\/2022\/03\/0_20220305_120359_watermark_sC3A1b3817967002915562746.-scaled.jpg?resize=1536%2C1152&amp;ssl=1 1536w, https:\/\/i0.wp.com\/revistagenesis.com\/wp-content\/uploads\/2022\/03\/0_20220305_120359_watermark_sC3A1b3817967002915562746.-scaled.jpg?resize=2048%2C1536&amp;ssl=1 2048w, https:\/\/i0.wp.com\/revistagenesis.com\/wp-content\/uploads\/2022\/03\/0_20220305_120359_watermark_sC3A1b3817967002915562746.-scaled.jpg?w=2400&amp;ssl=1 2400w\" sizes=\"(max-width: 1024px) 100vw, 1024px\" \/><\/figure>\n\n\n\n<figure class=\"wp-block-image\"><img data-recalc-dims=\"1\" decoding=\"async\" width=\"1200\" height=\"900\" src=\"https:\/\/i0.wp.com\/revistagenesis.com\/wp-content\/uploads\/2022\/03\/0_20220305_120541_watermark_sC3A1b7823476734241660625.-scaled.jpg?resize=1200%2C900&#038;ssl=1\" alt=\"\" class=\"wp-image-181347\" srcset=\"https:\/\/i0.wp.com\/revistagenesis.com\/wp-content\/uploads\/2022\/03\/0_20220305_120541_watermark_sC3A1b7823476734241660625.-scaled.jpg?w=2560&amp;ssl=1 2560w, https:\/\/i0.wp.com\/revistagenesis.com\/wp-content\/uploads\/2022\/03\/0_20220305_120541_watermark_sC3A1b7823476734241660625.-scaled.jpg?resize=300%2C225&amp;ssl=1 300w, https:\/\/i0.wp.com\/revistagenesis.com\/wp-content\/uploads\/2022\/03\/0_20220305_120541_watermark_sC3A1b7823476734241660625.-scaled.jpg?resize=1024%2C768&amp;ssl=1 1024w, https:\/\/i0.wp.com\/revistagenesis.com\/wp-content\/uploads\/2022\/03\/0_20220305_120541_watermark_sC3A1b7823476734241660625.-scaled.jpg?resize=768%2C576&amp;ssl=1 768w, https:\/\/i0.wp.com\/revistagenesis.com\/wp-content\/uploads\/2022\/03\/0_20220305_120541_watermark_sC3A1b7823476734241660625.-scaled.jpg?resize=1536%2C1152&amp;ssl=1 1536w, https:\/\/i0.wp.com\/revistagenesis.com\/wp-content\/uploads\/2022\/03\/0_20220305_120541_watermark_sC3A1b7823476734241660625.-scaled.jpg?resize=2048%2C1536&amp;ssl=1 2048w, https:\/\/i0.wp.com\/revistagenesis.com\/wp-content\/uploads\/2022\/03\/0_20220305_120541_watermark_sC3A1b7823476734241660625.-scaled.jpg?w=2400&amp;ssl=1 2400w\" sizes=\"(max-width: 1200px) 100vw, 1200px\" \/><\/figure>\n\n\n\n<p>Seg\u00fan los testimonios de los protagonistas, el conductor de la Fiorino (oriundo de Pehuajo) se descompens\u00f3 y al cruzarse de carril impact\u00f3 con el cami\u00f3n. El veh\u00edculo de la empresa Germano, el ch\u00f3fer de Pedernales, qued\u00f3 en el habit\u00e1culo del transporte suspendido en el aire sin presentar lesiones al igual que el conductor de la camioneta utilitaria.<\/p>\n","protected":false},"excerpt":{"rendered":"<p>Este s\u00e1bado al mediod\u00eda, se profujo una colisi\u00f3n entre una Fiat Fiorino y un cami\u00f3n de la empresa Germano en el kil\u00f3metro 159 de la ruta nacional 205. Los dos conductores se encuentran sin lesiones de consideraci\u00f3n. Seg\u00fan los testimonios de los protagonistas, el conductor de la Fiorino (oriundo de Pehuajo) se descompens\u00f3 y al &#8230; <a title=\"UNA FIORINO COLISI\u00d3NO CON UN CAMI\u00d3N DE LA EMPRESA GERMANO\" class=\"read-more\" href=\"https:\/\/revistagenesis.com\/?p=181351\">Leer mas<\/a><\/p>\n","protected":false},"author":2,"featured_media":181350,"comment_status":"open","ping_status":"open","sticky":false,"template":"","format":"standard","meta":{"jetpack_post_was_ever_published":false,"_jetpack_newsletter_access":"","_jetpack_dont_email_post_to_subs":false,"_jetpack_newsletter_tier_id":0,"_jetpack_memberships_contains_paywalled_content":false,"_jetpack_memberships_contains_paid_content":false,"footnotes":""},"categories":[1],"tags":[],"class_list":["post-181351","post","type-post","status-publish","format-standard","has-post-thumbnail","hentry","category-interes-general"],"jetpack_featured_media_url":"https:\/\/i0.wp.com\/revistagenesis.com\/wp-content\/uploads\/2022\/03\/0_20220305_120359_watermark_sC3A1b._05032022_121353-scaled.jpg?fit=2560%2C1920&ssl=1","jetpack_likes_enabled":true,"jetpack-related-posts":[{"id":175319,"url":"https:\/\/revistagenesis.com\/?p=175319","url_meta":{"origin":181351,"position":0},"title":"DOS PERSONAS APREHENDIDAS POR ROBAR UN CAMION DE POLLOS EN EL INGRESO A LA CIUDAD","author":"Nicolas Bagliere","date":"21\/11\/2019","format":false,"excerpt":"Este jueves, en horas de la madrugada, se recibi\u00f3 un llamado al 101, denunciando que el chofer que conduc\u00eda un cami\u00f3n cargado con tres mil quinientos (3500) pollos, junto a otros dos sujetos mas, se encontraban descargando pollos en una gomer\u00eda de Acceso Pedro Guti\u00e9rrez y Ruta Nacional 205. Al\u2026","rel":"","context":"En \u00abInter\u00e9s General\u00bb","block_context":{"text":"Inter\u00e9s General","link":"https:\/\/revistagenesis.com\/?cat=1"},"img":{"alt_text":"","src":"https:\/\/i0.wp.com\/revistagenesis.com\/wp-content\/uploads\/2019\/11\/IMG-20191121-WA0014.jpg?fit=1032%2C581&ssl=1&resize=350%2C200","width":350,"height":200,"srcset":"https:\/\/i0.wp.com\/revistagenesis.com\/wp-content\/uploads\/2019\/11\/IMG-20191121-WA0014.jpg?fit=1032%2C581&ssl=1&resize=350%2C200 1x, https:\/\/i0.wp.com\/revistagenesis.com\/wp-content\/uploads\/2019\/11\/IMG-20191121-WA0014.jpg?fit=1032%2C581&ssl=1&resize=525%2C300 1.5x, https:\/\/i0.wp.com\/revistagenesis.com\/wp-content\/uploads\/2019\/11\/IMG-20191121-WA0014.jpg?fit=1032%2C581&ssl=1&resize=700%2C400 2x"},"classes":[]},{"id":4826,"url":"https:\/\/revistagenesis.com\/?p=4826","url_meta":{"origin":181351,"position":1},"title":"Volc\u00f3 un cami\u00f3n en el alteo","author":"Nicolas Bagliere","date":"02\/05\/2016","format":false,"excerpt":"\u00a0 En la tarde de este Lunes, pasadas las 17 hs, se convoc\u00f3 a los Bomberos Voluntarios de Roque P\u00e9rez por un vuelco en el alteo de un cami\u00f3n\u00a0volkswagen 13 180, patente FFA 825, conducido por un por Mauro Soria (39), que recide en nuestra ciudad. Los servidores p\u00fablicos trabajaron\u2026","rel":"","context":"En \u00abInter\u00e9s General\u00bb","block_context":{"text":"Inter\u00e9s General","link":"https:\/\/revistagenesis.com\/?cat=1"},"img":{"alt_text":"","src":"https:\/\/i0.wp.com\/revistagenesis.com\/wp-content\/uploads\/2016\/05\/20160502_172336.jpg?fit=1200%2C720&ssl=1&resize=350%2C200","width":350,"height":200,"srcset":"https:\/\/i0.wp.com\/revistagenesis.com\/wp-content\/uploads\/2016\/05\/20160502_172336.jpg?fit=1200%2C720&ssl=1&resize=350%2C200 1x, https:\/\/i0.wp.com\/revistagenesis.com\/wp-content\/uploads\/2016\/05\/20160502_172336.jpg?fit=1200%2C720&ssl=1&resize=525%2C300 1.5x, https:\/\/i0.wp.com\/revistagenesis.com\/wp-content\/uploads\/2016\/05\/20160502_172336.jpg?fit=1200%2C720&ssl=1&resize=700%2C400 2x, https:\/\/i0.wp.com\/revistagenesis.com\/wp-content\/uploads\/2016\/05\/20160502_172336.jpg?fit=1200%2C720&ssl=1&resize=1050%2C600 3x"},"classes":[]},{"id":6231,"url":"https:\/\/revistagenesis.com\/?p=6231","url_meta":{"origin":181351,"position":2},"title":"Joven motociclista perdi\u00f3 la vida en el acceso Dalto","author":"Nicolas Bagliere","date":"22\/09\/2016","format":false,"excerpt":"El \u00a0accidente ocurri\u00f3 este jueves, pasadas \u00a0las 13hs, en el Acceso Dalto, cerca del cruce con la ruta 205. A bordo de una moto 150, \u00a0dos j\u00f3venes que circulaban por el acceso Dalto, antes de llegar al cruce de la ruta 205, se habr\u00edan rozado contra la parte trasera de\u2026","rel":"","context":"En \u00abInter\u00e9s General\u00bb","block_context":{"text":"Inter\u00e9s General","link":"https:\/\/revistagenesis.com\/?cat=1"},"img":{"alt_text":"","src":"https:\/\/i0.wp.com\/revistagenesis.com\/wp-content\/uploads\/2016\/09\/wp-1474563550539-1.jpg?fit=1200%2C900&ssl=1&resize=350%2C200","width":350,"height":200,"srcset":"https:\/\/i0.wp.com\/revistagenesis.com\/wp-content\/uploads\/2016\/09\/wp-1474563550539-1.jpg?fit=1200%2C900&ssl=1&resize=350%2C200 1x, https:\/\/i0.wp.com\/revistagenesis.com\/wp-content\/uploads\/2016\/09\/wp-1474563550539-1.jpg?fit=1200%2C900&ssl=1&resize=525%2C300 1.5x, https:\/\/i0.wp.com\/revistagenesis.com\/wp-content\/uploads\/2016\/09\/wp-1474563550539-1.jpg?fit=1200%2C900&ssl=1&resize=700%2C400 2x, https:\/\/i0.wp.com\/revistagenesis.com\/wp-content\/uploads\/2016\/09\/wp-1474563550539-1.jpg?fit=1200%2C900&ssl=1&resize=1050%2C600 3x"},"classes":[]},{"id":6971,"url":"https:\/\/revistagenesis.com\/?p=6971","url_meta":{"origin":181351,"position":3},"title":"Se accident\u00f3 joven en la via publica","author":"Nicolas Bagliere","date":"07\/11\/2016","format":false,"excerpt":"El hecho ocurri\u00f3 pasado el mediod\u00eda de hoy, un empleado de la empresa RPereznet se encontraba realizando una conexion de cables en la calle Sabatte,cuando por el lugar paso un cami\u00f3n de la empresa Evo Ave que engancha el cable y provoca que Juan Manuel Huertas caiga al piso perdiendo\u2026","rel":"","context":"En \u00abInter\u00e9s General\u00bb","block_context":{"text":"Inter\u00e9s General","link":"https:\/\/revistagenesis.com\/?cat=1"},"img":{"alt_text":"","src":"https:\/\/i0.wp.com\/revistagenesis.com\/wp-content\/uploads\/2016\/11\/wp-1478546217427.jpg?fit=1200%2C900&ssl=1&resize=350%2C200","width":350,"height":200,"srcset":"https:\/\/i0.wp.com\/revistagenesis.com\/wp-content\/uploads\/2016\/11\/wp-1478546217427.jpg?fit=1200%2C900&ssl=1&resize=350%2C200 1x, https:\/\/i0.wp.com\/revistagenesis.com\/wp-content\/uploads\/2016\/11\/wp-1478546217427.jpg?fit=1200%2C900&ssl=1&resize=525%2C300 1.5x, https:\/\/i0.wp.com\/revistagenesis.com\/wp-content\/uploads\/2016\/11\/wp-1478546217427.jpg?fit=1200%2C900&ssl=1&resize=700%2C400 2x, https:\/\/i0.wp.com\/revistagenesis.com\/wp-content\/uploads\/2016\/11\/wp-1478546217427.jpg?fit=1200%2C900&ssl=1&resize=1050%2C600 3x"},"classes":[]},{"id":1367,"url":"https:\/\/revistagenesis.com\/?p=1367","url_meta":{"origin":181351,"position":4},"title":"Llega el cami\u00f3n odontologico","author":"Nicolas Bagliere","date":"23\/04\/2015","format":false,"excerpt":"La Direcci\u00f3n de Salud del Hopitaltal Dr. Ram\u00f3n Carrillo, informa a la poblaci\u00f3n en general que los d\u00edas viernes 15 y 22 de Mayo, contaremos en nuestra ciudad con el\u00a0cami\u00f3n\u00a0ontol\u00f3gico\u00a0m\u00f3vil. dentro del marco del programa de salud bucal, del Ministerio de Salud de\u00a0 la Naci\u00f3n.- El m\u00f3vil\u00a0 se encontrara en\u2026","rel":"","context":"En \u00abInter\u00e9s General\u00bb","block_context":{"text":"Inter\u00e9s General","link":"https:\/\/revistagenesis.com\/?cat=1"},"img":{"alt_text":"","src":"https:\/\/i0.wp.com\/revistagenesis.com\/wp-content\/uploads\/2015\/04\/camion-odontologico.jpg?fit=600%2C347&ssl=1&resize=350%2C200","width":350,"height":200,"srcset":"https:\/\/i0.wp.com\/revistagenesis.com\/wp-content\/uploads\/2015\/04\/camion-odontologico.jpg?fit=600%2C347&ssl=1&resize=350%2C200 1x, https:\/\/i0.wp.com\/revistagenesis.com\/wp-content\/uploads\/2015\/04\/camion-odontologico.jpg?fit=600%2C347&ssl=1&resize=525%2C300 1.5x"},"classes":[]},{"id":181397,"url":"https:\/\/revistagenesis.com\/?p=181397","url_meta":{"origin":181351,"position":5},"title":"UN CAMION JAULA VOLC\u00d3 Y SE INCENDIO CARGADO DE HACIENDA","author":"Nicolas Bagliere","date":"16\/03\/2022","format":false,"excerpt":"El siniestro se produjo cerca de las 23.30 de este martes cuando el chofer del cami\u00f3n jaula \u2013que se dirig\u00eda cargado de hacienda de C\u00f3rdoba a la ciudad de Azul\u2013 mordi\u00f3 la banquina y perdi\u00f3 el control del rodado. Un transportista herido y al menos diez bovinos muertos fue el\u2026","rel":"","context":"En \u00abInter\u00e9s General\u00bb","block_context":{"text":"Inter\u00e9s General","link":"https:\/\/revistagenesis.com\/?cat=1"},"img":{"alt_text":"","src":"https:\/\/i0.wp.com\/revistagenesis.com\/wp-content\/uploads\/2022\/03\/20220316_020815.jpg?fit=720%2C766&ssl=1&resize=350%2C200","width":350,"height":200,"srcset":"https:\/\/i0.wp.com\/revistagenesis.com\/wp-content\/uploads\/2022\/03\/20220316_020815.jpg?fit=720%2C766&ssl=1&resize=350%2C200 1x, https:\/\/i0.wp.com\/revistagenesis.com\/wp-content\/uploads\/2022\/03\/20220316_020815.jpg?fit=720%2C766&ssl=1&resize=525%2C300 1.5x, https:\/\/i0.wp.com\/revistagenesis.com\/wp-content\/uploads\/2022\/03\/20220316_020815.jpg?fit=720%2C766&ssl=1&resize=700%2C400 2x"},"classes":[]}],"jetpack_sharing_enabled":true,"_links":{"self":[{"href":"https:\/\/revistagenesis.com\/index.php?rest_route=\/wp\/v2\/posts\/181351","targetHints":{"allow":["GET"]}}],"collection":[{"href":"https:\/\/revistagenesis.com\/index.php?rest_route=\/wp\/v2\/posts"}],"about":[{"href":"https:\/\/revistagenesis.com\/index.php?rest_route=\/wp\/v2\/types\/post"}],"author":[{"embeddable":true,"href":"https:\/\/revistagenesis.com\/index.php?rest_route=\/wp\/v2\/users\/2"}],"replies":[{"embeddable":true,"href":"https:\/\/revistagenesis.com\/index.php?rest_route=%2Fwp%2Fv2%2Fcomments&post=181351"}],"version-history":[{"count":1,"href":"https:\/\/revistagenesis.com\/index.php?rest_route=\/wp\/v2\/posts\/181351\/revisions"}],"predecessor-version":[{"id":181352,"href":"https:\/\/revistagenesis.com\/index.php?rest_route=\/wp\/v2\/posts\/181351\/revisions\/181352"}],"wp:featuredmedia":[{"embeddable":true,"href":"https:\/\/revistagenesis.com\/index.php?rest_route=\/wp\/v2\/media\/181350"}],"wp:attachment":[{"href":"https:\/\/revistagenesis.com\/index.php?rest_route=%2Fwp%2Fv2%2Fmedia&parent=181351"}],"wp:term":[{"taxonomy":"category","embeddable":true,"href":"https:\/\/revistagenesis.com\/index.php?rest_route=%2Fwp%2Fv2%2Fcategories&post=181351"},{"taxonomy":"post_tag","embeddable":true,"href":"https:\/\/revistagenesis.com\/index.php?rest_route=%2Fwp%2Fv2%2Ftags&post=181351"}],"curies":[{"name":"wp","href":"https:\/\/api.w.org\/{rel}","templated":true}]}}