{"id":181335,"date":"2022-02-28T09:50:05","date_gmt":"2022-02-28T12:50:05","guid":{"rendered":"http:\/\/revistagenesis.com\/?p=181335"},"modified":"2022-02-28T13:12:34","modified_gmt":"2022-02-28T16:12:34","slug":"que-sabemos-de-las-enfermedades-poco-frecuentes","status":"publish","type":"post","link":"https:\/\/revistagenesis.com\/?p=181335","title":{"rendered":"\u00bfQUE SABEMOS DE LAS ENFERMEDADES POCO FRECUENTES?"},"content":{"rendered":"\n<p>En el  DIA MUNDIAL DE LAS ENFERMEDADES POCO FRECUENTES, Agustina Testa, M\u00e9dica Pediatra, Jorgelina Barral y Brenda cuentan sus historias y enfatizan en el desafio de visibilizar el tema para obtener la posibilidad de tratamiento temprano para mejorar la calidad de vida del paciente.<\/p>\n\n\n\n<p><iframe title=\"28 de Febrero, DIA MUNDIAL DE LAS ENFERMEDADES POCO FRECUENTES.\" width=\"1200\" height=\"675\" src=\"https:\/\/www.youtube.com\/embed\/g9wgYpqMXgM?feature=oembed\" frameborder=\"0\" allow=\"accelerometer; autoplay; clipboard-write; encrypted-media; gyroscope; picture-in-picture\" allowfullscreen><\/iframe><\/p>\n\n\n\n<p><\/p>\n\n\n\n<figure class=\"wp-block-image size-large\"><img data-recalc-dims=\"1\" fetchpriority=\"high\" decoding=\"async\" width=\"1024\" height=\"573\" src=\"https:\/\/i0.wp.com\/revistagenesis.com\/wp-content\/uploads\/2022\/02\/img-20220227-wa00156713737203914930834.jpg?resize=1024%2C573&#038;ssl=1\" alt=\"\" class=\"wp-image-181333\" srcset=\"https:\/\/i0.wp.com\/revistagenesis.com\/wp-content\/uploads\/2022\/02\/img-20220227-wa00156713737203914930834.jpg?resize=1024%2C573&amp;ssl=1 1024w, https:\/\/i0.wp.com\/revistagenesis.com\/wp-content\/uploads\/2022\/02\/img-20220227-wa00156713737203914930834.jpg?resize=300%2C168&amp;ssl=1 300w, https:\/\/i0.wp.com\/revistagenesis.com\/wp-content\/uploads\/2022\/02\/img-20220227-wa00156713737203914930834.jpg?resize=768%2C430&amp;ssl=1 768w, https:\/\/i0.wp.com\/revistagenesis.com\/wp-content\/uploads\/2022\/02\/img-20220227-wa00156713737203914930834.jpg?w=1080&amp;ssl=1 1080w\" sizes=\"(max-width: 1024px) 100vw, 1024px\" \/><\/figure>\n","protected":false},"excerpt":{"rendered":"<p>En el DIA MUNDIAL DE LAS ENFERMEDADES POCO FRECUENTES, Agustina Testa, M\u00e9dica Pediatra, Jorgelina Barral y Brenda cuentan sus historias y enfatizan en el desafio de visibilizar el tema para obtener la posibilidad de tratamiento temprano para mejorar la calidad de vida del paciente.<\/p>\n","protected":false},"author":2,"featured_media":181334,"comment_status":"open","ping_status":"open","sticky":false,"template":"","format":"standard","meta":{"jetpack_post_was_ever_published":false,"_jetpack_newsletter_access":"","_jetpack_dont_email_post_to_subs":false,"_jetpack_newsletter_tier_id":0,"_jetpack_memberships_contains_paywalled_content":false,"_jetpack_memberships_contains_paid_content":false,"footnotes":""},"categories":[1],"tags":[],"class_list":["post-181335","post","type-post","status-publish","format-standard","has-post-thumbnail","hentry","category-interes-general"],"jetpack_featured_media_url":"https:\/\/i0.wp.com\/revistagenesis.com\/wp-content\/uploads\/2022\/02\/IMG-20220227-WA0015.jpg?fit=1080%2C604&ssl=1","jetpack_likes_enabled":true,"jetpack-related-posts":[{"id":9147,"url":"https:\/\/revistagenesis.com\/?p=9147","url_meta":{"origin":181335,"position":0},"title":"Charla sobre enfermedades en cultivos en Roque P\u00e9rez","author":"Nicolas Bagliere","date":"04\/04\/2017","format":false,"excerpt":"El Intendente municipal de Roque P\u00e9rez Juan Carlos Gasparini, a trav\u00e9s de la Direcci\u00f3n de Producci\u00f3n municipal, invita a quienes est\u00e9n interesados, a participar, a una \"Charla sobre Manejo Integrado de Enfermedades en Cultivos Bajo Cubierta. tomate, pimiento y lechuga\", la misma, ser\u00e1 brindada por la ingeniera Mariel Mitidieri, del\u2026","rel":"","context":"En \u00abInter\u00e9s General\u00bb","block_context":{"text":"Inter\u00e9s General","link":"https:\/\/revistagenesis.com\/?cat=1"},"img":{"alt_text":"","src":"https:\/\/i0.wp.com\/revistagenesis.com\/wp-content\/uploads\/2017\/04\/cahrla-inta.jpg?fit=851%2C589&ssl=1&resize=350%2C200","width":350,"height":200,"srcset":"https:\/\/i0.wp.com\/revistagenesis.com\/wp-content\/uploads\/2017\/04\/cahrla-inta.jpg?fit=851%2C589&ssl=1&resize=350%2C200 1x, https:\/\/i0.wp.com\/revistagenesis.com\/wp-content\/uploads\/2017\/04\/cahrla-inta.jpg?fit=851%2C589&ssl=1&resize=525%2C300 1.5x, https:\/\/i0.wp.com\/revistagenesis.com\/wp-content\/uploads\/2017\/04\/cahrla-inta.jpg?fit=851%2C589&ssl=1&resize=700%2C400 2x"},"classes":[]},{"id":3600,"url":"https:\/\/revistagenesis.com\/?p=3600","url_meta":{"origin":181335,"position":1},"title":"Como prevenir el dengue","author":"Nicolas Bagliere","date":"29\/01\/2016","format":false,"excerpt":"\u00a0 El Intendente Municipal de Roque P\u00e9rez Juan Carlos Gasparini, a trav\u00e9s de la Direcci\u00f3n de Salud, a cargo de la doctora Eleonora Testa, informa una serie de medidas que son necesarias tomar para prevenir el dengue. El\u00a0mosquito transmisor de la enfermedad (Aedes aegypti) es el mismo que transmite otros\u2026","rel":"","context":"En \u00abInter\u00e9s General\u00bb","block_context":{"text":"Inter\u00e9s General","link":"https:\/\/revistagenesis.com\/?cat=1"},"img":{"alt_text":"","src":"https:\/\/i0.wp.com\/revistagenesis.com\/wp-content\/uploads\/2016\/01\/fb_img_1454076611386.jpg?fit=480%2C480&ssl=1&resize=350%2C200","width":350,"height":200},"classes":[]},{"id":9142,"url":"https:\/\/revistagenesis.com\/?p=9142","url_meta":{"origin":181335,"position":2},"title":"Comenz\u00f3 la obra de cloacas en calle Larghou","author":"Nicolas Bagliere","date":"03\/04\/2017","format":false,"excerpt":"El Intendente municipal de Roque P\u00e9rez Juan Carlos Gasparini, observ\u00f3 el inicio de las obras de red cloacal de calle Vicente Larghou. Se han comenzado a hacer los pozos para determinar la ubicaci\u00f3n de ca\u00f1er\u00edas de servicios, a fin de evitar la rotura de los mismos. Una obra que sin\u2026","rel":"","context":"En \u00abInter\u00e9s General\u00bb","block_context":{"text":"Inter\u00e9s General","link":"https:\/\/revistagenesis.com\/?cat=1"},"img":{"alt_text":"","src":"https:\/\/i0.wp.com\/revistagenesis.com\/wp-content\/uploads\/2017\/04\/cloacas.jpg?fit=1200%2C900&ssl=1&resize=350%2C200","width":350,"height":200,"srcset":"https:\/\/i0.wp.com\/revistagenesis.com\/wp-content\/uploads\/2017\/04\/cloacas.jpg?fit=1200%2C900&ssl=1&resize=350%2C200 1x, https:\/\/i0.wp.com\/revistagenesis.com\/wp-content\/uploads\/2017\/04\/cloacas.jpg?fit=1200%2C900&ssl=1&resize=525%2C300 1.5x, https:\/\/i0.wp.com\/revistagenesis.com\/wp-content\/uploads\/2017\/04\/cloacas.jpg?fit=1200%2C900&ssl=1&resize=700%2C400 2x, https:\/\/i0.wp.com\/revistagenesis.com\/wp-content\/uploads\/2017\/04\/cloacas.jpg?fit=1200%2C900&ssl=1&resize=1050%2C600 3x"},"classes":[]},{"id":11647,"url":"https:\/\/revistagenesis.com\/?p=11647","url_meta":{"origin":181335,"position":3},"title":"Campa\u00f1a de prevenci\u00f3n sobre el c\u00e1ncer de mama","author":"Nicolas Bagliere","date":"25\/08\/2017","format":false,"excerpt":"La Municipalidad de Roque P\u00e9rez, a trav\u00e9s de la Direcci\u00f3n de Salud, informa que a partir del 4 de septiembre y hasta el d\u00eda 29 del mismo mes se llevar\u00e1 a cabo la \"Campa\u00f1a de Mamografia\" en el Hospital Municipal \"Dr. Ram\u00f3n Carrillo\".\u00a0 La misma se desarrollar\u00e1 en el turno\u2026","rel":"","context":"En \u00abInter\u00e9s General\u00bb","block_context":{"text":"Inter\u00e9s General","link":"https:\/\/revistagenesis.com\/?cat=1"},"img":{"alt_text":"","src":"https:\/\/i0.wp.com\/revistagenesis.com\/wp-content\/uploads\/2017\/08\/wp-image-826547991.jpg?fit=720%2C694&ssl=1&resize=350%2C200","width":350,"height":200,"srcset":"https:\/\/i0.wp.com\/revistagenesis.com\/wp-content\/uploads\/2017\/08\/wp-image-826547991.jpg?fit=720%2C694&ssl=1&resize=350%2C200 1x, https:\/\/i0.wp.com\/revistagenesis.com\/wp-content\/uploads\/2017\/08\/wp-image-826547991.jpg?fit=720%2C694&ssl=1&resize=525%2C300 1.5x, https:\/\/i0.wp.com\/revistagenesis.com\/wp-content\/uploads\/2017\/08\/wp-image-826547991.jpg?fit=720%2C694&ssl=1&resize=700%2C400 2x"},"classes":[]},{"id":8121,"url":"https:\/\/revistagenesis.com\/?p=8121","url_meta":{"origin":181335,"position":4},"title":"Mas reclamos de los vecinos del Plan Federal","author":"Nicolas Bagliere","date":"06\/02\/2017","format":false,"excerpt":"\u00a0 Los vecinos, en reiteradas ocasiones denuncian que \u00a0los lotes est\u00e1n llenos de malezas y escombros, lo que provoca la proliferaci\u00f3n de roedores. En este caso, podemos apreciar este terreno de la calle Chacabuco (entre Traglaifico y Paz) que se encuentra en una situaci\u00f3n de total abandono. Hasta cuando los\u2026","rel":"","context":"En \u00abInter\u00e9s General\u00bb","block_context":{"text":"Inter\u00e9s General","link":"https:\/\/revistagenesis.com\/?cat=1"},"img":{"alt_text":"","src":"https:\/\/i0.wp.com\/revistagenesis.com\/wp-content\/uploads\/2017\/02\/wp-1486387284695.jpg?fit=1200%2C675&ssl=1&resize=350%2C200","width":350,"height":200,"srcset":"https:\/\/i0.wp.com\/revistagenesis.com\/wp-content\/uploads\/2017\/02\/wp-1486387284695.jpg?fit=1200%2C675&ssl=1&resize=350%2C200 1x, https:\/\/i0.wp.com\/revistagenesis.com\/wp-content\/uploads\/2017\/02\/wp-1486387284695.jpg?fit=1200%2C675&ssl=1&resize=525%2C300 1.5x, https:\/\/i0.wp.com\/revistagenesis.com\/wp-content\/uploads\/2017\/02\/wp-1486387284695.jpg?fit=1200%2C675&ssl=1&resize=700%2C400 2x, https:\/\/i0.wp.com\/revistagenesis.com\/wp-content\/uploads\/2017\/02\/wp-1486387284695.jpg?fit=1200%2C675&ssl=1&resize=1050%2C600 3x"},"classes":[]},{"id":180627,"url":"https:\/\/revistagenesis.com\/?p=180627","url_meta":{"origin":181335,"position":5},"title":"CAMPA\u00d1A DE VACUNACION ANTIGRIPAL \u00bfQUE DEBEMOS SABER?","author":"Nicolas Bagliere","date":"01\/05\/2021","format":false,"excerpt":"La Direcci\u00f3n de Salud ampl\u00eda la convocatoria para la VACUNA ANTIGRIPAL para personas de 2 a 64 a\u00f1os con factores de riesgo consideradas en el listado a continuaci\u00f3n. Las mismas deben acercarse al HOSPITAL MUNICIPAL DR. RAM\u00d3N CARRILLO SIN TURNO con la receta o documentaci\u00f3n que acredite dicho factor que\u2026","rel":"","context":"En \u00abInter\u00e9s General\u00bb","block_context":{"text":"Inter\u00e9s General","link":"https:\/\/revistagenesis.com\/?cat=1"},"img":{"alt_text":"","src":"https:\/\/i0.wp.com\/revistagenesis.com\/wp-content\/uploads\/2021\/05\/FB_IMG_1619874625419.jpg?fit=500%2C408&ssl=1&resize=350%2C200","width":350,"height":200},"classes":[]}],"jetpack_sharing_enabled":true,"_links":{"self":[{"href":"https:\/\/revistagenesis.com\/index.php?rest_route=\/wp\/v2\/posts\/181335","targetHints":{"allow":["GET"]}}],"collection":[{"href":"https:\/\/revistagenesis.com\/index.php?rest_route=\/wp\/v2\/posts"}],"about":[{"href":"https:\/\/revistagenesis.com\/index.php?rest_route=\/wp\/v2\/types\/post"}],"author":[{"embeddable":true,"href":"https:\/\/revistagenesis.com\/index.php?rest_route=\/wp\/v2\/users\/2"}],"replies":[{"embeddable":true,"href":"https:\/\/revistagenesis.com\/index.php?rest_route=%2Fwp%2Fv2%2Fcomments&post=181335"}],"version-history":[{"count":2,"href":"https:\/\/revistagenesis.com\/index.php?rest_route=\/wp\/v2\/posts\/181335\/revisions"}],"predecessor-version":[{"id":181337,"href":"https:\/\/revistagenesis.com\/index.php?rest_route=\/wp\/v2\/posts\/181335\/revisions\/181337"}],"wp:featuredmedia":[{"embeddable":true,"href":"https:\/\/revistagenesis.com\/index.php?rest_route=\/wp\/v2\/media\/181334"}],"wp:attachment":[{"href":"https:\/\/revistagenesis.com\/index.php?rest_route=%2Fwp%2Fv2%2Fmedia&parent=181335"}],"wp:term":[{"taxonomy":"category","embeddable":true,"href":"https:\/\/revistagenesis.com\/index.php?rest_route=%2Fwp%2Fv2%2Fcategories&post=181335"},{"taxonomy":"post_tag","embeddable":true,"href":"https:\/\/revistagenesis.com\/index.php?rest_route=%2Fwp%2Fv2%2Ftags&post=181335"}],"curies":[{"name":"wp","href":"https:\/\/api.w.org\/{rel}","templated":true}]}}