{"id":181328,"date":"2022-02-24T11:18:43","date_gmt":"2022-02-24T14:18:43","guid":{"rendered":"http:\/\/revistagenesis.com\/?p=181328"},"modified":"2022-02-24T11:19:01","modified_gmt":"2022-02-24T14:19:01","slug":"robo-en-carlos-beguerie-ingresaron-en-bar-la-esperanza","status":"publish","type":"post","link":"https:\/\/revistagenesis.com\/?p=181328","title":{"rendered":"ROBO EN CARLOS BEGUERIE: INGRESARON EN BAR \u00abLA ESPERANZA\u00bb"},"content":{"rendered":"\n<p><br \/>El pasado  Mi\u00e9rcoles 23 de febrero,se  denuncia en la localidad de Carlos Beguerie, que autores ignorados previo violentar una de las puertas de acceso sustrajeron bebidas varias. Por lo que personal del GTO de esta dependencia en conjunto con el Encargado del Destacamento Policial Beguerie, abocados al esclarecimiento del hecho, procedieron a la individualizaci\u00f3n de dos masculinos mayores de edad, oriundos de esta localidad, quienes fueran los autores del il\u00edcito, recuper\u00e1ndose la totalidad de los elementos sustra\u00eddos. Ambos masculinos fueron notificados de la formaci\u00f3n de causa por el delito de Robo, tomando intervenci\u00f3n la Ayudant\u00eda Fiscal Roque P\u00e9rez.<\/p>\n\n\n\n<figure class=\"wp-block-image size-large\"><img data-recalc-dims=\"1\" fetchpriority=\"high\" decoding=\"async\" width=\"540\" height=\"409\" src=\"https:\/\/i0.wp.com\/revistagenesis.com\/wp-content\/uploads\/2022\/02\/20220224_1117143881519767174015330.jpg?resize=540%2C409&#038;ssl=1\" alt=\"\" class=\"wp-image-181330\" srcset=\"https:\/\/i0.wp.com\/revistagenesis.com\/wp-content\/uploads\/2022\/02\/20220224_1117143881519767174015330.jpg?w=540&amp;ssl=1 540w, https:\/\/i0.wp.com\/revistagenesis.com\/wp-content\/uploads\/2022\/02\/20220224_1117143881519767174015330.jpg?resize=300%2C227&amp;ssl=1 300w\" sizes=\"(max-width: 540px) 100vw, 540px\" \/><\/figure>\n","protected":false},"excerpt":{"rendered":"<p>El pasado Mi\u00e9rcoles 23 de febrero,se denuncia en la localidad de Carlos Beguerie, que autores ignorados previo violentar una de las puertas de acceso sustrajeron bebidas varias. Por lo que personal del GTO de esta dependencia en conjunto con el Encargado del Destacamento Policial Beguerie, abocados al esclarecimiento del hecho, procedieron a la individualizaci\u00f3n de &#8230; <a title=\"ROBO EN CARLOS BEGUERIE: INGRESARON EN BAR \u00abLA ESPERANZA\u00bb\" class=\"read-more\" href=\"https:\/\/revistagenesis.com\/?p=181328\">Leer mas<\/a><\/p>\n","protected":false},"author":2,"featured_media":181331,"comment_status":"open","ping_status":"open","sticky":false,"template":"","format":"standard","meta":{"jetpack_post_was_ever_published":false,"_jetpack_newsletter_access":"","_jetpack_dont_email_post_to_subs":false,"_jetpack_newsletter_tier_id":0,"_jetpack_memberships_contains_paywalled_content":false,"_jetpack_memberships_contains_paid_content":false,"footnotes":""},"categories":[1],"tags":[],"class_list":["post-181328","post","type-post","status-publish","format-standard","has-post-thumbnail","hentry","category-interes-general"],"jetpack_featured_media_url":"https:\/\/i0.wp.com\/revistagenesis.com\/wp-content\/uploads\/2022\/02\/20220224_111714.jpg?fit=540%2C409&ssl=1","jetpack_likes_enabled":true,"jetpack-related-posts":[{"id":170983,"url":"https:\/\/revistagenesis.com\/?p=170983","url_meta":{"origin":181328,"position":0},"title":"Robo a mano armada en Carlos Beguerie","author":"Nicolas Bagliere","date":"25\/09\/2018","format":false,"excerpt":"Esta tarde, personal policial de la comisaria de Roque P\u00e9rez realiz\u00f3 un operativo cerrojo para dar con los autores de un hecho delictivo en Carlos Beguerie, en donde dos sujetos, a mano armada, se apoderaron de una suma de dinero de 500 pesos y documentaci\u00f3n de un vecino de la\u2026","rel":"","context":"En \u00abInter\u00e9s General\u00bb","block_context":{"text":"Inter\u00e9s General","link":"https:\/\/revistagenesis.com\/?cat=1"},"img":{"alt_text":"","src":"https:\/\/i0.wp.com\/revistagenesis.com\/wp-content\/uploads\/2018\/09\/IMG-20180924-WA0180.jpg?fit=581%2C1032&ssl=1&resize=350%2C200","width":350,"height":200,"srcset":"https:\/\/i0.wp.com\/revistagenesis.com\/wp-content\/uploads\/2018\/09\/IMG-20180924-WA0180.jpg?fit=581%2C1032&ssl=1&resize=350%2C200 1x, https:\/\/i0.wp.com\/revistagenesis.com\/wp-content\/uploads\/2018\/09\/IMG-20180924-WA0180.jpg?fit=581%2C1032&ssl=1&resize=525%2C300 1.5x"},"classes":[]},{"id":175670,"url":"https:\/\/revistagenesis.com\/?p=175670","url_meta":{"origin":181328,"position":1},"title":"INTENTO DE ROBO EN CARLOS BEGUERIE","author":"Nicolas Bagliere","date":"28\/01\/2020","format":false,"excerpt":"El lunes por la noche, pasadas las 21 hs, una vecina de la localidad de Carlos Beguerie alert\u00f3 a la polic\u00eda que autores ignorados intentaron ingresar a la casa del hijo, situada a metros de su propiedad, ubicada en un campo de la vecina localidad. Al escuchar ruidos, la se\u00f1ora\u2026","rel":"","context":"En \u00abInter\u00e9s General\u00bb","block_context":{"text":"Inter\u00e9s General","link":"https:\/\/revistagenesis.com\/?cat=1"},"img":{"alt_text":"","src":"https:\/\/i0.wp.com\/revistagenesis.com\/wp-content\/uploads\/2020\/01\/WaterMark_2020-01-28-15-34-19-1.jpg?fit=640%2C480&ssl=1&resize=350%2C200","width":350,"height":200,"srcset":"https:\/\/i0.wp.com\/revistagenesis.com\/wp-content\/uploads\/2020\/01\/WaterMark_2020-01-28-15-34-19-1.jpg?fit=640%2C480&ssl=1&resize=350%2C200 1x, https:\/\/i0.wp.com\/revistagenesis.com\/wp-content\/uploads\/2020\/01\/WaterMark_2020-01-28-15-34-19-1.jpg?fit=640%2C480&ssl=1&resize=525%2C300 1.5x"},"classes":[]},{"id":7166,"url":"https:\/\/revistagenesis.com\/?p=7166","url_meta":{"origin":181328,"position":2},"title":"C\u00e1maras de seguridad para Carlos Beguerie","author":"Nicolas Bagliere","date":"21\/11\/2016","format":false,"excerpt":"En \u00a0 los pr\u00f3ximos d\u00edas, estar\u00e1n llegando a la localidad de Carlos Beguerie, c\u00e1maras de seguridad que ser\u00e1n colocadas, \u00a0una a la entrada \u00a0y otra en el play\u00f3n ubicado en el predio del ferrocarril. Las mismas estar\u00e1n controladas desde la delegaci\u00f3n. Seg\u00fan cont\u00f3 el delegado, Daniel Lazcano, se est\u00e1 trabajando\u2026","rel":"","context":"En \u00abInter\u00e9s General\u00bb","block_context":{"text":"Inter\u00e9s General","link":"https:\/\/revistagenesis.com\/?cat=1"},"img":{"alt_text":"cartel-entrada-beguerie","src":"https:\/\/i0.wp.com\/www.revistagenesis.com\/wp-content\/uploads\/2016\/11\/cartel-entrada-beguerie.jpg?resize=350%2C200","width":350,"height":200},"classes":[]},{"id":5596,"url":"https:\/\/revistagenesis.com\/?p=5596","url_meta":{"origin":181328,"position":3},"title":"Festejos por el aniversario de Carlos Beguerie","author":"Nicolas Bagliere","date":"02\/08\/2016","format":false,"excerpt":"En el marco de su aniversario 104 de la localidad de Carlos Beguerie, este ser\u00e1 el cronograma de actividades: Domingo 7: \u00a0 11:00hs.\u00a0\u00a0 -\u00a0\u00a0\u00a0 Izamiento de Bandera en Plaza San Mart\u00edn. Himno Nacional Argentino. Ofrenda floral en el Monumento al Fundador. Inauguraci\u00f3n Museo \u201cLa Perla del Provincial\u201d. Invocaci\u00f3n Religiosa. Presentaci\u00f3n\u2026","rel":"","context":"En \u00abInter\u00e9s General\u00bb","block_context":{"text":"Inter\u00e9s General","link":"https:\/\/revistagenesis.com\/?cat=1"},"img":{"alt_text":"cartel entrada beguerie","src":"https:\/\/i0.wp.com\/www.revistagenesis.com\/wp-content\/uploads\/2016\/08\/cartel-entrada-beguerie.jpg?resize=350%2C200","width":350,"height":200},"classes":[]},{"id":10227,"url":"https:\/\/revistagenesis.com\/?p=10227","url_meta":{"origin":181328,"position":4},"title":"Remodelan la plaza de Carlos Beguerie","author":"Nicolas Bagliere","date":"30\/05\/2017","format":false,"excerpt":"Esta ma\u00f1ana, comenzaron con los trabajos de remodelacion de la plaza San Mart\u00edn de la localidad de Carlos Beguerie.Empleados de la delegaci\u00f3n, coordinados por el delegado, iniciaron los trabajos con maquinas para remover la tierra y extraer algunos arboles para cambiar la imagen de este espacio verde. Seg\u00fan cont\u00f3 el\u2026","rel":"","context":"En \u00abInter\u00e9s General\u00bb","block_context":{"text":"Inter\u00e9s General","link":"https:\/\/revistagenesis.com\/?cat=1"},"img":{"alt_text":"","src":"https:\/\/i0.wp.com\/revistagenesis.com\/wp-content\/uploads\/2017\/05\/FB_IMG_1496165890403.jpg?fit=552%2C331&ssl=1&resize=350%2C200","width":350,"height":200,"srcset":"https:\/\/i0.wp.com\/revistagenesis.com\/wp-content\/uploads\/2017\/05\/FB_IMG_1496165890403.jpg?fit=552%2C331&ssl=1&resize=350%2C200 1x, https:\/\/i0.wp.com\/revistagenesis.com\/wp-content\/uploads\/2017\/05\/FB_IMG_1496165890403.jpg?fit=552%2C331&ssl=1&resize=525%2C300 1.5x"},"classes":[]},{"id":3557,"url":"https:\/\/revistagenesis.com\/?p=3557","url_meta":{"origin":181328,"position":5},"title":"Imperdibles carnavales en Carlos Beguerie","author":"Nicolas Bagliere","date":"23\/01\/2016","format":false,"excerpt":"\u00a0 La \u00a0fiesta del Carnaval de Carlos Beguerie\u00a0 comenzar\u00e1 el s\u00e1bado 23 de enero, como en los viejos tiempos en el boulevard de la vecina localidad, continuando el 24 y 31 del mismo mes. Ser\u00e1n tres noches gratuitas donde van a participar tres instituciones (El Club Social, la escuela primaria\u2026","rel":"","context":"En \u00abInter\u00e9s General\u00bb","block_context":{"text":"Inter\u00e9s General","link":"https:\/\/revistagenesis.com\/?cat=1"},"img":{"alt_text":"","src":"https:\/\/i0.wp.com\/revistagenesis.com\/wp-content\/uploads\/2016\/01\/carlos-begue-1.jpg?fit=480%2C360&ssl=1&resize=350%2C200","width":350,"height":200},"classes":[]}],"jetpack_sharing_enabled":true,"_links":{"self":[{"href":"https:\/\/revistagenesis.com\/index.php?rest_route=\/wp\/v2\/posts\/181328","targetHints":{"allow":["GET"]}}],"collection":[{"href":"https:\/\/revistagenesis.com\/index.php?rest_route=\/wp\/v2\/posts"}],"about":[{"href":"https:\/\/revistagenesis.com\/index.php?rest_route=\/wp\/v2\/types\/post"}],"author":[{"embeddable":true,"href":"https:\/\/revistagenesis.com\/index.php?rest_route=\/wp\/v2\/users\/2"}],"replies":[{"embeddable":true,"href":"https:\/\/revistagenesis.com\/index.php?rest_route=%2Fwp%2Fv2%2Fcomments&post=181328"}],"version-history":[{"count":1,"href":"https:\/\/revistagenesis.com\/index.php?rest_route=\/wp\/v2\/posts\/181328\/revisions"}],"predecessor-version":[{"id":181332,"href":"https:\/\/revistagenesis.com\/index.php?rest_route=\/wp\/v2\/posts\/181328\/revisions\/181332"}],"wp:featuredmedia":[{"embeddable":true,"href":"https:\/\/revistagenesis.com\/index.php?rest_route=\/wp\/v2\/media\/181331"}],"wp:attachment":[{"href":"https:\/\/revistagenesis.com\/index.php?rest_route=%2Fwp%2Fv2%2Fmedia&parent=181328"}],"wp:term":[{"taxonomy":"category","embeddable":true,"href":"https:\/\/revistagenesis.com\/index.php?rest_route=%2Fwp%2Fv2%2Fcategories&post=181328"},{"taxonomy":"post_tag","embeddable":true,"href":"https:\/\/revistagenesis.com\/index.php?rest_route=%2Fwp%2Fv2%2Ftags&post=181328"}],"curies":[{"name":"wp","href":"https:\/\/api.w.org\/{rel}","templated":true}]}}