{"id":181326,"date":"2022-02-21T12:22:50","date_gmt":"2022-02-21T15:22:50","guid":{"rendered":"http:\/\/revistagenesis.com\/2022\/02\/21\/denuncia-de-hurto-en-un-transporte-de-cargas\/"},"modified":"2022-02-21T12:22:50","modified_gmt":"2022-02-21T15:22:50","slug":"denuncia-de-hurto-en-un-transporte-de-cargas","status":"publish","type":"post","link":"https:\/\/revistagenesis.com\/?p=181326","title":{"rendered":"DENUNCIA DE HURTO EN UN TRANSPORTE DE CARGAS"},"content":{"rendered":"\n<p><br>El d\u00eda s\u00e1bado 19\/02\/2022 a ra\u00edz de la denuncia radicada en la Estaci\u00f3n de Polic\u00eda de Seguridad Comunal de Roque P\u00e9rez se origin\u00f3 una causa judicial caratulada HURTO en la cual interviene la Unidad Funcional de Instrucci\u00f3n nro.2 de Saladillo a cargo de la Dra Patricia Hortel, estando la investigaci\u00f3n a cargo de la Ayudant\u00eda Fiscal de Roque P\u00e9rez, hecho en el cual el propietario, de una empresa de trasporte de de cargas en general, la cual no es oriundita de esta localidad, denuncia que el d\u00eda S\u00e1bado en horas de la ma\u00f1ana tomo conocimiento mediante audio chofer del cami\u00f3n, quien le refiri\u00f3 desperfectos en el rodado, y que lo dejar\u00eda a la vera de Ruta Nacional 205 a la altura de la balanza frente al Aero club de Lobos.- Constituido el denunciante, verific\u00f3 la sustracci\u00f3n varias cubiertas, las cuales hab\u00edan sido cambiadas por otros neum\u00e1ticos totalmente desgastados.- Habi\u00e9ndose realizado las correspondientes tareas investigativas, desde esta seccional se determin\u00f3 que el cami\u00f3n estuvo detenido y estacionado el d\u00eda viernes, por un extenso periodo de tiempo, a la altura de una gomer\u00eda existente sobre la ruta nacional 205 de Roque P\u00e9rez. Por lo que se efectu\u00f3 inspecci\u00f3n ley 13.081 sobre la gomer\u00eda en cuesti\u00f3n, donde se procedi\u00f3 a incautar 06 cubiertas las cuales fueron reconocidas en el sitio por el denunciante.- Puesta en conocimiento la Ayudant\u00eda Fiscal de Roque P\u00e9rez, dispuso se inicien actuaciones por el delito \u201cHURTO\u201d, siendo imputados del hecho el responsable de la gomer\u00eda y un empleado, como as\u00ed tambi\u00e9n el chofer del cami\u00f3n sobre el cual se presume participaci\u00f3n activa en del il\u00edcito denunciando.- <\/p>\n\n\n\n<figure class=\"wp-block-image size-large\"><img data-recalc-dims=\"1\" fetchpriority=\"high\" decoding=\"async\" width=\"955\" height=\"1024\" src=\"https:\/\/i0.wp.com\/revistagenesis.com\/wp-content\/uploads\/2022\/02\/img-20220221-wa00194652770813754452213.jpg?resize=955%2C1024&#038;ssl=1\" alt=\"\" class=\"wp-image-181324\" srcset=\"https:\/\/i0.wp.com\/revistagenesis.com\/wp-content\/uploads\/2022\/02\/img-20220221-wa00194652770813754452213.jpg?resize=955%2C1024&amp;ssl=1 955w, https:\/\/i0.wp.com\/revistagenesis.com\/wp-content\/uploads\/2022\/02\/img-20220221-wa00194652770813754452213.jpg?resize=280%2C300&amp;ssl=1 280w, https:\/\/i0.wp.com\/revistagenesis.com\/wp-content\/uploads\/2022\/02\/img-20220221-wa00194652770813754452213.jpg?resize=768%2C824&amp;ssl=1 768w, https:\/\/i0.wp.com\/revistagenesis.com\/wp-content\/uploads\/2022\/02\/img-20220221-wa00194652770813754452213.jpg?w=1119&amp;ssl=1 1119w\" sizes=\"(max-width: 955px) 100vw, 955px\" \/><\/figure>\n\n\n\n<p>En virtud que la causa se encuentra en plena etapa de investigaci\u00f3n no se suministran datos relativo a las identidades de las personas imputadas.-<\/p>\n","protected":false},"excerpt":{"rendered":"<p>El d\u00eda s\u00e1bado 19\/02\/2022 a ra\u00edz de la denuncia radicada en la Estaci\u00f3n de Polic\u00eda de Seguridad Comunal de Roque P\u00e9rez se origin\u00f3 una causa judicial caratulada HURTO en la cual interviene la Unidad Funcional de Instrucci\u00f3n nro.2 de Saladillo a cargo de la Dra Patricia Hortel, estando la investigaci\u00f3n a cargo de la Ayudant\u00eda &#8230; <a title=\"DENUNCIA DE HURTO EN UN TRANSPORTE DE CARGAS\" class=\"read-more\" href=\"https:\/\/revistagenesis.com\/?p=181326\">Leer mas<\/a><\/p>\n","protected":false},"author":2,"featured_media":181325,"comment_status":"open","ping_status":"open","sticky":false,"template":"","format":"standard","meta":{"jetpack_post_was_ever_published":false,"_jetpack_newsletter_access":"","_jetpack_dont_email_post_to_subs":false,"_jetpack_newsletter_tier_id":0,"_jetpack_memberships_contains_paywalled_content":false,"_jetpack_memberships_contains_paid_content":false,"footnotes":""},"categories":[1],"tags":[],"class_list":["post-181326","post","type-post","status-publish","format-standard","has-post-thumbnail","hentry","category-interes-general"],"jetpack_featured_media_url":"https:\/\/i0.wp.com\/revistagenesis.com\/wp-content\/uploads\/2022\/02\/IMG-20220221-WA0019.jpg?fit=1119%2C1200&ssl=1","jetpack_likes_enabled":true,"jetpack-related-posts":[{"id":182746,"url":"https:\/\/revistagenesis.com\/?p=182746","url_meta":{"origin":181326,"position":0},"title":"RECUPERAN EN LA VIA PUBLICA UNA BOMBA QUE HABIA SIDO SUSTRAIDA A UN VECINO.","author":"Nicolas Bagliere","date":"27\/11\/2023","format":false,"excerpt":"Desde la Jefatura de Policia de Seguridad Comunal Roque P\u00e9rez, se informa que el s\u00e1bado 25 de Noviembre, un vecino de Roque P\u00e9rez radic\u00f3 la denuncia donde autores ignorados le sustrajeron una bomba de vac\u00edo, valuada en trecientos mil pesos argentinos ($300.000). Implementando las tareas investigativas realizadas e inmediatamente alertados\u2026","rel":"","context":"En \u00abInter\u00e9s General\u00bb","block_context":{"text":"Inter\u00e9s General","link":"https:\/\/revistagenesis.com\/?cat=1"},"img":{"alt_text":"","src":"https:\/\/i0.wp.com\/revistagenesis.com\/wp-content\/uploads\/2023\/11\/20231025_1124164600915281750147254-1.jpg?fit=800%2C1200&ssl=1&resize=350%2C200","width":350,"height":200,"srcset":"https:\/\/i0.wp.com\/revistagenesis.com\/wp-content\/uploads\/2023\/11\/20231025_1124164600915281750147254-1.jpg?fit=800%2C1200&ssl=1&resize=350%2C200 1x, https:\/\/i0.wp.com\/revistagenesis.com\/wp-content\/uploads\/2023\/11\/20231025_1124164600915281750147254-1.jpg?fit=800%2C1200&ssl=1&resize=525%2C300 1.5x, https:\/\/i0.wp.com\/revistagenesis.com\/wp-content\/uploads\/2023\/11\/20231025_1124164600915281750147254-1.jpg?fit=800%2C1200&ssl=1&resize=700%2C400 2x"},"classes":[]},{"id":8212,"url":"https:\/\/revistagenesis.com\/?p=8212","url_meta":{"origin":181326,"position":1},"title":"Parte de prensa policial","author":"Nicolas Bagliere","date":"13\/02\/2017","format":false,"excerpt":"\u00a0 En el d\u00eda de ayer se iniciaron actuaciones contravencional por infracci\u00f3n al Art 61 de la ley 8031\/73 aun masculino el cual ingreso a una propiedad privada deshabitado en forma transitoria sin autorizaci\u00f3n, intervenci\u00f3n Juzgado de paz local.- 12\/02\/17 En horario de la tarde se produjo un accidente en\u2026","rel":"","context":"En \u00abInter\u00e9s General\u00bb","block_context":{"text":"Inter\u00e9s General","link":"https:\/\/revistagenesis.com\/?cat=1"},"img":{"alt_text":"","src":"https:\/\/i0.wp.com\/revistagenesis.com\/wp-content\/uploads\/2017\/02\/wp-1486248317077.jpg?fit=1200%2C900&ssl=1&resize=350%2C200","width":350,"height":200,"srcset":"https:\/\/i0.wp.com\/revistagenesis.com\/wp-content\/uploads\/2017\/02\/wp-1486248317077.jpg?fit=1200%2C900&ssl=1&resize=350%2C200 1x, https:\/\/i0.wp.com\/revistagenesis.com\/wp-content\/uploads\/2017\/02\/wp-1486248317077.jpg?fit=1200%2C900&ssl=1&resize=525%2C300 1.5x, https:\/\/i0.wp.com\/revistagenesis.com\/wp-content\/uploads\/2017\/02\/wp-1486248317077.jpg?fit=1200%2C900&ssl=1&resize=700%2C400 2x, https:\/\/i0.wp.com\/revistagenesis.com\/wp-content\/uploads\/2017\/02\/wp-1486248317077.jpg?fit=1200%2C900&ssl=1&resize=1050%2C600 3x"},"classes":[]},{"id":8125,"url":"https:\/\/revistagenesis.com\/?p=8125","url_meta":{"origin":181326,"position":2},"title":"Roban dinero de una vivienda","author":"Nicolas Bagliere","date":"07\/02\/2017","format":false,"excerpt":"\u00a0 En el d\u00eda de ayer, en horas de la ma\u00f1ana se toma denuncia a la ciudadana BRAVO ROSALIA quien manifiesta que se ausento el fin de semana de su domicilio junto a su familia ubicado en calle Tagliafico y al regresar el d\u00eda domingo por la noche observa que\u2026","rel":"","context":"En \u00abInter\u00e9s General\u00bb","block_context":{"text":"Inter\u00e9s General","link":"https:\/\/revistagenesis.com\/?cat=1"},"img":{"alt_text":"","src":"https:\/\/i0.wp.com\/revistagenesis.com\/wp-content\/uploads\/2017\/02\/wp-1486248317077.jpg?fit=1200%2C900&ssl=1&resize=350%2C200","width":350,"height":200,"srcset":"https:\/\/i0.wp.com\/revistagenesis.com\/wp-content\/uploads\/2017\/02\/wp-1486248317077.jpg?fit=1200%2C900&ssl=1&resize=350%2C200 1x, https:\/\/i0.wp.com\/revistagenesis.com\/wp-content\/uploads\/2017\/02\/wp-1486248317077.jpg?fit=1200%2C900&ssl=1&resize=525%2C300 1.5x, https:\/\/i0.wp.com\/revistagenesis.com\/wp-content\/uploads\/2017\/02\/wp-1486248317077.jpg?fit=1200%2C900&ssl=1&resize=700%2C400 2x, https:\/\/i0.wp.com\/revistagenesis.com\/wp-content\/uploads\/2017\/02\/wp-1486248317077.jpg?fit=1200%2C900&ssl=1&resize=1050%2C600 3x"},"classes":[]},{"id":9202,"url":"https:\/\/revistagenesis.com\/?p=9202","url_meta":{"origin":181326,"position":3},"title":"Apertura de sesiones ordinarias del HCD en Roque P\u00e9rez","author":"Nicolas Bagliere","date":"08\/04\/2017","format":false,"excerpt":"El viernes por la noche, se llev\u00f3 a cabo en el recinto del concejo deliberante, la apertura del per\u00edodo de sesiones ordinarias del H.C.D, la cual cont\u00f3 con un importante marco de autoridades y vecinos. El presidente del concejo, Jos\u00e9 Luis Demichelis y la secretaria de este cuerpo, Silvina Mill\u00e1n\u2026","rel":"","context":"En \u00abInter\u00e9s General\u00bb","block_context":{"text":"Inter\u00e9s General","link":"https:\/\/revistagenesis.com\/?cat=1"},"img":{"alt_text":"","src":"https:\/\/i0.wp.com\/revistagenesis.com\/wp-content\/uploads\/2017\/04\/DSC_3739.jpg?fit=1200%2C800&ssl=1&resize=350%2C200","width":350,"height":200,"srcset":"https:\/\/i0.wp.com\/revistagenesis.com\/wp-content\/uploads\/2017\/04\/DSC_3739.jpg?fit=1200%2C800&ssl=1&resize=350%2C200 1x, https:\/\/i0.wp.com\/revistagenesis.com\/wp-content\/uploads\/2017\/04\/DSC_3739.jpg?fit=1200%2C800&ssl=1&resize=525%2C300 1.5x, https:\/\/i0.wp.com\/revistagenesis.com\/wp-content\/uploads\/2017\/04\/DSC_3739.jpg?fit=1200%2C800&ssl=1&resize=700%2C400 2x, https:\/\/i0.wp.com\/revistagenesis.com\/wp-content\/uploads\/2017\/04\/DSC_3739.jpg?fit=1200%2C800&ssl=1&resize=1050%2C600 3x"},"classes":[]},{"id":10650,"url":"https:\/\/revistagenesis.com\/?p=10650","url_meta":{"origin":181326,"position":4},"title":"Muestra de Sancho en Roque Perez","author":"Nicolas Bagliere","date":"19\/06\/2017","format":false,"excerpt":"La Municipalidad de Roque P\u00e9rez invita a la comunidad a visitar la muestra de arte \"RETRATOS\" del reconocido pintor Fernando Sancho que ser\u00e1 instalada en el Galp\u00f3n de Exposiciones \"Jorge Caro\". La apertura de la misma tendr\u00e1 lugar el pr\u00f3ximo s\u00e1bado 24 de junio una vez finalizado el desfile c\u00edvico\u2026","rel":"","context":"En \u00abInter\u00e9s General\u00bb","block_context":{"text":"Inter\u00e9s General","link":"https:\/\/revistagenesis.com\/?cat=1"},"img":{"alt_text":"","src":"https:\/\/i0.wp.com\/revistagenesis.com\/wp-content\/uploads\/2017\/06\/FB_IMG_1497880038814.jpg?fit=720%2C508&ssl=1&resize=350%2C200","width":350,"height":200,"srcset":"https:\/\/i0.wp.com\/revistagenesis.com\/wp-content\/uploads\/2017\/06\/FB_IMG_1497880038814.jpg?fit=720%2C508&ssl=1&resize=350%2C200 1x, https:\/\/i0.wp.com\/revistagenesis.com\/wp-content\/uploads\/2017\/06\/FB_IMG_1497880038814.jpg?fit=720%2C508&ssl=1&resize=525%2C300 1.5x, https:\/\/i0.wp.com\/revistagenesis.com\/wp-content\/uploads\/2017\/06\/FB_IMG_1497880038814.jpg?fit=720%2C508&ssl=1&resize=700%2C400 2x"},"classes":[]},{"id":10379,"url":"https:\/\/revistagenesis.com\/?p=10379","url_meta":{"origin":181326,"position":5},"title":"Roque P\u00e9rez lee 2017","author":"Nicolas Bagliere","date":"06\/06\/2017","format":false,"excerpt":"En el mes de Junio, \u00a0previo a recibir el 104 aniversario de la autonom\u00eda de la ciudad, la municipalidad de Roque P\u00e9rez, organiza distintas actividades que a continuaci\u00f3n detallamos: \u00a0 \u00a0 Sabado 10 de Junio Brote po\u00e9tico en el aula Taller de lectura y escritura de abordaje po\u00e9tico para docentes.\u2026","rel":"","context":"En \u00abInter\u00e9s General\u00bb","block_context":{"text":"Inter\u00e9s General","link":"https:\/\/revistagenesis.com\/?cat=1"},"img":{"alt_text":"","src":"https:\/\/i0.wp.com\/revistagenesis.com\/wp-content\/uploads\/2017\/06\/roque-perez-lee.png?fit=393%2C589&ssl=1&resize=350%2C200","width":350,"height":200},"classes":[]}],"jetpack_sharing_enabled":true,"_links":{"self":[{"href":"https:\/\/revistagenesis.com\/index.php?rest_route=\/wp\/v2\/posts\/181326","targetHints":{"allow":["GET"]}}],"collection":[{"href":"https:\/\/revistagenesis.com\/index.php?rest_route=\/wp\/v2\/posts"}],"about":[{"href":"https:\/\/revistagenesis.com\/index.php?rest_route=\/wp\/v2\/types\/post"}],"author":[{"embeddable":true,"href":"https:\/\/revistagenesis.com\/index.php?rest_route=\/wp\/v2\/users\/2"}],"replies":[{"embeddable":true,"href":"https:\/\/revistagenesis.com\/index.php?rest_route=%2Fwp%2Fv2%2Fcomments&post=181326"}],"version-history":[{"count":1,"href":"https:\/\/revistagenesis.com\/index.php?rest_route=\/wp\/v2\/posts\/181326\/revisions"}],"predecessor-version":[{"id":181327,"href":"https:\/\/revistagenesis.com\/index.php?rest_route=\/wp\/v2\/posts\/181326\/revisions\/181327"}],"wp:featuredmedia":[{"embeddable":true,"href":"https:\/\/revistagenesis.com\/index.php?rest_route=\/wp\/v2\/media\/181325"}],"wp:attachment":[{"href":"https:\/\/revistagenesis.com\/index.php?rest_route=%2Fwp%2Fv2%2Fmedia&parent=181326"}],"wp:term":[{"taxonomy":"category","embeddable":true,"href":"https:\/\/revistagenesis.com\/index.php?rest_route=%2Fwp%2Fv2%2Fcategories&post=181326"},{"taxonomy":"post_tag","embeddable":true,"href":"https:\/\/revistagenesis.com\/index.php?rest_route=%2Fwp%2Fv2%2Ftags&post=181326"}],"curies":[{"name":"wp","href":"https:\/\/api.w.org\/{rel}","templated":true}]}}