{"id":181319,"date":"2022-02-18T11:28:35","date_gmt":"2022-02-18T14:28:35","guid":{"rendered":"http:\/\/revistagenesis.com\/?p=181319"},"modified":"2022-02-18T11:31:47","modified_gmt":"2022-02-18T14:31:47","slug":"cravero-siempre-dijimos-que-gasparini-era-un-intendente-testimonial","status":"publish","type":"post","link":"https:\/\/revistagenesis.com\/?p=181319","title":{"rendered":"CRAVERO: \u00abSIEMPRE DIJIMOS QUE GASPARINI SERIA UN INTENDENTE TESTIMONIAL\u00bb"},"content":{"rendered":"\n<p>El ex concejal y referente de Juntos, Juan Mar\u00eda Cravero, se refiri\u00f3 duramente al anuncio que indica que el intendente en uso de licencia Juan Carlos Gasparini se haya incorporado en las \u00faltimas horas al gabinete provincial de Axel Kiccillof.<\/p>\n\n\n\n<figure class=\"wp-block-image size-large\"><img data-recalc-dims=\"1\" fetchpriority=\"high\" decoding=\"async\" width=\"1024\" height=\"576\" src=\"https:\/\/i0.wp.com\/revistagenesis.com\/wp-content\/uploads\/2022\/02\/20220217_1856231419157823091773297.jpg?resize=1024%2C576&#038;ssl=1\" alt=\"\" class=\"wp-image-181320\" srcset=\"https:\/\/i0.wp.com\/revistagenesis.com\/wp-content\/uploads\/2022\/02\/20220217_1856231419157823091773297-scaled.jpg?resize=1024%2C576&amp;ssl=1 1024w, https:\/\/i0.wp.com\/revistagenesis.com\/wp-content\/uploads\/2022\/02\/20220217_1856231419157823091773297-scaled.jpg?resize=300%2C169&amp;ssl=1 300w, https:\/\/i0.wp.com\/revistagenesis.com\/wp-content\/uploads\/2022\/02\/20220217_1856231419157823091773297-scaled.jpg?resize=768%2C432&amp;ssl=1 768w, https:\/\/i0.wp.com\/revistagenesis.com\/wp-content\/uploads\/2022\/02\/20220217_1856231419157823091773297-scaled.jpg?resize=1536%2C864&amp;ssl=1 1536w, https:\/\/i0.wp.com\/revistagenesis.com\/wp-content\/uploads\/2022\/02\/20220217_1856231419157823091773297-scaled.jpg?resize=2048%2C1152&amp;ssl=1 2048w, https:\/\/i0.wp.com\/revistagenesis.com\/wp-content\/uploads\/2022\/02\/20220217_1856231419157823091773297-scaled.jpg?w=2400&amp;ssl=1 2400w\" sizes=\"(max-width: 1024px) 100vw, 1024px\" \/><\/figure>\n\n\n\n<p><iframe title=\"Cravero: &quot;Siempre lo dijimos que Gasparini ser\u00eda un intendente testimonial&quot;.\" width=\"1200\" height=\"675\" src=\"https:\/\/www.youtube.com\/embed\/23okSbPtJV0?feature=oembed\" frameborder=\"0\" allow=\"accelerometer; autoplay; clipboard-write; encrypted-media; gyroscope; picture-in-picture\" allowfullscreen title=\"Cravero: \"Siempre lo dijimos que Gasparini ser\u00eda un intendente testimonial\".\"><\/iframe><\/p>\n","protected":false},"excerpt":{"rendered":"<p>El ex concejal y referente de Juntos, Juan Mar\u00eda Cravero, se refiri\u00f3 duramente al anuncio que indica que el intendente en uso de licencia Juan Carlos Gasparini se haya incorporado en las \u00faltimas horas al gabinete provincial de Axel Kiccillof.<\/p>\n","protected":false},"author":2,"featured_media":181321,"comment_status":"open","ping_status":"open","sticky":false,"template":"","format":"standard","meta":{"jetpack_post_was_ever_published":false,"_jetpack_newsletter_access":"","_jetpack_dont_email_post_to_subs":false,"_jetpack_newsletter_tier_id":0,"_jetpack_memberships_contains_paywalled_content":false,"_jetpack_memberships_contains_paid_content":false,"footnotes":""},"categories":[1],"tags":[],"class_list":["post-181319","post","type-post","status-publish","format-standard","has-post-thumbnail","hentry","category-interes-general"],"jetpack_featured_media_url":"https:\/\/i0.wp.com\/revistagenesis.com\/wp-content\/uploads\/2022\/02\/20220217_185623-scaled.jpg?fit=2560%2C1440&ssl=1","jetpack_likes_enabled":true,"jetpack-related-posts":[{"id":5799,"url":"https:\/\/revistagenesis.com\/?p=5799","url_meta":{"origin":181319,"position":0},"title":"Cravero le pidio dialogo a Gasparini para trabajar por la seguridad","author":"Nicolas Bagliere","date":"17\/08\/2016","format":false,"excerpt":"El presidente de bloque de concejales de Cambiemos de Roque P\u00e9rez, Juan Mar\u00eda Cravero, solicit\u00f3 a Juan Carlos Gasparini, intendente municipal, acercar posicione para firmar un convenio de seguridad integral para la ciudad. En el video todo lo expresado por el concejal Cravero. \u00a0 \u00a0 \u00a0 \u00a0 https:\/\/youtu.be\/Zt0YWaMO6yk","rel":"","context":"En \u00abInter\u00e9s General\u00bb","block_context":{"text":"Inter\u00e9s General","link":"https:\/\/revistagenesis.com\/?cat=1"},"img":{"alt_text":"","src":"https:\/\/i0.wp.com\/revistagenesis.com\/wp-content\/uploads\/2016\/08\/wp-1471462322612.jpg?fit=1200%2C720&ssl=1&resize=350%2C200","width":350,"height":200,"srcset":"https:\/\/i0.wp.com\/revistagenesis.com\/wp-content\/uploads\/2016\/08\/wp-1471462322612.jpg?fit=1200%2C720&ssl=1&resize=350%2C200 1x, https:\/\/i0.wp.com\/revistagenesis.com\/wp-content\/uploads\/2016\/08\/wp-1471462322612.jpg?fit=1200%2C720&ssl=1&resize=525%2C300 1.5x, https:\/\/i0.wp.com\/revistagenesis.com\/wp-content\/uploads\/2016\/08\/wp-1471462322612.jpg?fit=1200%2C720&ssl=1&resize=700%2C400 2x, https:\/\/i0.wp.com\/revistagenesis.com\/wp-content\/uploads\/2016\/08\/wp-1471462322612.jpg?fit=1200%2C720&ssl=1&resize=1050%2C600 3x"},"classes":[]},{"id":6275,"url":"https:\/\/revistagenesis.com\/?p=6275","url_meta":{"origin":181319,"position":1},"title":"Llegaran 500 mil pesos destinados a seguridad","author":"Nicolas Bagliere","date":"26\/09\/2016","format":false,"excerpt":"\u00a0 D\u00edas\u00a0atr\u00e1s, Juan Mar\u00eda Cravero, presidente de Bloque de Camibiemos, gestion\u00f3 para Roque P\u00e9rez un convenio por un plan de seguridad que debe ser firmado entre el intendente Juan Carlos Gasparini y la Ministra de Seguridad de la Naci\u00f3n Patricia Bullrich. En un primer momento, Gasparini dijo desconocer este programa,\u2026","rel":"","context":"En \u00abInter\u00e9s General\u00bb","block_context":{"text":"Inter\u00e9s General","link":"https:\/\/revistagenesis.com\/?cat=1"},"img":{"alt_text":"","src":"https:\/\/i0.wp.com\/revistagenesis.com\/wp-content\/uploads\/2016\/09\/wp-1474673131228.jpg?fit=1200%2C675&ssl=1&resize=350%2C200","width":350,"height":200,"srcset":"https:\/\/i0.wp.com\/revistagenesis.com\/wp-content\/uploads\/2016\/09\/wp-1474673131228.jpg?fit=1200%2C675&ssl=1&resize=350%2C200 1x, https:\/\/i0.wp.com\/revistagenesis.com\/wp-content\/uploads\/2016\/09\/wp-1474673131228.jpg?fit=1200%2C675&ssl=1&resize=525%2C300 1.5x, https:\/\/i0.wp.com\/revistagenesis.com\/wp-content\/uploads\/2016\/09\/wp-1474673131228.jpg?fit=1200%2C675&ssl=1&resize=700%2C400 2x, https:\/\/i0.wp.com\/revistagenesis.com\/wp-content\/uploads\/2016\/09\/wp-1474673131228.jpg?fit=1200%2C675&ssl=1&resize=1050%2C600 3x"},"classes":[]},{"id":8695,"url":"https:\/\/revistagenesis.com\/?p=8695","url_meta":{"origin":181319,"position":2},"title":"Cravero cuestion\u00f3 a Gasparini por la inseguridad","author":"Nicolas Bagliere","date":"14\/03\/2017","format":false,"excerpt":"El concejal de Cambiemos, Juan Maria Cravero, enumer\u00f3 los hechos delictivos que sucedieron en los \u00faltimos 15 d\u00edas y exigi\u00f3 que haya cambios en la c\u00fapula policial. \"Como vecino y concejal ya\u00a0hace bastante tiempo que reclamamos por mas seguridad en nuestra ciudad. La realidad es que el ejecutivo municipal no\u2026","rel":"","context":"En \u00abInter\u00e9s General\u00bb","block_context":{"text":"Inter\u00e9s General","link":"https:\/\/revistagenesis.com\/?cat=1"},"img":{"alt_text":"","src":"https:\/\/i0.wp.com\/revistagenesis.com\/wp-content\/uploads\/2017\/03\/wp-1489519830047.jpg?fit=1200%2C675&ssl=1&resize=350%2C200","width":350,"height":200,"srcset":"https:\/\/i0.wp.com\/revistagenesis.com\/wp-content\/uploads\/2017\/03\/wp-1489519830047.jpg?fit=1200%2C675&ssl=1&resize=350%2C200 1x, https:\/\/i0.wp.com\/revistagenesis.com\/wp-content\/uploads\/2017\/03\/wp-1489519830047.jpg?fit=1200%2C675&ssl=1&resize=525%2C300 1.5x, https:\/\/i0.wp.com\/revistagenesis.com\/wp-content\/uploads\/2017\/03\/wp-1489519830047.jpg?fit=1200%2C675&ssl=1&resize=700%2C400 2x, https:\/\/i0.wp.com\/revistagenesis.com\/wp-content\/uploads\/2017\/03\/wp-1489519830047.jpg?fit=1200%2C675&ssl=1&resize=1050%2C600 3x"},"classes":[]},{"id":182456,"url":"https:\/\/revistagenesis.com\/?p=182456","url_meta":{"origin":181319,"position":3},"title":"PASO 2023:SCIAINI  Y CRAVERO FUERON LOS GANADORES.","author":"Nicolas Bagliere","date":"15\/08\/2023","format":false,"excerpt":"Las elecciones primarias abiertas, simult\u00e1neas y obligatorias (PASO) en Roque P\u00e9rez posicionaron para octubre al ex concejal Maximiliano Sciaini que dej\u00f3 en el camino al actual intendente interino Jose Luis Horna. El candidato massista se qued\u00f3 con el triunfo de la interna al obtener el 37% sobre 25% obtenido por\u2026","rel":"","context":"En \u00abPol\u00edtica\u00bb","block_context":{"text":"Pol\u00edtica","link":"https:\/\/revistagenesis.com\/?cat=130"},"img":{"alt_text":"","src":"https:\/\/i0.wp.com\/revistagenesis.com\/wp-content\/uploads\/2023\/08\/20230815_000758-scaled.jpg?fit=1200%2C1200&ssl=1&resize=350%2C200","width":350,"height":200,"srcset":"https:\/\/i0.wp.com\/revistagenesis.com\/wp-content\/uploads\/2023\/08\/20230815_000758-scaled.jpg?fit=1200%2C1200&ssl=1&resize=350%2C200 1x, https:\/\/i0.wp.com\/revistagenesis.com\/wp-content\/uploads\/2023\/08\/20230815_000758-scaled.jpg?fit=1200%2C1200&ssl=1&resize=525%2C300 1.5x, https:\/\/i0.wp.com\/revistagenesis.com\/wp-content\/uploads\/2023\/08\/20230815_000758-scaled.jpg?fit=1200%2C1200&ssl=1&resize=700%2C400 2x, https:\/\/i0.wp.com\/revistagenesis.com\/wp-content\/uploads\/2023\/08\/20230815_000758-scaled.jpg?fit=1200%2C1200&ssl=1&resize=1050%2C600 3x"},"classes":[]},{"id":169733,"url":"https:\/\/revistagenesis.com\/?p=169733","url_meta":{"origin":181319,"position":4},"title":"La doctora Testa brind\u00f3 un parte medico del intendente Gasparini","author":"Nicolas Bagliere","date":"12\/06\/2018","format":false,"excerpt":"Esta ma\u00f1ana, la directira de salud, Dra. Eleonora Testa, inform\u00f3 sobre la salud del intendente Juan Carlos Gasparini. \" Tiene que hacer reposo, tomar\u00e1 una licancia y en su lugar asumir\u00e1 Horna\" indic\u00f3. Gasparini \u201cestuvo la semana pasada internado en el Hospital Italiano de La Plata para hacerse estudios de\u2026","rel":"","context":"En \u00abInter\u00e9s General\u00bb","block_context":{"text":"Inter\u00e9s General","link":"https:\/\/revistagenesis.com\/?cat=1"},"img":{"alt_text":"","src":"https:\/\/i0.wp.com\/revistagenesis.com\/wp-content\/uploads\/2018\/06\/20180612_1028251751814150.jpg?fit=1200%2C675&ssl=1&resize=350%2C200","width":350,"height":200,"srcset":"https:\/\/i0.wp.com\/revistagenesis.com\/wp-content\/uploads\/2018\/06\/20180612_1028251751814150.jpg?fit=1200%2C675&ssl=1&resize=350%2C200 1x, https:\/\/i0.wp.com\/revistagenesis.com\/wp-content\/uploads\/2018\/06\/20180612_1028251751814150.jpg?fit=1200%2C675&ssl=1&resize=525%2C300 1.5x, https:\/\/i0.wp.com\/revistagenesis.com\/wp-content\/uploads\/2018\/06\/20180612_1028251751814150.jpg?fit=1200%2C675&ssl=1&resize=700%2C400 2x, https:\/\/i0.wp.com\/revistagenesis.com\/wp-content\/uploads\/2018\/06\/20180612_1028251751814150.jpg?fit=1200%2C675&ssl=1&resize=1050%2C600 3x"},"classes":[]},{"id":172336,"url":"https:\/\/revistagenesis.com\/?p=172336","url_meta":{"origin":181319,"position":5},"title":"Vidal en Roque P\u00e9rez: \u00abNo vamos a dejar solos a los trabajadores\u00bb.","author":"Nicolas Bagliere","date":"01\/02\/2019","format":false,"excerpt":"La gobernadora de la provincia de Buenos Aires, estuvo en las nuevas instalaciones del Frigor\u00edfico Roque P\u00e9rez, dialog\u00f3 unos minutos con los empleados despedidos de Criave y luego fue recibida por el Intendente Juan Carlos Gasparini y el intendente interino Jos\u00e9 Luis Horna en el municipio. Luego de la reuni\u00f3n\u2026","rel":"","context":"En \u00abInter\u00e9s General\u00bb","block_context":{"text":"Inter\u00e9s General","link":"https:\/\/revistagenesis.com\/?cat=1"},"img":{"alt_text":"","src":"https:\/\/i0.wp.com\/revistagenesis.com\/wp-content\/uploads\/2019\/02\/dsc_39152136573088.jpg?fit=1200%2C800&ssl=1&resize=350%2C200","width":350,"height":200,"srcset":"https:\/\/i0.wp.com\/revistagenesis.com\/wp-content\/uploads\/2019\/02\/dsc_39152136573088.jpg?fit=1200%2C800&ssl=1&resize=350%2C200 1x, https:\/\/i0.wp.com\/revistagenesis.com\/wp-content\/uploads\/2019\/02\/dsc_39152136573088.jpg?fit=1200%2C800&ssl=1&resize=525%2C300 1.5x, https:\/\/i0.wp.com\/revistagenesis.com\/wp-content\/uploads\/2019\/02\/dsc_39152136573088.jpg?fit=1200%2C800&ssl=1&resize=700%2C400 2x, https:\/\/i0.wp.com\/revistagenesis.com\/wp-content\/uploads\/2019\/02\/dsc_39152136573088.jpg?fit=1200%2C800&ssl=1&resize=1050%2C600 3x"},"classes":[]}],"jetpack_sharing_enabled":true,"_links":{"self":[{"href":"https:\/\/revistagenesis.com\/index.php?rest_route=\/wp\/v2\/posts\/181319","targetHints":{"allow":["GET"]}}],"collection":[{"href":"https:\/\/revistagenesis.com\/index.php?rest_route=\/wp\/v2\/posts"}],"about":[{"href":"https:\/\/revistagenesis.com\/index.php?rest_route=\/wp\/v2\/types\/post"}],"author":[{"embeddable":true,"href":"https:\/\/revistagenesis.com\/index.php?rest_route=\/wp\/v2\/users\/2"}],"replies":[{"embeddable":true,"href":"https:\/\/revistagenesis.com\/index.php?rest_route=%2Fwp%2Fv2%2Fcomments&post=181319"}],"version-history":[{"count":2,"href":"https:\/\/revistagenesis.com\/index.php?rest_route=\/wp\/v2\/posts\/181319\/revisions"}],"predecessor-version":[{"id":181323,"href":"https:\/\/revistagenesis.com\/index.php?rest_route=\/wp\/v2\/posts\/181319\/revisions\/181323"}],"wp:featuredmedia":[{"embeddable":true,"href":"https:\/\/revistagenesis.com\/index.php?rest_route=\/wp\/v2\/media\/181321"}],"wp:attachment":[{"href":"https:\/\/revistagenesis.com\/index.php?rest_route=%2Fwp%2Fv2%2Fmedia&parent=181319"}],"wp:term":[{"taxonomy":"category","embeddable":true,"href":"https:\/\/revistagenesis.com\/index.php?rest_route=%2Fwp%2Fv2%2Fcategories&post=181319"},{"taxonomy":"post_tag","embeddable":true,"href":"https:\/\/revistagenesis.com\/index.php?rest_route=%2Fwp%2Fv2%2Ftags&post=181319"}],"curies":[{"name":"wp","href":"https:\/\/api.w.org\/{rel}","templated":true}]}}