{"id":181314,"date":"2022-02-07T09:41:21","date_gmt":"2022-02-07T12:41:21","guid":{"rendered":"http:\/\/revistagenesis.com\/2022\/02\/07\/multiple-accidente-en-ruta-30\/"},"modified":"2022-02-07T09:41:21","modified_gmt":"2022-02-07T12:41:21","slug":"multiple-accidente-en-ruta-30","status":"publish","type":"post","link":"https:\/\/revistagenesis.com\/?p=181314","title":{"rendered":"MULTIPLE ACCIDENTE EN RUTA 30."},"content":{"rendered":"\n<p><br>Un camion cerealero y un camioneta protagonizaron la colision en ruta 30, bajada a paraje El Arbolito.<br>Un tercer camioneta tambien fue alcanzada.<br>Seg\u00fan lo relatado por el ch\u00f3fer de la segunda camioneta, un camion que se trasladaba en sentido Roque Perez- Pedernales, bajo bruscamente hacia El Arbolito y el camion que venia detras debio maniobrar, colisionando con la camioneta Ford F100 blanca, un camioneta tambien Ford que venia detras esquivo, pero termino golpando la parte trasera.<br>Los dos ocupantes de la camioneta oriunda de Moquehua quedaron atrapados y fueron trasladados al centro de Salud de Roque P\u00e9rez, con traumatismos diversos.<br>El camionero del transporte mayor oriundo de Maipu, tambi\u00e9n fue trasladado sin lesiones aparentes.<br>La ruta se encuentra cortada con desv\u00edos, por el el Arbolito.<\/p>\n\n\n\n<figure class=\"wp-block-image size-large\"><img data-recalc-dims=\"1\" fetchpriority=\"high\" decoding=\"async\" width=\"1024\" height=\"576\" src=\"https:\/\/i0.wp.com\/revistagenesis.com\/wp-content\/uploads\/2022\/02\/0_20220207_092120_watermark_lun3299452361221045840.jpg?resize=1024%2C576&#038;ssl=1\" alt=\"\" class=\"wp-image-181312\" srcset=\"https:\/\/i0.wp.com\/revistagenesis.com\/wp-content\/uploads\/2022\/02\/0_20220207_092120_watermark_lun3299452361221045840-scaled.jpg?resize=1024%2C576&amp;ssl=1 1024w, https:\/\/i0.wp.com\/revistagenesis.com\/wp-content\/uploads\/2022\/02\/0_20220207_092120_watermark_lun3299452361221045840-scaled.jpg?resize=300%2C169&amp;ssl=1 300w, https:\/\/i0.wp.com\/revistagenesis.com\/wp-content\/uploads\/2022\/02\/0_20220207_092120_watermark_lun3299452361221045840-scaled.jpg?resize=768%2C432&amp;ssl=1 768w, https:\/\/i0.wp.com\/revistagenesis.com\/wp-content\/uploads\/2022\/02\/0_20220207_092120_watermark_lun3299452361221045840-scaled.jpg?resize=1536%2C864&amp;ssl=1 1536w, https:\/\/i0.wp.com\/revistagenesis.com\/wp-content\/uploads\/2022\/02\/0_20220207_092120_watermark_lun3299452361221045840-scaled.jpg?resize=2048%2C1152&amp;ssl=1 2048w, https:\/\/i0.wp.com\/revistagenesis.com\/wp-content\/uploads\/2022\/02\/0_20220207_092120_watermark_lun3299452361221045840-scaled.jpg?w=2400&amp;ssl=1 2400w\" sizes=\"(max-width: 1024px) 100vw, 1024px\" \/><\/figure>\n","protected":false},"excerpt":{"rendered":"<p>Un camion cerealero y un camioneta protagonizaron la colision en ruta 30, bajada a paraje El Arbolito.Un tercer camioneta tambien fue alcanzada.Seg\u00fan lo relatado por el ch\u00f3fer de la segunda camioneta, un camion que se trasladaba en sentido Roque Perez- Pedernales, bajo bruscamente hacia El Arbolito y el camion que venia detras debio maniobrar, colisionando &#8230; <a title=\"MULTIPLE ACCIDENTE EN RUTA 30.\" class=\"read-more\" href=\"https:\/\/revistagenesis.com\/?p=181314\">Leer mas<\/a><\/p>\n","protected":false},"author":2,"featured_media":181313,"comment_status":"open","ping_status":"open","sticky":false,"template":"","format":"standard","meta":{"jetpack_post_was_ever_published":false,"_jetpack_newsletter_access":"","_jetpack_dont_email_post_to_subs":false,"_jetpack_newsletter_tier_id":0,"_jetpack_memberships_contains_paywalled_content":false,"_jetpack_memberships_contains_paid_content":false,"footnotes":""},"categories":[1],"tags":[],"class_list":["post-181314","post","type-post","status-publish","format-standard","has-post-thumbnail","hentry","category-interes-general"],"jetpack_featured_media_url":"https:\/\/i0.wp.com\/revistagenesis.com\/wp-content\/uploads\/2022\/02\/0_20220207_092120_watermark_lun._07022022_093520-scaled.jpg?fit=2560%2C1440&ssl=1","jetpack_likes_enabled":true,"jetpack-related-posts":[{"id":183198,"url":"https:\/\/revistagenesis.com\/?p=183198","url_meta":{"origin":181314,"position":0},"title":"CHOQUE ENTRE UN CAMION DE SALADILLO Y UNA CAMIONETA EN RUTA 205.","author":"Nicolas Bagliere","date":"31\/05\/2024","format":false,"excerpt":"Este viernes, cerca de las 8.30 de la ma\u00f1ana,\u00a0 fueron convocados los Bomberos Roque P\u00e9rez por un accidente en ruta 205, km 140 aprox., protagonizado por un cami\u00f3n Iveco y una camioneta Nissan. Por causas que son materia de investigaci\u00f3n,\u00a0 el veh\u00edculo pick up marca Nissan mod Frontier, conducido por\u2026","rel":"","context":"En \u00abInter\u00e9s General\u00bb","block_context":{"text":"Inter\u00e9s General","link":"https:\/\/revistagenesis.com\/?cat=1"},"img":{"alt_text":"","src":"https:\/\/i0.wp.com\/revistagenesis.com\/wp-content\/uploads\/2024\/05\/IMG-20240531-WA0015.jpg?fit=1200%2C900&ssl=1&resize=350%2C200","width":350,"height":200,"srcset":"https:\/\/i0.wp.com\/revistagenesis.com\/wp-content\/uploads\/2024\/05\/IMG-20240531-WA0015.jpg?fit=1200%2C900&ssl=1&resize=350%2C200 1x, https:\/\/i0.wp.com\/revistagenesis.com\/wp-content\/uploads\/2024\/05\/IMG-20240531-WA0015.jpg?fit=1200%2C900&ssl=1&resize=525%2C300 1.5x, https:\/\/i0.wp.com\/revistagenesis.com\/wp-content\/uploads\/2024\/05\/IMG-20240531-WA0015.jpg?fit=1200%2C900&ssl=1&resize=700%2C400 2x, https:\/\/i0.wp.com\/revistagenesis.com\/wp-content\/uploads\/2024\/05\/IMG-20240531-WA0015.jpg?fit=1200%2C900&ssl=1&resize=1050%2C600 3x"},"classes":[]},{"id":10021,"url":"https:\/\/revistagenesis.com\/?p=10021","url_meta":{"origin":181314,"position":1},"title":"Saladillense ileso luego de un vuelco en la ruta 205","author":"Nicolas Bagliere","date":"24\/05\/2017","format":false,"excerpt":"Este miercoles, se produjo un accidente en la ruta nacional 205 a la altura del km 149. El hecho sucedio pasadas las 13.30, cuando una camioneta Tudson toco la parte delantera de una camion Iveco, provocando que volcara sobre la banquina.El conductor de camion, oriundo de Saladillo resulto ileso de\u2026","rel":"","context":"En \u00abInter\u00e9s General\u00bb","block_context":{"text":"Inter\u00e9s General","link":"https:\/\/revistagenesis.com\/?cat=1"},"img":{"alt_text":"","src":"https:\/\/i0.wp.com\/revistagenesis.com\/wp-content\/uploads\/2017\/05\/20170524_140422.jpg?fit=1200%2C900&ssl=1&resize=350%2C200","width":350,"height":200,"srcset":"https:\/\/i0.wp.com\/revistagenesis.com\/wp-content\/uploads\/2017\/05\/20170524_140422.jpg?fit=1200%2C900&ssl=1&resize=350%2C200 1x, https:\/\/i0.wp.com\/revistagenesis.com\/wp-content\/uploads\/2017\/05\/20170524_140422.jpg?fit=1200%2C900&ssl=1&resize=525%2C300 1.5x, https:\/\/i0.wp.com\/revistagenesis.com\/wp-content\/uploads\/2017\/05\/20170524_140422.jpg?fit=1200%2C900&ssl=1&resize=700%2C400 2x, https:\/\/i0.wp.com\/revistagenesis.com\/wp-content\/uploads\/2017\/05\/20170524_140422.jpg?fit=1200%2C900&ssl=1&resize=1050%2C600 3x"},"classes":[]},{"id":4889,"url":"https:\/\/revistagenesis.com\/?p=4889","url_meta":{"origin":181314,"position":2},"title":"Tragico accidente en la ruta 205","author":"Nicolas Bagliere","date":"06\/05\/2016","format":false,"excerpt":"Pasadas las 07:20 fueron convocados los bomberos voluntarios de nuestra ciudad tras producirse una colisi\u00f3n frontal en el kil\u00f3metro 173 de la ruta nacional 205. All\u00ed impactaron violentamente una camioneta y un autom\u00f3vil y tras el choque los dos veh\u00edculos tomaron fuego y se incendiaron totalmente. El conductor del auto\u2026","rel":"","context":"En \u00abInter\u00e9s General\u00bb","block_context":{"text":"Inter\u00e9s General","link":"https:\/\/revistagenesis.com\/?cat=1"},"img":{"alt_text":"","src":"https:\/\/i0.wp.com\/revistagenesis.com\/wp-content\/uploads\/2016\/05\/307.jpg?fit=848%2C477&ssl=1&resize=350%2C200","width":350,"height":200,"srcset":"https:\/\/i0.wp.com\/revistagenesis.com\/wp-content\/uploads\/2016\/05\/307.jpg?fit=848%2C477&ssl=1&resize=350%2C200 1x, https:\/\/i0.wp.com\/revistagenesis.com\/wp-content\/uploads\/2016\/05\/307.jpg?fit=848%2C477&ssl=1&resize=525%2C300 1.5x, https:\/\/i0.wp.com\/revistagenesis.com\/wp-content\/uploads\/2016\/05\/307.jpg?fit=848%2C477&ssl=1&resize=700%2C400 2x"},"classes":[]},{"id":181749,"url":"https:\/\/revistagenesis.com\/?p=181749","url_meta":{"origin":181314,"position":3},"title":"FATAL ACCIDENTE EN LA RUTA 205","author":"Nicolas Bagliere","date":"27\/07\/2022","format":"image","excerpt":"Este miercoles, pasadas las 18.30 ,se produjo un choque frontal entre un cami\u00f3n y una camioneta utilitaria del que resultaron dos personas fallecidas que quedaron atrapadas en el utilitario. El cami\u00f3n circulaba en sentido Capital Federal- Saladillo y la camioneta en sentido contrario. En el lugar, trabajaron Bomberos Voluntarios de\u2026","rel":"","context":"En \u00abInter\u00e9s General\u00bb","block_context":{"text":"Inter\u00e9s General","link":"https:\/\/revistagenesis.com\/?cat=1"},"img":{"alt_text":"","src":"https:\/\/i0.wp.com\/revistagenesis.com\/wp-content\/uploads\/2022\/07\/0_IMG-20220727-WA0209_watermark_miC3A9._27072022_203743.jpg?fit=1032%2C774&ssl=1&resize=350%2C200","width":350,"height":200,"srcset":"https:\/\/i0.wp.com\/revistagenesis.com\/wp-content\/uploads\/2022\/07\/0_IMG-20220727-WA0209_watermark_miC3A9._27072022_203743.jpg?fit=1032%2C774&ssl=1&resize=350%2C200 1x, https:\/\/i0.wp.com\/revistagenesis.com\/wp-content\/uploads\/2022\/07\/0_IMG-20220727-WA0209_watermark_miC3A9._27072022_203743.jpg?fit=1032%2C774&ssl=1&resize=525%2C300 1.5x, https:\/\/i0.wp.com\/revistagenesis.com\/wp-content\/uploads\/2022\/07\/0_IMG-20220727-WA0209_watermark_miC3A9._27072022_203743.jpg?fit=1032%2C774&ssl=1&resize=700%2C400 2x"},"classes":[]},{"id":168996,"url":"https:\/\/revistagenesis.com\/?p=168996","url_meta":{"origin":181314,"position":4},"title":"Una familia de Saladillo call\u00f3 con su camioneta a una cuneta y salv\u00f3 su vida de milagro","author":"Nicolas Bagliere","date":"04\/05\/2018","format":false,"excerpt":"El accidente ocurri\u00f3 esta ma\u00f1ana a las 7:25 hs en el km 153 aproximadamente de ruta 205, cuando la Eco Sport en que se trasladaban salio de la cinta asf\u00e1ltica y cayo en lo profundo del canal que atraviesa la ruta La familia que es oriunda de Saladillo, llevaba colocado\u2026","rel":"","context":"En \u00abInter\u00e9s General\u00bb","block_context":{"text":"Inter\u00e9s General","link":"https:\/\/revistagenesis.com\/?cat=1"},"img":{"alt_text":"","src":"https:\/\/i0.wp.com\/revistagenesis.com\/wp-content\/uploads\/2018\/05\/IMG-20180504-WA0065.jpg?fit=1032%2C774&ssl=1&resize=350%2C200","width":350,"height":200,"srcset":"https:\/\/i0.wp.com\/revistagenesis.com\/wp-content\/uploads\/2018\/05\/IMG-20180504-WA0065.jpg?fit=1032%2C774&ssl=1&resize=350%2C200 1x, https:\/\/i0.wp.com\/revistagenesis.com\/wp-content\/uploads\/2018\/05\/IMG-20180504-WA0065.jpg?fit=1032%2C774&ssl=1&resize=525%2C300 1.5x, https:\/\/i0.wp.com\/revistagenesis.com\/wp-content\/uploads\/2018\/05\/IMG-20180504-WA0065.jpg?fit=1032%2C774&ssl=1&resize=700%2C400 2x"},"classes":[]},{"id":175698,"url":"https:\/\/revistagenesis.com\/?p=175698","url_meta":{"origin":181314,"position":5},"title":"PARTE MEDICO DE LA MUJER ACCIDENTADA EN EL VUELCO DE UNA CAMIONETA EN LA RUTA 205","author":"Nicolas Bagliere","date":"29\/01\/2020","format":false,"excerpt":"\u00a0 Este martes por la tarde, fueron convocados los Bomberos Voluntarios de Roque Perez, a ra\u00edz de un vuelco de una Renault Duster en el km 140 de ruta 205.La camioneta era conducida por una mujer de 58 a\u00f1os oriunda de CABA, en sentido Saladillo-Roque P\u00e9rez, cuando al intentar pasar\u2026","rel":"","context":"En \u00abInter\u00e9s General\u00bb","block_context":{"text":"Inter\u00e9s General","link":"https:\/\/revistagenesis.com\/?cat=1"},"img":{"alt_text":"","src":"https:\/\/i0.wp.com\/revistagenesis.com\/wp-content\/uploads\/2020\/01\/IMG-20200129-WA0020.jpg?fit=1032%2C477&ssl=1&resize=350%2C200","width":350,"height":200,"srcset":"https:\/\/i0.wp.com\/revistagenesis.com\/wp-content\/uploads\/2020\/01\/IMG-20200129-WA0020.jpg?fit=1032%2C477&ssl=1&resize=350%2C200 1x, https:\/\/i0.wp.com\/revistagenesis.com\/wp-content\/uploads\/2020\/01\/IMG-20200129-WA0020.jpg?fit=1032%2C477&ssl=1&resize=525%2C300 1.5x, https:\/\/i0.wp.com\/revistagenesis.com\/wp-content\/uploads\/2020\/01\/IMG-20200129-WA0020.jpg?fit=1032%2C477&ssl=1&resize=700%2C400 2x"},"classes":[]}],"jetpack_sharing_enabled":true,"_links":{"self":[{"href":"https:\/\/revistagenesis.com\/index.php?rest_route=\/wp\/v2\/posts\/181314","targetHints":{"allow":["GET"]}}],"collection":[{"href":"https:\/\/revistagenesis.com\/index.php?rest_route=\/wp\/v2\/posts"}],"about":[{"href":"https:\/\/revistagenesis.com\/index.php?rest_route=\/wp\/v2\/types\/post"}],"author":[{"embeddable":true,"href":"https:\/\/revistagenesis.com\/index.php?rest_route=\/wp\/v2\/users\/2"}],"replies":[{"embeddable":true,"href":"https:\/\/revistagenesis.com\/index.php?rest_route=%2Fwp%2Fv2%2Fcomments&post=181314"}],"version-history":[{"count":0,"href":"https:\/\/revistagenesis.com\/index.php?rest_route=\/wp\/v2\/posts\/181314\/revisions"}],"wp:featuredmedia":[{"embeddable":true,"href":"https:\/\/revistagenesis.com\/index.php?rest_route=\/wp\/v2\/media\/181313"}],"wp:attachment":[{"href":"https:\/\/revistagenesis.com\/index.php?rest_route=%2Fwp%2Fv2%2Fmedia&parent=181314"}],"wp:term":[{"taxonomy":"category","embeddable":true,"href":"https:\/\/revistagenesis.com\/index.php?rest_route=%2Fwp%2Fv2%2Fcategories&post=181314"},{"taxonomy":"post_tag","embeddable":true,"href":"https:\/\/revistagenesis.com\/index.php?rest_route=%2Fwp%2Fv2%2Ftags&post=181314"}],"curies":[{"name":"wp","href":"https:\/\/api.w.org\/{rel}","templated":true}]}}