{"id":181192,"date":"2021-11-01T10:42:49","date_gmt":"2021-11-01T13:42:49","guid":{"rendered":"http:\/\/revistagenesis.com\/?p=181192"},"modified":"2021-11-01T11:19:19","modified_gmt":"2021-11-01T14:19:19","slug":"veo-una-campana-del-frente-de-todos-basada-en-el-ataque-y-no-en-propuestas","status":"publish","type":"post","link":"https:\/\/revistagenesis.com\/?p=181192","title":{"rendered":"\u00abVEO UNA CAMPA\u00d1A DEL FRENTE DE TODOS BASADA EN EL ATAQUE Y NO EN PROPUESTAS\u00bb."},"content":{"rendered":"\n<p>El primer candidato de la lista de Juntos, Jorge Cravero, habl\u00f3 de las pr\u00f3ximas elecciones el 14 de Noviembre, expresando la falta de di\u00e1logo con el ejecutivo y el desgaste que observa en la gesti\u00f3n de Gasparini.<\/p>\n\n\n\n<figure class=\"wp-block-image size-large\"><img data-recalc-dims=\"1\" fetchpriority=\"high\" decoding=\"async\" width=\"1024\" height=\"580\" src=\"https:\/\/i0.wp.com\/revistagenesis.com\/wp-content\/uploads\/2021\/11\/img-20211031-wa00048681693142397041000-1024x580.jpg?resize=1024%2C580&#038;ssl=1\" alt=\"\" class=\"wp-image-181191\" srcset=\"https:\/\/i0.wp.com\/revistagenesis.com\/wp-content\/uploads\/2021\/11\/img-20211031-wa00048681693142397041000.jpg?resize=1024%2C580&amp;ssl=1 1024w, https:\/\/i0.wp.com\/revistagenesis.com\/wp-content\/uploads\/2021\/11\/img-20211031-wa00048681693142397041000.jpg?resize=300%2C170&amp;ssl=1 300w, https:\/\/i0.wp.com\/revistagenesis.com\/wp-content\/uploads\/2021\/11\/img-20211031-wa00048681693142397041000.jpg?resize=768%2C435&amp;ssl=1 768w, https:\/\/i0.wp.com\/revistagenesis.com\/wp-content\/uploads\/2021\/11\/img-20211031-wa00048681693142397041000.jpg?resize=1536%2C870&amp;ssl=1 1536w, https:\/\/i0.wp.com\/revistagenesis.com\/wp-content\/uploads\/2021\/11\/img-20211031-wa00048681693142397041000.jpg?w=1599&amp;ssl=1 1599w\" sizes=\"(max-width: 1024px) 100vw, 1024px\" \/><\/figure>\n\n\n\n<p><iframe title=\"&quot;VEO UNA CAMPA\u00d1A DEL FRENTE DE TODOS BASADA EN EL ATAQUE Y NO EN PROPUESTAS&quot;.\" width=\"1200\" height=\"675\" src=\"https:\/\/www.youtube.com\/embed\/dsjqZarO-Vs?feature=oembed\" frameborder=\"0\" allow=\"accelerometer; autoplay; clipboard-write; encrypted-media; gyroscope; picture-in-picture\" allowfullscreen><\/iframe><\/p>\n","protected":false},"excerpt":{"rendered":"<p>El primer candidato de la lista de Juntos, Jorge Cravero, habl\u00f3 de las pr\u00f3ximas elecciones el 14 de Noviembre, expresando la falta de di\u00e1logo con el ejecutivo y el desgaste que observa en la gesti\u00f3n de Gasparini.<\/p>\n","protected":false},"author":2,"featured_media":181194,"comment_status":"open","ping_status":"open","sticky":false,"template":"","format":"standard","meta":{"jetpack_post_was_ever_published":false,"_jetpack_newsletter_access":"","_jetpack_dont_email_post_to_subs":false,"_jetpack_newsletter_tier_id":0,"_jetpack_memberships_contains_paywalled_content":false,"_jetpack_memberships_contains_paid_content":false,"footnotes":""},"categories":[1],"tags":[],"class_list":["post-181192","post","type-post","status-publish","format-standard","has-post-thumbnail","hentry","category-interes-general"],"jetpack_featured_media_url":"https:\/\/i0.wp.com\/revistagenesis.com\/wp-content\/uploads\/2021\/11\/IMG-20211031-WA0004.jpg?fit=1599%2C906&ssl=1","jetpack_likes_enabled":true,"jetpack-related-posts":[{"id":12580,"url":"https:\/\/revistagenesis.com\/?p=12580","url_meta":{"origin":181192,"position":0},"title":"Arranc\u00f3 la triple corona de pato","author":"Nicolas Bagliere","date":"11\/11\/2017","format":false,"excerpt":"El jueves 9 de noviembre de 2017 qued\u00f3 marcado a fuego en la historia del Pato. Por primera vez en la historia del Deporte Nacional se hizo una presentaci\u00f3n de los cert\u00e1menes en el Congreso de la Naci\u00f3n. M\u00e1s precisamente, en el selectivo Sal\u00f3n Azul del Senado. Y como nunca,\u2026","rel":"","context":"En \u00abInter\u00e9s General\u00bb","block_context":{"text":"Inter\u00e9s General","link":"https:\/\/revistagenesis.com\/?cat=1"},"img":{"alt_text":"","src":"https:\/\/i0.wp.com\/revistagenesis.com\/wp-content\/uploads\/2017\/11\/img-20171110-wa0077892930945.jpg?fit=768%2C1024&ssl=1&resize=350%2C200","width":350,"height":200,"srcset":"https:\/\/i0.wp.com\/revistagenesis.com\/wp-content\/uploads\/2017\/11\/img-20171110-wa0077892930945.jpg?fit=768%2C1024&ssl=1&resize=350%2C200 1x, https:\/\/i0.wp.com\/revistagenesis.com\/wp-content\/uploads\/2017\/11\/img-20171110-wa0077892930945.jpg?fit=768%2C1024&ssl=1&resize=525%2C300 1.5x, https:\/\/i0.wp.com\/revistagenesis.com\/wp-content\/uploads\/2017\/11\/img-20171110-wa0077892930945.jpg?fit=768%2C1024&ssl=1&resize=700%2C400 2x"},"classes":[]},{"id":781,"url":"https:\/\/revistagenesis.com\/?p=781","url_meta":{"origin":181192,"position":1},"title":"Baradel: \u00abel lunes arrancan las clases\u00bb","author":"Nicolas Bagliere","date":"27\/02\/2015","format":false,"excerpt":"\u00a0 FEB RECHAZO LA OFERTA Y VA AL PARO En el d\u00eda de la fecha, en conferencia de prensa, SUTEBA anunci\u00f3 el resultado del mandato de los docentes que en asambleas trataron la \u00faltima propuesta realizada por el gobierno bonaerense y se resolvi\u00f3 la aceptaci\u00f3n de la oferta por una\u2026","rel":"","context":"En \u00abInter\u00e9s General\u00bb","block_context":{"text":"Inter\u00e9s General","link":"https:\/\/revistagenesis.com\/?cat=1"},"img":{"alt_text":"","src":"https:\/\/i0.wp.com\/revistagenesis.com\/wp-content\/uploads\/2015\/02\/bara.jpg?fit=621%2C458&ssl=1&resize=350%2C200","width":350,"height":200,"srcset":"https:\/\/i0.wp.com\/revistagenesis.com\/wp-content\/uploads\/2015\/02\/bara.jpg?fit=621%2C458&ssl=1&resize=350%2C200 1x, https:\/\/i0.wp.com\/revistagenesis.com\/wp-content\/uploads\/2015\/02\/bara.jpg?fit=621%2C458&ssl=1&resize=525%2C300 1.5x"},"classes":[]},{"id":504,"url":"https:\/\/revistagenesis.com\/?p=504","url_meta":{"origin":181192,"position":2},"title":"El Consejo Federal no dio lugar a la apelaci\u00f3n de Atl\u00e9tico","author":"Nicolas Bagliere","date":"09\/01\/2015","format":false,"excerpt":"Es el fallo que se desprende de la web de Ascenso del interior. Miralo por el Link:\u00a0http:\/\/www.ascensodelinterior.com.ar\/noticias\/11519\/las-sanciones\u2014boletn-oficial-n-0115\/ \u00a0 \u00a0 EXPEDIENTE N\u00ba 2780\/14 Club Atl\u00e9tico Roque P\u00e9rez S\/ Apelaci\u00f3n fallo de Liga. Buenos Aires, 8 de enero de 2015.- AUTOS: Para resolver la presente causa llegada a esta instancia en virtud\u2026","rel":"","context":"En \u00abDeportivas\u00bb","block_context":{"text":"Deportivas","link":"https:\/\/revistagenesis.com\/?cat=17"},"img":{"alt_text":"","src":"https:\/\/i0.wp.com\/revistagenesis.com\/wp-content\/uploads\/2014\/11\/Escudo-Atletico.jpg?fit=1200%2C653&ssl=1&resize=350%2C200","width":350,"height":200,"srcset":"https:\/\/i0.wp.com\/revistagenesis.com\/wp-content\/uploads\/2014\/11\/Escudo-Atletico.jpg?fit=1200%2C653&ssl=1&resize=350%2C200 1x, https:\/\/i0.wp.com\/revistagenesis.com\/wp-content\/uploads\/2014\/11\/Escudo-Atletico.jpg?fit=1200%2C653&ssl=1&resize=525%2C300 1.5x, https:\/\/i0.wp.com\/revistagenesis.com\/wp-content\/uploads\/2014\/11\/Escudo-Atletico.jpg?fit=1200%2C653&ssl=1&resize=700%2C400 2x, https:\/\/i0.wp.com\/revistagenesis.com\/wp-content\/uploads\/2014\/11\/Escudo-Atletico.jpg?fit=1200%2C653&ssl=1&resize=1050%2C600 3x"},"classes":[]},{"id":9886,"url":"https:\/\/revistagenesis.com\/?p=9886","url_meta":{"origin":181192,"position":3},"title":"Cambiemos avanza en el armado electoral","author":"Nicolas Bagliere","date":"12\/05\/2017","format":false,"excerpt":"\u00a0 El presidente de la C\u00e1mara de Diputados, Manuel Mosca, y los ministros Sarquis, Villegas y Ferrari, encabezaron la reuni\u00f3n en la ciudad de La Plata , en la cual remarcaron \u201cseguir priorizando la gesti\u00f3n\u201d y destacaron \u201cque ser\u00e1 fundamental redoblar los esfuerzos en los distritos donde no se gobierna\u2026","rel":"","context":"En \u00abInter\u00e9s General\u00bb","block_context":{"text":"Inter\u00e9s General","link":"https:\/\/revistagenesis.com\/?cat=1"},"img":{"alt_text":"","src":"https:\/\/i0.wp.com\/revistagenesis.com\/wp-content\/uploads\/2017\/05\/juancho-y-deleo.jpg?fit=1200%2C900&ssl=1&resize=350%2C200","width":350,"height":200,"srcset":"https:\/\/i0.wp.com\/revistagenesis.com\/wp-content\/uploads\/2017\/05\/juancho-y-deleo.jpg?fit=1200%2C900&ssl=1&resize=350%2C200 1x, https:\/\/i0.wp.com\/revistagenesis.com\/wp-content\/uploads\/2017\/05\/juancho-y-deleo.jpg?fit=1200%2C900&ssl=1&resize=525%2C300 1.5x, https:\/\/i0.wp.com\/revistagenesis.com\/wp-content\/uploads\/2017\/05\/juancho-y-deleo.jpg?fit=1200%2C900&ssl=1&resize=700%2C400 2x, https:\/\/i0.wp.com\/revistagenesis.com\/wp-content\/uploads\/2017\/05\/juancho-y-deleo.jpg?fit=1200%2C900&ssl=1&resize=1050%2C600 3x"},"classes":[]},{"id":761,"url":"https:\/\/revistagenesis.com\/?p=761","url_meta":{"origin":181192,"position":4},"title":"\u00abEn estas condiciones no se garantiza el inicio de clases\u00bb","author":"Nicolas Bagliere","date":"24\/02\/2015","format":false,"excerpt":"La jefa del gremio de docentes bonaerenses FEB, Mirta Petrocini, advirti\u00f3 hoy que mientras esperan \"que el gobierno convoque a paritaria y supere el 28 por ciento\" de aumento salarial, \"en estas condiciones hay conflicto y no se garantiza el inicio de clases\" la semana pr\u00f3xima. Adem\u00e1s, los auxiliares escolares\u2026","rel":"","context":"En \u00abInter\u00e9s General\u00bb","block_context":{"text":"Inter\u00e9s General","link":"https:\/\/revistagenesis.com\/?cat=1"},"img":{"alt_text":"","src":"https:\/\/i0.wp.com\/revistagenesis.com\/wp-content\/uploads\/2015\/02\/DSC_0133.jpg?fit=1200%2C806&ssl=1&resize=350%2C200","width":350,"height":200,"srcset":"https:\/\/i0.wp.com\/revistagenesis.com\/wp-content\/uploads\/2015\/02\/DSC_0133.jpg?fit=1200%2C806&ssl=1&resize=350%2C200 1x, https:\/\/i0.wp.com\/revistagenesis.com\/wp-content\/uploads\/2015\/02\/DSC_0133.jpg?fit=1200%2C806&ssl=1&resize=525%2C300 1.5x, https:\/\/i0.wp.com\/revistagenesis.com\/wp-content\/uploads\/2015\/02\/DSC_0133.jpg?fit=1200%2C806&ssl=1&resize=700%2C400 2x, https:\/\/i0.wp.com\/revistagenesis.com\/wp-content\/uploads\/2015\/02\/DSC_0133.jpg?fit=1200%2C806&ssl=1&resize=1050%2C600 3x"},"classes":[]},{"id":6134,"url":"https:\/\/revistagenesis.com\/?p=6134","url_meta":{"origin":181192,"position":5},"title":"Multas m\u00e1s severas para quienes vendan bebidas alcoh\u00f3licas a menores","author":"Nicolas Bagliere","date":"17\/09\/2016","format":false,"excerpt":"\u00a0 La C\u00e1mara de Diputados bonaerense dio\u00a0 media sanci\u00f3n a un proyecto de ley presentado por el diputado Ricardo Lissalde que modifica la Ley N\u00ba\u00a0 11.748 que proh\u00edbe la venta de bebidas alcoh\u00f3licas a menores de 18 a\u00f1os. La reforma que pretende introducir el massismo tiene que ver con crear\u2026","rel":"","context":"En \u00abInter\u00e9s General\u00bb","block_context":{"text":"Inter\u00e9s General","link":"https:\/\/revistagenesis.com\/?cat=1"},"img":{"alt_text":"","src":"https:\/\/i0.wp.com\/revistagenesis.com\/wp-content\/uploads\/2016\/09\/sancion-lissalde.jpg?fit=609%2C406&ssl=1&resize=350%2C200","width":350,"height":200,"srcset":"https:\/\/i0.wp.com\/revistagenesis.com\/wp-content\/uploads\/2016\/09\/sancion-lissalde.jpg?fit=609%2C406&ssl=1&resize=350%2C200 1x, https:\/\/i0.wp.com\/revistagenesis.com\/wp-content\/uploads\/2016\/09\/sancion-lissalde.jpg?fit=609%2C406&ssl=1&resize=525%2C300 1.5x"},"classes":[]}],"jetpack_sharing_enabled":true,"_links":{"self":[{"href":"https:\/\/revistagenesis.com\/index.php?rest_route=\/wp\/v2\/posts\/181192","targetHints":{"allow":["GET"]}}],"collection":[{"href":"https:\/\/revistagenesis.com\/index.php?rest_route=\/wp\/v2\/posts"}],"about":[{"href":"https:\/\/revistagenesis.com\/index.php?rest_route=\/wp\/v2\/types\/post"}],"author":[{"embeddable":true,"href":"https:\/\/revistagenesis.com\/index.php?rest_route=\/wp\/v2\/users\/2"}],"replies":[{"embeddable":true,"href":"https:\/\/revistagenesis.com\/index.php?rest_route=%2Fwp%2Fv2%2Fcomments&post=181192"}],"version-history":[{"count":2,"href":"https:\/\/revistagenesis.com\/index.php?rest_route=\/wp\/v2\/posts\/181192\/revisions"}],"predecessor-version":[{"id":181195,"href":"https:\/\/revistagenesis.com\/index.php?rest_route=\/wp\/v2\/posts\/181192\/revisions\/181195"}],"wp:featuredmedia":[{"embeddable":true,"href":"https:\/\/revistagenesis.com\/index.php?rest_route=\/wp\/v2\/media\/181194"}],"wp:attachment":[{"href":"https:\/\/revistagenesis.com\/index.php?rest_route=%2Fwp%2Fv2%2Fmedia&parent=181192"}],"wp:term":[{"taxonomy":"category","embeddable":true,"href":"https:\/\/revistagenesis.com\/index.php?rest_route=%2Fwp%2Fv2%2Fcategories&post=181192"},{"taxonomy":"post_tag","embeddable":true,"href":"https:\/\/revistagenesis.com\/index.php?rest_route=%2Fwp%2Fv2%2Ftags&post=181192"}],"curies":[{"name":"wp","href":"https:\/\/api.w.org\/{rel}","templated":true}]}}