{"id":181186,"date":"2021-10-27T22:59:13","date_gmt":"2021-10-28T01:59:13","guid":{"rendered":"http:\/\/revistagenesis.com\/?p=181186"},"modified":"2021-10-27T23:00:59","modified_gmt":"2021-10-28T02:00:59","slug":"por-mas-que-al-intendente-le-moleste-nuestra-tarea-es-preguntar-los-detalles-de-cada-obra","status":"publish","type":"post","link":"https:\/\/revistagenesis.com\/?p=181186","title":{"rendered":"\u00abPOR MAS QUE AL INTENDENTE LE MOLESTE, NUESTRA TAREA ES PREGUNTAR  LOS DETALLES DE CADA OBRA\u00bb."},"content":{"rendered":"\n<p>El concejal \u00d3scar Del barrio y el consejero escolar Marcelo Ertini, brindaron una entrevista para hablar del panorama electoral de cara al 14 de Noviembre.Del Barrio le respondi\u00f3 a Gasparini por la construcci\u00f3n de los 4 playones, donde el primer mandatario acus\u00f3 a Juntos de cuestionar y luego aprobar el proyecto.<\/p>\n\n\n\n<p><\/p>\n\n\n\n<figure class=\"wp-block-image size-large\"><img data-recalc-dims=\"1\" fetchpriority=\"high\" decoding=\"async\" width=\"1024\" height=\"580\" src=\"https:\/\/i0.wp.com\/revistagenesis.com\/wp-content\/uploads\/2021\/10\/img-20211027-wa04294045167957649229959-1024x580.jpg?resize=1024%2C580&#038;ssl=1\" alt=\"\" class=\"wp-image-181185\" srcset=\"https:\/\/i0.wp.com\/revistagenesis.com\/wp-content\/uploads\/2021\/10\/img-20211027-wa04294045167957649229959.jpg?resize=1024%2C580&amp;ssl=1 1024w, https:\/\/i0.wp.com\/revistagenesis.com\/wp-content\/uploads\/2021\/10\/img-20211027-wa04294045167957649229959.jpg?resize=300%2C170&amp;ssl=1 300w, https:\/\/i0.wp.com\/revistagenesis.com\/wp-content\/uploads\/2021\/10\/img-20211027-wa04294045167957649229959.jpg?resize=768%2C435&amp;ssl=1 768w, https:\/\/i0.wp.com\/revistagenesis.com\/wp-content\/uploads\/2021\/10\/img-20211027-wa04294045167957649229959.jpg?resize=1536%2C870&amp;ssl=1 1536w, https:\/\/i0.wp.com\/revistagenesis.com\/wp-content\/uploads\/2021\/10\/img-20211027-wa04294045167957649229959.jpg?w=1599&amp;ssl=1 1599w\" sizes=\"(max-width: 1024px) 100vw, 1024px\" \/><\/figure>\n\n\n\n<p><iframe title=\"&quot;POR MAS QUE AL INTENDENTE LE MOLESTE, NUESTRA TAREA ES PREGUNTAR LOS DETALLES DE CADA OBRA&quot;.\" width=\"1200\" height=\"675\" src=\"https:\/\/www.youtube.com\/embed\/ei-12YC7lfs?feature=oembed\" frameborder=\"0\" allow=\"accelerometer; autoplay; clipboard-write; encrypted-media; gyroscope; picture-in-picture\" allowfullscreen><\/iframe><\/p>\n","protected":false},"excerpt":{"rendered":"<p>El concejal \u00d3scar Del barrio y el consejero escolar Marcelo Ertini, brindaron una entrevista para hablar del panorama electoral de cara al 14 de Noviembre.Del Barrio le respondi\u00f3 a Gasparini por la construcci\u00f3n de los 4 playones, donde el primer mandatario acus\u00f3 a Juntos de cuestionar y luego aprobar el proyecto.<\/p>\n","protected":false},"author":2,"featured_media":181187,"comment_status":"open","ping_status":"open","sticky":false,"template":"","format":"standard","meta":{"jetpack_post_was_ever_published":false,"_jetpack_newsletter_access":"","_jetpack_dont_email_post_to_subs":false,"_jetpack_newsletter_tier_id":0,"_jetpack_memberships_contains_paywalled_content":false,"_jetpack_memberships_contains_paid_content":false,"footnotes":""},"categories":[1],"tags":[],"class_list":["post-181186","post","type-post","status-publish","format-standard","has-post-thumbnail","hentry","category-interes-general"],"jetpack_featured_media_url":"https:\/\/i0.wp.com\/revistagenesis.com\/wp-content\/uploads\/2021\/10\/IMG-20211027-WA0429.jpg?fit=1599%2C906&ssl=1","jetpack_likes_enabled":true,"jetpack-related-posts":[{"id":12610,"url":"https:\/\/revistagenesis.com\/?p=12610","url_meta":{"origin":181186,"position":0},"title":"El Master de Tenis reuni\u00f3 a los campeones","author":"Nicolas Bagliere","date":"12\/11\/2017","format":false,"excerpt":"\u00a0 El s\u00e1bado 11 de Noviembre, se disputaron en el Country Club, las semifinales del master de tenis que re\u00fane a los mejores del ranking roqueperense que organiza Marime Tenis. En primera Fernando Aguiar le gan\u00f3 a Sebasti\u00e1n Alegre por 6-2 y 6-3, mientras que Fernando Baz se impuso a\u2026","rel":"","context":"En \u00abInter\u00e9s General\u00bb","block_context":{"text":"Inter\u00e9s General","link":"https:\/\/revistagenesis.com\/?cat=1"},"img":{"alt_text":"","src":"https:\/\/i0.wp.com\/revistagenesis.com\/wp-content\/uploads\/2017\/11\/DSC_0619-1.jpg?fit=1200%2C800&ssl=1&resize=350%2C200","width":350,"height":200,"srcset":"https:\/\/i0.wp.com\/revistagenesis.com\/wp-content\/uploads\/2017\/11\/DSC_0619-1.jpg?fit=1200%2C800&ssl=1&resize=350%2C200 1x, https:\/\/i0.wp.com\/revistagenesis.com\/wp-content\/uploads\/2017\/11\/DSC_0619-1.jpg?fit=1200%2C800&ssl=1&resize=525%2C300 1.5x, https:\/\/i0.wp.com\/revistagenesis.com\/wp-content\/uploads\/2017\/11\/DSC_0619-1.jpg?fit=1200%2C800&ssl=1&resize=700%2C400 2x, https:\/\/i0.wp.com\/revistagenesis.com\/wp-content\/uploads\/2017\/11\/DSC_0619-1.jpg?fit=1200%2C800&ssl=1&resize=1050%2C600 3x"},"classes":[]},{"id":12157,"url":"https:\/\/revistagenesis.com\/?p=12157","url_meta":{"origin":181186,"position":1},"title":"Cortes programados de Eden","author":"Nicolas Bagliere","date":"04\/10\/2017","format":false,"excerpt":"Conforme al plan de obras y mantenimiento, les paso a continuaci\u00f3n el cronograma de los cortes programados del servicio el\u00e9ctrico para realizar trabajos en las siguientes zonas. Lunes 09\/10 de 09 a 13hs \u2013 Afectara a Hospital Ramon Carrillo, usuarios del Barrio Capilla calle Rawson, Barrio Federal, Basurero Ecologico, Barrio\u2026","rel":"","context":"En \u00abInter\u00e9s General\u00bb","block_context":{"text":"Inter\u00e9s General","link":"https:\/\/revistagenesis.com\/?cat=1"},"img":{"alt_text":"","src":"https:\/\/i0.wp.com\/revistagenesis.com\/wp-content\/uploads\/2017\/10\/wp-image-1413984589-928657414.jpg?fit=768%2C576&ssl=1&resize=350%2C200","width":350,"height":200,"srcset":"https:\/\/i0.wp.com\/revistagenesis.com\/wp-content\/uploads\/2017\/10\/wp-image-1413984589-928657414.jpg?fit=768%2C576&ssl=1&resize=350%2C200 1x, https:\/\/i0.wp.com\/revistagenesis.com\/wp-content\/uploads\/2017\/10\/wp-image-1413984589-928657414.jpg?fit=768%2C576&ssl=1&resize=525%2C300 1.5x, https:\/\/i0.wp.com\/revistagenesis.com\/wp-content\/uploads\/2017\/10\/wp-image-1413984589-928657414.jpg?fit=768%2C576&ssl=1&resize=700%2C400 2x"},"classes":[]},{"id":788,"url":"https:\/\/revistagenesis.com\/?p=788","url_meta":{"origin":181186,"position":2},"title":"90 a\u00f1os de Del Barrio &#038; cia","author":"Nicolas Bagliere","date":"03\/03\/2015","format":false,"excerpt":"La firma Del Barrio & Cia invita a clientes y amigos al remate aniversario que realizar\u00e1 con motivo de conmemorar los 90 a\u00f1os de presencia de la familia del Barrio en la comercializaci\u00f3n de ganado vacuno, tanto a trav\u00e9s de remates ferias como en ventas directas. Dicho remate se realizar\u00e1\u2026","rel":"","context":"En \u00abInter\u00e9s General\u00bb","block_context":{"text":"Inter\u00e9s General","link":"https:\/\/revistagenesis.com\/?cat=1"},"img":{"alt_text":"logo del barrio","src":"https:\/\/i0.wp.com\/www.revistagenesis.com\/wp-content\/uploads\/2015\/03\/logo-del-barrio-300x66.jpg?resize=350%2C200","width":350,"height":200},"classes":[]},{"id":168702,"url":"https:\/\/revistagenesis.com\/?p=168702","url_meta":{"origin":181186,"position":3},"title":"Oscar Del Barrio: \u00abMe molesta que se ensucie al H.C.D\u00bb","author":"Nicolas Bagliere","date":"20\/04\/2018","format":false,"excerpt":"El presidente del Concejo Deliberante Oscar Del Barrio, respondi\u00f3 al intendente, Juan Carlos Gasparini, acerca de lo expresado por el mandatario comunal en relaci\u00f3n a la obra que se realiz\u00f3 en la presidencia del concejo. Gasparini indic\u00f3 que \"hicieron una obra que primero salia $20.000 y la terminaron pagando $50.000\u2026","rel":"","context":"En \u00abInter\u00e9s General\u00bb","block_context":{"text":"Inter\u00e9s General","link":"https:\/\/revistagenesis.com\/?cat=1"},"img":{"alt_text":"","src":"https:\/\/i0.wp.com\/revistagenesis.com\/wp-content\/uploads\/2018\/04\/20180418_1223301376533479.jpg?fit=1200%2C900&ssl=1&resize=350%2C200","width":350,"height":200,"srcset":"https:\/\/i0.wp.com\/revistagenesis.com\/wp-content\/uploads\/2018\/04\/20180418_1223301376533479.jpg?fit=1200%2C900&ssl=1&resize=350%2C200 1x, https:\/\/i0.wp.com\/revistagenesis.com\/wp-content\/uploads\/2018\/04\/20180418_1223301376533479.jpg?fit=1200%2C900&ssl=1&resize=525%2C300 1.5x, https:\/\/i0.wp.com\/revistagenesis.com\/wp-content\/uploads\/2018\/04\/20180418_1223301376533479.jpg?fit=1200%2C900&ssl=1&resize=700%2C400 2x, https:\/\/i0.wp.com\/revistagenesis.com\/wp-content\/uploads\/2018\/04\/20180418_1223301376533479.jpg?fit=1200%2C900&ssl=1&resize=1050%2C600 3x"},"classes":[]},{"id":461,"url":"https:\/\/revistagenesis.com\/?p=461","url_meta":{"origin":181186,"position":4},"title":"Se entregaron 20 viviendas del plan Buenos Aires Hogar","author":"Nicolas Bagliere","date":"23\/12\/2014","format":false,"excerpt":"Con la entrega de las llaves se adjuntaron tambi\u00e9n las actas de compromiso para que en no m\u00e1s de 15 d\u00edas los propietarios reciban la escritura de sus casas y tambi\u00e9n se anunci\u00f3 que a trav\u00e9s de la Subsecretaria de Tierras que se financiar\u00e1 por Ley de H\u00e1bitat una plaza\u2026","rel":"","context":"En \u00abInter\u00e9s General\u00bb","block_context":{"text":"Inter\u00e9s General","link":"https:\/\/revistagenesis.com\/?cat=1"},"img":{"alt_text":"","src":"https:\/\/i0.wp.com\/revistagenesis.com\/wp-content\/uploads\/2014\/12\/cesar.jpg?fit=960%2C640&ssl=1&resize=350%2C200","width":350,"height":200,"srcset":"https:\/\/i0.wp.com\/revistagenesis.com\/wp-content\/uploads\/2014\/12\/cesar.jpg?fit=960%2C640&ssl=1&resize=350%2C200 1x, https:\/\/i0.wp.com\/revistagenesis.com\/wp-content\/uploads\/2014\/12\/cesar.jpg?fit=960%2C640&ssl=1&resize=525%2C300 1.5x, https:\/\/i0.wp.com\/revistagenesis.com\/wp-content\/uploads\/2014\/12\/cesar.jpg?fit=960%2C640&ssl=1&resize=700%2C400 2x"},"classes":[]},{"id":12589,"url":"https:\/\/revistagenesis.com\/?p=12589","url_meta":{"origin":181186,"position":5},"title":"Se define el master de tenis","author":"Nicolas Bagliere","date":"12\/11\/2017","format":false,"excerpt":"Este s\u00e1bado, se disputaron en el Country Club, las semifinales del master de tenis que re\u00fane a los mejores del ranking roqueperense que organiza Marime Tenis. En primera Fernando Aguiar le gano a Sebastian Alegre por 6-2 y 6-3, mientras que Fernando Baz se impuso a Nacho Rold\u00e1n de Monte\u2026","rel":"","context":"En \u00abDeportivas\u00bb","block_context":{"text":"Deportivas","link":"https:\/\/revistagenesis.com\/?cat=17"},"img":{"alt_text":"","src":"https:\/\/i0.wp.com\/revistagenesis.com\/wp-content\/uploads\/2017\/11\/DSC_0535.jpg?fit=1200%2C800&ssl=1&resize=350%2C200","width":350,"height":200,"srcset":"https:\/\/i0.wp.com\/revistagenesis.com\/wp-content\/uploads\/2017\/11\/DSC_0535.jpg?fit=1200%2C800&ssl=1&resize=350%2C200 1x, https:\/\/i0.wp.com\/revistagenesis.com\/wp-content\/uploads\/2017\/11\/DSC_0535.jpg?fit=1200%2C800&ssl=1&resize=525%2C300 1.5x, https:\/\/i0.wp.com\/revistagenesis.com\/wp-content\/uploads\/2017\/11\/DSC_0535.jpg?fit=1200%2C800&ssl=1&resize=700%2C400 2x, https:\/\/i0.wp.com\/revistagenesis.com\/wp-content\/uploads\/2017\/11\/DSC_0535.jpg?fit=1200%2C800&ssl=1&resize=1050%2C600 3x"},"classes":[]}],"jetpack_sharing_enabled":true,"_links":{"self":[{"href":"https:\/\/revistagenesis.com\/index.php?rest_route=\/wp\/v2\/posts\/181186","targetHints":{"allow":["GET"]}}],"collection":[{"href":"https:\/\/revistagenesis.com\/index.php?rest_route=\/wp\/v2\/posts"}],"about":[{"href":"https:\/\/revistagenesis.com\/index.php?rest_route=\/wp\/v2\/types\/post"}],"author":[{"embeddable":true,"href":"https:\/\/revistagenesis.com\/index.php?rest_route=\/wp\/v2\/users\/2"}],"replies":[{"embeddable":true,"href":"https:\/\/revistagenesis.com\/index.php?rest_route=%2Fwp%2Fv2%2Fcomments&post=181186"}],"version-history":[{"count":3,"href":"https:\/\/revistagenesis.com\/index.php?rest_route=\/wp\/v2\/posts\/181186\/revisions"}],"predecessor-version":[{"id":181190,"href":"https:\/\/revistagenesis.com\/index.php?rest_route=\/wp\/v2\/posts\/181186\/revisions\/181190"}],"wp:featuredmedia":[{"embeddable":true,"href":"https:\/\/revistagenesis.com\/index.php?rest_route=\/wp\/v2\/media\/181187"}],"wp:attachment":[{"href":"https:\/\/revistagenesis.com\/index.php?rest_route=%2Fwp%2Fv2%2Fmedia&parent=181186"}],"wp:term":[{"taxonomy":"category","embeddable":true,"href":"https:\/\/revistagenesis.com\/index.php?rest_route=%2Fwp%2Fv2%2Fcategories&post=181186"},{"taxonomy":"post_tag","embeddable":true,"href":"https:\/\/revistagenesis.com\/index.php?rest_route=%2Fwp%2Fv2%2Ftags&post=181186"}],"curies":[{"name":"wp","href":"https:\/\/api.w.org\/{rel}","templated":true}]}}