{"id":181179,"date":"2021-10-27T18:39:58","date_gmt":"2021-10-27T21:39:58","guid":{"rendered":"http:\/\/revistagenesis.com\/?p=181179"},"modified":"2021-10-27T18:51:00","modified_gmt":"2021-10-27T21:51:00","slug":"carlos-kambourian-en-roque-perez-junto-a-los-candidatos-de-juntos","status":"publish","type":"post","link":"https:\/\/revistagenesis.com\/?p=181179","title":{"rendered":"CARLOS KAMBOURIAN EN ROQUE PEREZ JUNTO A LOS CANDIDATOS DE JUNTOS"},"content":{"rendered":"\n<p>De recorrida por la ciudad, el reconocido m\u00e9dico pediatra, visit\u00f3 el Centro de Vacunaci\u00f3n y el Hospital Ram\u00f3n Carrillo junto a los candidatos locales Jorge Cravero, Mariana Millan, Leandro L\u00f3pez,Jorge Barrera, el diputado Provincial Juan Carrara y el candidato a diputado Nacional Javier S\u00e1nchez.<\/p>\n\n\n\n<figure class=\"wp-block-image size-large\"><img data-recalc-dims=\"1\" fetchpriority=\"high\" decoding=\"async\" width=\"1024\" height=\"580\" src=\"https:\/\/i0.wp.com\/revistagenesis.com\/wp-content\/uploads\/2021\/10\/img-20211027-wa03227530798628834956628-1024x580.jpg?resize=1024%2C580&#038;ssl=1\" alt=\"\" class=\"wp-image-181176\" srcset=\"https:\/\/i0.wp.com\/revistagenesis.com\/wp-content\/uploads\/2021\/10\/img-20211027-wa03227530798628834956628.jpg?resize=1024%2C580&amp;ssl=1 1024w, https:\/\/i0.wp.com\/revistagenesis.com\/wp-content\/uploads\/2021\/10\/img-20211027-wa03227530798628834956628.jpg?resize=300%2C170&amp;ssl=1 300w, https:\/\/i0.wp.com\/revistagenesis.com\/wp-content\/uploads\/2021\/10\/img-20211027-wa03227530798628834956628.jpg?resize=768%2C435&amp;ssl=1 768w, https:\/\/i0.wp.com\/revistagenesis.com\/wp-content\/uploads\/2021\/10\/img-20211027-wa03227530798628834956628.jpg?w=1280&amp;ssl=1 1280w\" sizes=\"(max-width: 1024px) 100vw, 1024px\" \/><\/figure>\n\n\n\n<figure class=\"wp-block-image size-large\"><img data-recalc-dims=\"1\" decoding=\"async\" width=\"1024\" height=\"768\" src=\"https:\/\/i0.wp.com\/revistagenesis.com\/wp-content\/uploads\/2021\/10\/img-20211027-wa02894634634613618890985-1024x768.jpg?resize=1024%2C768&#038;ssl=1\" alt=\"\" class=\"wp-image-181178\" srcset=\"https:\/\/i0.wp.com\/revistagenesis.com\/wp-content\/uploads\/2021\/10\/img-20211027-wa02894634634613618890985.jpg?resize=1024%2C768&amp;ssl=1 1024w, https:\/\/i0.wp.com\/revistagenesis.com\/wp-content\/uploads\/2021\/10\/img-20211027-wa02894634634613618890985.jpg?resize=300%2C225&amp;ssl=1 300w, https:\/\/i0.wp.com\/revistagenesis.com\/wp-content\/uploads\/2021\/10\/img-20211027-wa02894634634613618890985.jpg?resize=768%2C576&amp;ssl=1 768w, https:\/\/i0.wp.com\/revistagenesis.com\/wp-content\/uploads\/2021\/10\/img-20211027-wa02894634634613618890985.jpg?resize=1536%2C1152&amp;ssl=1 1536w, https:\/\/i0.wp.com\/revistagenesis.com\/wp-content\/uploads\/2021\/10\/img-20211027-wa02894634634613618890985.jpg?w=1600&amp;ssl=1 1600w\" sizes=\"(max-width: 1024px) 100vw, 1024px\" \/><\/figure>\n\n\n\n<figure class=\"wp-block-image\"><img data-recalc-dims=\"1\" decoding=\"async\" width=\"1200\" height=\"900\" src=\"https:\/\/i0.wp.com\/revistagenesis.com\/wp-content\/uploads\/2021\/10\/img-20211027-wa03001216167618414627300.jpg?resize=1200%2C900&#038;ssl=1\" alt=\"\" class=\"wp-image-181177\" srcset=\"https:\/\/i0.wp.com\/revistagenesis.com\/wp-content\/uploads\/2021\/10\/img-20211027-wa03001216167618414627300.jpg?w=1600&amp;ssl=1 1600w, https:\/\/i0.wp.com\/revistagenesis.com\/wp-content\/uploads\/2021\/10\/img-20211027-wa03001216167618414627300.jpg?resize=300%2C225&amp;ssl=1 300w, https:\/\/i0.wp.com\/revistagenesis.com\/wp-content\/uploads\/2021\/10\/img-20211027-wa03001216167618414627300.jpg?resize=1024%2C768&amp;ssl=1 1024w, https:\/\/i0.wp.com\/revistagenesis.com\/wp-content\/uploads\/2021\/10\/img-20211027-wa03001216167618414627300.jpg?resize=768%2C576&amp;ssl=1 768w, https:\/\/i0.wp.com\/revistagenesis.com\/wp-content\/uploads\/2021\/10\/img-20211027-wa03001216167618414627300.jpg?resize=1536%2C1152&amp;ssl=1 1536w\" sizes=\"(max-width: 1200px) 100vw, 1200px\" \/><\/figure>\n\n\n\n<p><iframe title=\"Carlos Kambourian en Roque P\u00e9rez\" width=\"1200\" height=\"675\" src=\"https:\/\/www.youtube.com\/embed\/UJdS0ubJLx0?feature=oembed\" frameborder=\"0\" allow=\"accelerometer; autoplay; clipboard-write; encrypted-media; gyroscope; picture-in-picture\" allowfullscreen><\/iframe><\/p>\n","protected":false},"excerpt":{"rendered":"<p>De recorrida por la ciudad, el reconocido m\u00e9dico pediatra, visit\u00f3 el Centro de Vacunaci\u00f3n y el Hospital Ram\u00f3n Carrillo junto a los candidatos locales Jorge Cravero, Mariana Millan, Leandro L\u00f3pez,Jorge Barrera, el diputado Provincial Juan Carrara y el candidato a diputado Nacional Javier S\u00e1nchez.<\/p>\n","protected":false},"author":2,"featured_media":181180,"comment_status":"open","ping_status":"open","sticky":false,"template":"","format":"standard","meta":{"jetpack_post_was_ever_published":false,"_jetpack_newsletter_access":"","_jetpack_dont_email_post_to_subs":false,"_jetpack_newsletter_tier_id":0,"_jetpack_memberships_contains_paywalled_content":false,"_jetpack_memberships_contains_paid_content":false,"footnotes":""},"categories":[1],"tags":[112],"class_list":["post-181179","post","type-post","status-publish","format-standard","has-post-thumbnail","hentry","category-interes-general","tag-kambourian-carrara-cravero-vacunacion-hospital-carrillo"],"jetpack_featured_media_url":"https:\/\/i0.wp.com\/revistagenesis.com\/wp-content\/uploads\/2021\/10\/IMG-20211027-WA0322.jpg?fit=1280%2C725&ssl=1","jetpack_likes_enabled":true,"jetpack-related-posts":[{"id":180449,"url":"https:\/\/revistagenesis.com\/?p=180449","url_meta":{"origin":181179,"position":0},"title":"EL INTENDENTE GALLI Y EL DIPUTADO CARRARA VISITARON ROQUE PEREZ","author":"Nicolas Bagliere","date":"04\/03\/2021","format":false,"excerpt":"Ezequiel Galli, Intendente de Olavarria y el Diputado Provincial de Juntos por el Cambio, Juan Carrara, visitaron la ciudad, donde hicieron una recorrida por un comedor de barrio, transitaron algunos caminos rurales y luego en el comit\u00e9 de este espacio politico hablaron con los medios. De esta reuni\u00f3n de trabajo\u2026","rel":"","context":"En \u00abInter\u00e9s General\u00bb","block_context":{"text":"Inter\u00e9s General","link":"https:\/\/revistagenesis.com\/?cat=1"},"img":{"alt_text":"","src":"https:\/\/i0.wp.com\/revistagenesis.com\/wp-content\/uploads\/2021\/03\/20210304_114623-scaled.jpg?fit=1200%2C900&ssl=1&resize=350%2C200","width":350,"height":200,"srcset":"https:\/\/i0.wp.com\/revistagenesis.com\/wp-content\/uploads\/2021\/03\/20210304_114623-scaled.jpg?fit=1200%2C900&ssl=1&resize=350%2C200 1x, https:\/\/i0.wp.com\/revistagenesis.com\/wp-content\/uploads\/2021\/03\/20210304_114623-scaled.jpg?fit=1200%2C900&ssl=1&resize=525%2C300 1.5x, https:\/\/i0.wp.com\/revistagenesis.com\/wp-content\/uploads\/2021\/03\/20210304_114623-scaled.jpg?fit=1200%2C900&ssl=1&resize=700%2C400 2x, https:\/\/i0.wp.com\/revistagenesis.com\/wp-content\/uploads\/2021\/03\/20210304_114623-scaled.jpg?fit=1200%2C900&ssl=1&resize=1050%2C600 3x"},"classes":[]},{"id":180806,"url":"https:\/\/revistagenesis.com\/?p=180806","url_meta":{"origin":181179,"position":1},"title":"CRAVERO: \u00abLOS VECINOS DEBEN SABER EN QUE SE GASTA EL PRESUPUESTO MUNICIPAL\u00bb","author":"Nicolas Bagliere","date":"10\/08\/2021","format":"image","excerpt":"El domingo por la noche, en el comite de Berro y Alsina, se present\u00f3 la lista de precandidatos que ir\u00e1 a internas en las PASO encabezada por Jorge Cravero, ex intendente, diputado y concejal. Juan Maria Cravero fue el encargado de presentar a los pre-candidatos, cedi\u00e9ndole la palabra a alguno\u2026","rel":"","context":"En \u00abInter\u00e9s General\u00bb","block_context":{"text":"Inter\u00e9s General","link":"https:\/\/revistagenesis.com\/?cat=1"},"img":{"alt_text":"","src":"https:\/\/i0.wp.com\/revistagenesis.com\/wp-content\/uploads\/2021\/08\/DSC_9074-scaled.jpg?fit=1200%2C800&ssl=1&resize=350%2C200","width":350,"height":200,"srcset":"https:\/\/i0.wp.com\/revistagenesis.com\/wp-content\/uploads\/2021\/08\/DSC_9074-scaled.jpg?fit=1200%2C800&ssl=1&resize=350%2C200 1x, https:\/\/i0.wp.com\/revistagenesis.com\/wp-content\/uploads\/2021\/08\/DSC_9074-scaled.jpg?fit=1200%2C800&ssl=1&resize=525%2C300 1.5x, https:\/\/i0.wp.com\/revistagenesis.com\/wp-content\/uploads\/2021\/08\/DSC_9074-scaled.jpg?fit=1200%2C800&ssl=1&resize=700%2C400 2x, https:\/\/i0.wp.com\/revistagenesis.com\/wp-content\/uploads\/2021\/08\/DSC_9074-scaled.jpg?fit=1200%2C800&ssl=1&resize=1050%2C600 3x"},"classes":[]},{"id":180175,"url":"https:\/\/revistagenesis.com\/?p=180175","url_meta":{"origin":181179,"position":2},"title":"\u00abDebemos fortalecer Juntos por el Cambio para volver a ganar la Provincia y la Naci\u00f3n\u00bb.","author":"Nicolas Bagliere","date":"23\/11\/2020","format":"video","excerpt":"Este lunes, de recorrida por Roque P\u00e9rez, visitaron el comit\u00e9 de Juntos por el Cambio,los diputados Alex Campbell y Juan Carrara. Estuvieron junto a Jorge y Juan Mar\u00eda\u00a0 Cravero y referentes del espacio pol\u00edtico entregando tapabocas al hospital Dr. Ram\u00f3n Carrillo.En di\u00e1logo con la prensa, Carrara se refiri\u00f3\u00a0 a las\u2026","rel":"","context":"En \u00abInter\u00e9s General\u00bb","block_context":{"text":"Inter\u00e9s General","link":"https:\/\/revistagenesis.com\/?cat=1"},"img":{"alt_text":"","src":"https:\/\/i0.wp.com\/revistagenesis.com\/wp-content\/uploads\/2020\/11\/20201123_1821172705891107505278891-scaled.jpg?fit=1200%2C675&ssl=1&resize=350%2C200","width":350,"height":200,"srcset":"https:\/\/i0.wp.com\/revistagenesis.com\/wp-content\/uploads\/2020\/11\/20201123_1821172705891107505278891-scaled.jpg?fit=1200%2C675&ssl=1&resize=350%2C200 1x, https:\/\/i0.wp.com\/revistagenesis.com\/wp-content\/uploads\/2020\/11\/20201123_1821172705891107505278891-scaled.jpg?fit=1200%2C675&ssl=1&resize=525%2C300 1.5x, https:\/\/i0.wp.com\/revistagenesis.com\/wp-content\/uploads\/2020\/11\/20201123_1821172705891107505278891-scaled.jpg?fit=1200%2C675&ssl=1&resize=700%2C400 2x, https:\/\/i0.wp.com\/revistagenesis.com\/wp-content\/uploads\/2020\/11\/20201123_1821172705891107505278891-scaled.jpg?fit=1200%2C675&ssl=1&resize=1050%2C600 3x"},"classes":[]},{"id":182630,"url":"https:\/\/revistagenesis.com\/?p=182630","url_meta":{"origin":181179,"position":3},"title":"NESTOR GRINDETTTI BRINDO APOYO A LAS EMPRESAS PRODUCTIVAS DE ROQUE PEREZ.","author":"Nicolas Bagliere","date":"18\/10\/2023","format":false,"excerpt":"Esta ma\u00f1ana, el candidato a gobernador de Juntos, Nestor Grindetti, estuvo en la ciudad de Roque P\u00e9rez acompa\u00f1ando a Juancho Cravero en su visita a las empresas Absolon y el Frogorifico Roque P\u00e9rez. De la recorrida participaron el intendente de la ciudad de Lobos,Jorge Echeverry, los candidatos a concejales Jorge\u2026","rel":"","context":"En \u00abPol\u00edtica\u00bb","block_context":{"text":"Pol\u00edtica","link":"https:\/\/revistagenesis.com\/?cat=130"},"img":{"alt_text":"","src":"https:\/\/i0.wp.com\/revistagenesis.com\/wp-content\/uploads\/2023\/10\/DSC_4503-1-scaled.jpg?fit=1200%2C800&ssl=1&resize=350%2C200","width":350,"height":200,"srcset":"https:\/\/i0.wp.com\/revistagenesis.com\/wp-content\/uploads\/2023\/10\/DSC_4503-1-scaled.jpg?fit=1200%2C800&ssl=1&resize=350%2C200 1x, https:\/\/i0.wp.com\/revistagenesis.com\/wp-content\/uploads\/2023\/10\/DSC_4503-1-scaled.jpg?fit=1200%2C800&ssl=1&resize=525%2C300 1.5x, https:\/\/i0.wp.com\/revistagenesis.com\/wp-content\/uploads\/2023\/10\/DSC_4503-1-scaled.jpg?fit=1200%2C800&ssl=1&resize=700%2C400 2x, https:\/\/i0.wp.com\/revistagenesis.com\/wp-content\/uploads\/2023\/10\/DSC_4503-1-scaled.jpg?fit=1200%2C800&ssl=1&resize=1050%2C600 3x"},"classes":[]},{"id":175071,"url":"https:\/\/revistagenesis.com\/?p=175071","url_meta":{"origin":181179,"position":4},"title":"\u00abEn Roque P\u00e9rez la gente va a elegir a Horna o a Juancho\u00bb","author":"Nicolas Bagliere","date":"13\/10\/2019","format":false,"excerpt":"Este S\u00e1bado,el senador Esteban Bullrich, el ministro de Educaci\u00f3n Gabriel Sanchez Zinny, el Secretario de Asuntos Municipales Alex Campbell, el Secretario General de Gobierno Fabi\u00e1n Perechodnik, junto al Candidato a intendente Juan Maria Cravero y Juan Carrara referente seccional, brindaron una conferencia en el comite de calle Berro y Alsina.\u2026","rel":"","context":"En \u00abInter\u00e9s General\u00bb","block_context":{"text":"Inter\u00e9s General","link":"https:\/\/revistagenesis.com\/?cat=1"},"img":{"alt_text":"","src":"https:\/\/i0.wp.com\/revistagenesis.com\/wp-content\/uploads\/2019\/10\/DSC_6606.jpg?fit=1200%2C800&ssl=1&resize=350%2C200","width":350,"height":200,"srcset":"https:\/\/i0.wp.com\/revistagenesis.com\/wp-content\/uploads\/2019\/10\/DSC_6606.jpg?fit=1200%2C800&ssl=1&resize=350%2C200 1x, https:\/\/i0.wp.com\/revistagenesis.com\/wp-content\/uploads\/2019\/10\/DSC_6606.jpg?fit=1200%2C800&ssl=1&resize=525%2C300 1.5x, https:\/\/i0.wp.com\/revistagenesis.com\/wp-content\/uploads\/2019\/10\/DSC_6606.jpg?fit=1200%2C800&ssl=1&resize=700%2C400 2x, https:\/\/i0.wp.com\/revistagenesis.com\/wp-content\/uploads\/2019\/10\/DSC_6606.jpg?fit=1200%2C800&ssl=1&resize=1050%2C600 3x"},"classes":[]},{"id":7143,"url":"https:\/\/revistagenesis.com\/?p=7143","url_meta":{"origin":181179,"position":5},"title":"Cravero junto a Carri\u00f3 y Vidal","author":"Nicolas Bagliere","date":"21\/11\/2016","format":false,"excerpt":"\u00a0 Este s\u00e1bado 19 de noviembre en el marco de la celebraci\u00f3n del 15to aniversario de la creaci\u00f3n de la Coalici\u00f3n C\u00edvica que lidera la Dra Elissa Carri\u00f3,se llev\u00f3 a cabo el Congreso Nacional de dicha fuerza en Villa Constituci\u00f3n Pcia de Santa F\u00e9.Conclu\u00eddo el orden del d\u00eda y la\u2026","rel":"","context":"En \u00abInter\u00e9s General\u00bb","block_context":{"text":"Inter\u00e9s General","link":"https:\/\/revistagenesis.com\/?cat=1"},"img":{"alt_text":"","src":"https:\/\/i0.wp.com\/revistagenesis.com\/wp-content\/uploads\/2016\/11\/junacho-y-vidal.jpg?fit=634%2C519&ssl=1&resize=350%2C200","width":350,"height":200,"srcset":"https:\/\/i0.wp.com\/revistagenesis.com\/wp-content\/uploads\/2016\/11\/junacho-y-vidal.jpg?fit=634%2C519&ssl=1&resize=350%2C200 1x, https:\/\/i0.wp.com\/revistagenesis.com\/wp-content\/uploads\/2016\/11\/junacho-y-vidal.jpg?fit=634%2C519&ssl=1&resize=525%2C300 1.5x"},"classes":[]}],"jetpack_sharing_enabled":true,"_links":{"self":[{"href":"https:\/\/revistagenesis.com\/index.php?rest_route=\/wp\/v2\/posts\/181179","targetHints":{"allow":["GET"]}}],"collection":[{"href":"https:\/\/revistagenesis.com\/index.php?rest_route=\/wp\/v2\/posts"}],"about":[{"href":"https:\/\/revistagenesis.com\/index.php?rest_route=\/wp\/v2\/types\/post"}],"author":[{"embeddable":true,"href":"https:\/\/revistagenesis.com\/index.php?rest_route=\/wp\/v2\/users\/2"}],"replies":[{"embeddable":true,"href":"https:\/\/revistagenesis.com\/index.php?rest_route=%2Fwp%2Fv2%2Fcomments&post=181179"}],"version-history":[{"count":4,"href":"https:\/\/revistagenesis.com\/index.php?rest_route=\/wp\/v2\/posts\/181179\/revisions"}],"predecessor-version":[{"id":181184,"href":"https:\/\/revistagenesis.com\/index.php?rest_route=\/wp\/v2\/posts\/181179\/revisions\/181184"}],"wp:featuredmedia":[{"embeddable":true,"href":"https:\/\/revistagenesis.com\/index.php?rest_route=\/wp\/v2\/media\/181180"}],"wp:attachment":[{"href":"https:\/\/revistagenesis.com\/index.php?rest_route=%2Fwp%2Fv2%2Fmedia&parent=181179"}],"wp:term":[{"taxonomy":"category","embeddable":true,"href":"https:\/\/revistagenesis.com\/index.php?rest_route=%2Fwp%2Fv2%2Fcategories&post=181179"},{"taxonomy":"post_tag","embeddable":true,"href":"https:\/\/revistagenesis.com\/index.php?rest_route=%2Fwp%2Fv2%2Ftags&post=181179"}],"curies":[{"name":"wp","href":"https:\/\/api.w.org\/{rel}","templated":true}]}}