{"id":181175,"date":"2021-10-26T17:48:49","date_gmt":"2021-10-26T20:48:49","guid":{"rendered":"http:\/\/revistagenesis.com\/2021\/10\/26\/santilli-y-manes-vamos-a-consolidar-la-eleccion-de-septiembre-en-noviembre\/"},"modified":"2021-10-26T17:48:49","modified_gmt":"2021-10-26T20:48:49","slug":"santilli-y-manes-vamos-a-consolidar-la-eleccion-de-septiembre-en-noviembre","status":"publish","type":"post","link":"https:\/\/revistagenesis.com\/?p=181175","title":{"rendered":"Santilli y Manes: \u00abVamos a consolidar la elecci\u00f3n de septiembre en noviembre\u00bb"},"content":{"rendered":"\n<p><em>Los candidatos de Juntos en la provincia de Buenos Aires se reunieron con vecinos en el Club Tulipanes, de Garin. All\u00ed, plantearon que \u00abel kirchnerismo en mayor\u00eda ha avasallado instituciones, ha buscado sancionar leyes que afectan al trabajo y a la inversi\u00f3n con prepotencia y repitiendo los errores del pasado\u00bb.<\/em><\/p>\n\n\n\n<p>Los candidatos a diputados nacionales de Juntos en la provincia de Buenos Aires, Diego Santilli y Facundo Manes, compartieron este martes por la ma\u00f1ana en Escobar con el primer postulante a concejal, Roberto Costa, una charla con vecinos en el Polideportivo Los Tulipanes de Gar\u00edn y se reunieron con comerciantes de la zona. Tambi\u00e9n estuvo presente el candidato a senador provincial, Joaqu\u00edn de la Torre.<\/p>\n\n\n\n<figure class=\"wp-block-image size-large\"><img data-recalc-dims=\"1\" fetchpriority=\"high\" decoding=\"async\" width=\"1024\" height=\"684\" src=\"https:\/\/i0.wp.com\/revistagenesis.com\/wp-content\/uploads\/2021\/10\/img-20211026-wa01474141973206591180972-1024x684.jpg?resize=1024%2C684&#038;ssl=1\" alt=\"\" class=\"wp-image-181173\" srcset=\"https:\/\/i0.wp.com\/revistagenesis.com\/wp-content\/uploads\/2021\/10\/img-20211026-wa01474141973206591180972.jpg?resize=1024%2C684&amp;ssl=1 1024w, https:\/\/i0.wp.com\/revistagenesis.com\/wp-content\/uploads\/2021\/10\/img-20211026-wa01474141973206591180972.jpg?resize=300%2C200&amp;ssl=1 300w, https:\/\/i0.wp.com\/revistagenesis.com\/wp-content\/uploads\/2021\/10\/img-20211026-wa01474141973206591180972.jpg?resize=768%2C513&amp;ssl=1 768w, https:\/\/i0.wp.com\/revistagenesis.com\/wp-content\/uploads\/2021\/10\/img-20211026-wa01474141973206591180972.jpg?w=1200&amp;ssl=1 1200w\" sizes=\"(max-width: 1024px) 100vw, 1024px\" \/><\/figure>\n\n\n\n<p>Durante el encuentro, Santilli se refiri\u00f3 a la pol\u00e9mica surgida entre los ministros de Seguridad de Naci\u00f3n y Provincia, An\u00edbal Fern\u00e1ndez y Sergio Berni: \u00abCuando los dos Ministros de Seguridad se pelean, pierde la sociedad, que vive con miedo. Lo que la sociedad quiere es decisi\u00f3n pol\u00edtica, que es lo que no ha tenido el gobierno. Todo lo contrario, en seguridad la Provincia es el mundo del rev\u00e9s. Liberaron a m\u00e1s de 2000 presos, dejaron que los narcos avancen en los barrios, hay un delito cada 3 minutos, el comerciante trabaja detr\u00e1s de las rejas. Es inaceptable lo que est\u00e1 pasando\u00bb.<\/p>\n\n\n\n<p>\u00abNosotros ya sabemos lo que es kirchnerismo con mayor\u00eda. El kirchnerismo en mayor\u00eda ha avasallado instituciones, ha buscado sancionar leyes que afectan al trabajo y a la inversi\u00f3n con prepotencia y repitiendo los errores del pasado\u00bb, agreg\u00f3.<\/p>\n\n\n\n<p>\u00abTenemos una oportunidad, si nosotros desde Juntos mejoramos nuestra posici\u00f3n&nbsp;en el Senado y evitamos la mayor\u00eda del kirchnerismo, si nosotros logramos tener m\u00e1s diputados, es probable que podamos tener en el Congreso construir una agenda donde pongamos arriba de la mesa los temas estructurales y podamos consolidar un pa\u00eds con educaci\u00f3n de calidad, que nos permita generar condiciones favorables para crear trabajo genuino, o sancionar el c\u00f3digo penal para endurecer las leyes de delitos violentos. Ese es el desaf\u00edo que tenemos por delante\u00bb, sum\u00f3 el candidato a primer diputado nacional por la provincia.<\/p>\n\n\n\n<p>\u00abHay que convocar a cada uno de los vecinos, a cada uno de los ciudadanos a que nos acompa\u00f1e, a que llame al hermano, al amigo, al que no fue a votar, al que ten\u00eda angustia. Vamos a consolidar la elecci\u00f3n de septiembre en noviembre\u00bb, cerr\u00f3 Santilli en el encuentro.<\/p>\n\n\n\n<p>Por otra parte, Facundo Manes afirm\u00f3 que \u00ablos argentinos nos dimos cuenta que no estamos condenados al fracaso, que unidos podemos generar un nuevo clima \u00e9poca, un nuevo pa\u00eds y, por eso, creo que esta elecci\u00f3n va a ser a\u00fan m\u00e1s contundente a nuestro favor\u00bb.<br \/>&nbsp;<br \/>\u00abSe ha generado un espiral positivo luego de la elecci\u00f3n del 12 de septiembre y creo que esto no va a parar. No solo que vamos a ganar sino que vamos a empezar a transformar la Argentina; algo que merecemos desde hace d\u00e9cadas\u00bb, continu\u00f3.<\/p>\n\n\n\n<p>Sobre las declaraciones de Tolosa Paz y la acusaci\u00f3n a la oposici\u00f3n de \u00abestar armando un golpe blando\u00bb, el candidato de Juntos asegur\u00f3: \u00abLa gente est\u00e1 muy preocupada y con much\u00edsima incertidumbre. Todav\u00eda estamos en pandemia y el a\u00f1o pr\u00f3ximo, cuando nos levantemos y ya no le tengamos m\u00e1s miedo al virus, vendr\u00e1 una etapa dur\u00edsima donde vamos a sentir la perdidas que todos tuvimos en lo material, en lo econ\u00f3mico y tambi\u00e9n en lo psicol\u00f3gico. Vienen tiempos dif\u00edciles pero por suerte tenemos una oposici\u00f3n seria. Una oposici\u00f3n que quiere la gobernabilidad, una oposici\u00f3n que va ayudar al gobierno a terminar su mandato. Esta oposici\u00f3n cada vez est\u00e1 m\u00e1s madura y cada vez m\u00e1s responsable\u00bb.<\/p>\n\n\n\n<p>\u00abYo tengo mi g\u00e9nesis, mi ADN radical como ustedes saben y muchas veces sufrimos oposiciones irresponsables, por suerte hay una oposici\u00f3n muy responsable en este momento\u00bb, finaliz\u00f3 el neurocient\u00edfico.<\/p>\n","protected":false},"excerpt":{"rendered":"<p>Los candidatos de Juntos en la provincia de Buenos Aires se reunieron con vecinos en el Club Tulipanes, de Garin. All\u00ed, plantearon que \u00abel kirchnerismo en mayor\u00eda ha avasallado instituciones, ha buscado sancionar leyes que afectan al trabajo y a la inversi\u00f3n con prepotencia y repitiendo los errores del pasado\u00bb. Los candidatos a diputados nacionales &#8230; <a title=\"Santilli y Manes: \u00abVamos a consolidar la elecci\u00f3n de septiembre en noviembre\u00bb\" class=\"read-more\" href=\"https:\/\/revistagenesis.com\/?p=181175\">Leer mas<\/a><\/p>\n","protected":false},"author":2,"featured_media":181174,"comment_status":"open","ping_status":"open","sticky":false,"template":"","format":"standard","meta":{"jetpack_post_was_ever_published":false,"_jetpack_newsletter_access":"","_jetpack_dont_email_post_to_subs":false,"_jetpack_newsletter_tier_id":0,"_jetpack_memberships_contains_paywalled_content":false,"_jetpack_memberships_contains_paid_content":false,"footnotes":""},"categories":[1],"tags":[111],"class_list":["post-181175","post","type-post","status-publish","format-standard","has-post-thumbnail","hentry","category-interes-general","tag-santilli-manes-juntos-elecciones-noviembre"],"jetpack_featured_media_url":"https:\/\/i0.wp.com\/revistagenesis.com\/wp-content\/uploads\/2021\/10\/IMG-20211026-WA0147.jpg?fit=1200%2C801&ssl=1","jetpack_likes_enabled":true,"jetpack-related-posts":[{"id":181205,"url":"https:\/\/revistagenesis.com\/?p=181205","url_meta":{"origin":181175,"position":0},"title":"Santilli y Manes: \u201cVenimos para cambiar la historia\u201d","author":"Nicolas Bagliere","date":"11\/11\/2021","format":false,"excerpt":"\u00a0 \u00a0 Los candidatos de Juntos en la Provincia de Buenos Aires, Diego Santilli y Facundo Manes, realizaron el cierre de campa\u00f1a en La Plata y luego viajaron a Mar del Plata, donde se reunieron con vecinos y comerciantes y participaron de una caminata. \u00a0 Ante m\u00e1s de 3000 militantes,\u2026","rel":"","context":"En \u00abInter\u00e9s General\u00bb","block_context":{"text":"Inter\u00e9s General","link":"https:\/\/revistagenesis.com\/?cat=1"},"img":{"alt_text":"","src":"https:\/\/i0.wp.com\/revistagenesis.com\/wp-content\/uploads\/2021\/11\/IMG-20211111-WA0250.jpg?fit=1200%2C800&ssl=1&resize=350%2C200","width":350,"height":200,"srcset":"https:\/\/i0.wp.com\/revistagenesis.com\/wp-content\/uploads\/2021\/11\/IMG-20211111-WA0250.jpg?fit=1200%2C800&ssl=1&resize=350%2C200 1x, https:\/\/i0.wp.com\/revistagenesis.com\/wp-content\/uploads\/2021\/11\/IMG-20211111-WA0250.jpg?fit=1200%2C800&ssl=1&resize=525%2C300 1.5x, https:\/\/i0.wp.com\/revistagenesis.com\/wp-content\/uploads\/2021\/11\/IMG-20211111-WA0250.jpg?fit=1200%2C800&ssl=1&resize=700%2C400 2x, https:\/\/i0.wp.com\/revistagenesis.com\/wp-content\/uploads\/2021\/11\/IMG-20211111-WA0250.jpg?fit=1200%2C800&ssl=1&resize=1050%2C600 3x"},"classes":[]},{"id":182450,"url":"https:\/\/revistagenesis.com\/?p=182450","url_meta":{"origin":181175,"position":1},"title":"MANES APOY\u00d3 LAS CANDIDATURAS DE LARRETA Y SANTILI.","author":"Nicolas Bagliere","date":"01\/08\/2023","format":false,"excerpt":"En Tandil, provincia de Buenos Aires Manes apoy\u00f3 las candidaturas de Rodr\u00edguez Larreta y Santilli: \"El desarrollo que necesitamos se tiene que hacer desde el centro y con los otros, no contra los otros\" El precandidato a presidente de Juntos, Horacio Rodr\u00edguez Larreta, visit\u00f3 este martes la ciudad de Tandil\u2026","rel":"","context":"En \u00abPol\u00edtica\u00bb","block_context":{"text":"Pol\u00edtica","link":"https:\/\/revistagenesis.com\/?cat=130"},"img":{"alt_text":"","src":"https:\/\/i0.wp.com\/revistagenesis.com\/wp-content\/uploads\/2023\/08\/IMG-20230801-WA0164.jpg?fit=1200%2C800&ssl=1&resize=350%2C200","width":350,"height":200,"srcset":"https:\/\/i0.wp.com\/revistagenesis.com\/wp-content\/uploads\/2023\/08\/IMG-20230801-WA0164.jpg?fit=1200%2C800&ssl=1&resize=350%2C200 1x, https:\/\/i0.wp.com\/revistagenesis.com\/wp-content\/uploads\/2023\/08\/IMG-20230801-WA0164.jpg?fit=1200%2C800&ssl=1&resize=525%2C300 1.5x, https:\/\/i0.wp.com\/revistagenesis.com\/wp-content\/uploads\/2023\/08\/IMG-20230801-WA0164.jpg?fit=1200%2C800&ssl=1&resize=700%2C400 2x, https:\/\/i0.wp.com\/revistagenesis.com\/wp-content\/uploads\/2023\/08\/IMG-20230801-WA0164.jpg?fit=1200%2C800&ssl=1&resize=1050%2C600 3x"},"classes":[]},{"id":182138,"url":"https:\/\/revistagenesis.com\/?p=182138","url_meta":{"origin":181175,"position":2},"title":"Santilli lanz\u00f3 su candidatura a gobernador de la provincia de Buenos Aires.","author":"Nicolas Bagliere","date":"15\/02\/2023","format":false,"excerpt":"El anuncio se realizar\u00e1 por la tarde a trav\u00e9s de sus redes sociales. El \u201cColo\u201d ya visit\u00f3 m\u00e1s de 100 municipios y recorri\u00f3 m\u00e1s de 105 mil kil\u00f3metros en territorio bonaerense desde que fue elegido diputado nacional. El diputado nacional de Juntos por el Cambio Diego Santilli confirmar\u00e1 el pr\u00f3ximo\u2026","rel":"","context":"En \u00abInter\u00e9s General\u00bb","block_context":{"text":"Inter\u00e9s General","link":"https:\/\/revistagenesis.com\/?cat=1"},"img":{"alt_text":"","src":"https:\/\/i0.wp.com\/revistagenesis.com\/wp-content\/uploads\/2023\/02\/IMG-20230213-WA0331.jpg?fit=360%2C240&ssl=1&resize=350%2C200","width":350,"height":200},"classes":[]},{"id":182439,"url":"https:\/\/revistagenesis.com\/?p=182439","url_meta":{"origin":181175,"position":3},"title":"KICILLOF Y SANTILI POLARIZAN LAS PASO EN LA PROVINCIA","author":"Nicolas Bagliere","date":"27\/07\/2023","format":false,"excerpt":"Son los dos principales candidatos seg\u00fan las encuestas El nuevo relevamiento de la consultora Isonom\u00eda indic\u00f3 que el oficialismo supera por 2,4% a Juntos por el Cambio en Provincia. Santilli es el precandidato con mejor diferencial de imagen. La consultora Isonom\u00eda realiz\u00f3 un relevamiento con 2007 personas mayores de 18\u2026","rel":"","context":"En \u00abPol\u00edtica\u00bb","block_context":{"text":"Pol\u00edtica","link":"https:\/\/revistagenesis.com\/?cat=130"},"img":{"alt_text":"","src":"https:\/\/i0.wp.com\/revistagenesis.com\/wp-content\/uploads\/2023\/07\/Screenshot_20230727-165122_PDFReader.jpg?fit=1080%2C712&ssl=1&resize=350%2C200","width":350,"height":200,"srcset":"https:\/\/i0.wp.com\/revistagenesis.com\/wp-content\/uploads\/2023\/07\/Screenshot_20230727-165122_PDFReader.jpg?fit=1080%2C712&ssl=1&resize=350%2C200 1x, https:\/\/i0.wp.com\/revistagenesis.com\/wp-content\/uploads\/2023\/07\/Screenshot_20230727-165122_PDFReader.jpg?fit=1080%2C712&ssl=1&resize=525%2C300 1.5x, https:\/\/i0.wp.com\/revistagenesis.com\/wp-content\/uploads\/2023\/07\/Screenshot_20230727-165122_PDFReader.jpg?fit=1080%2C712&ssl=1&resize=700%2C400 2x, https:\/\/i0.wp.com\/revistagenesis.com\/wp-content\/uploads\/2023\/07\/Screenshot_20230727-165122_PDFReader.jpg?fit=1080%2C712&ssl=1&resize=1050%2C600 3x"},"classes":[]},{"id":182373,"url":"https:\/\/revistagenesis.com\/?p=182373","url_meta":{"origin":181175,"position":4},"title":"Santilli: \u201cMi prioridad es bajar los impuestos y apostar por la productividad en la provincia de Buenos Aires\u201d","author":"Nicolas Bagliere","date":"08\/06\/2023","format":false,"excerpt":"El precandidato a gobernador bonaerense mantuvo encuentros con vecinos y productores de Coronel Pringles, Patagones y Coronel Dorrego. El precandidato a gobernador bonaerense de Juntos, Diego Santilli, contin\u00faa con sus recorridas por las localidades de la provincia de Buenos Aires. Este jueves estuvo en la Sexta Secci\u00f3n Electoral, donde asegur\u00f3\u2026","rel":"","context":"En \u00abPol\u00edtica\u00bb","block_context":{"text":"Pol\u00edtica","link":"https:\/\/revistagenesis.com\/?cat=130"},"img":{"alt_text":"","src":"https:\/\/i0.wp.com\/revistagenesis.com\/wp-content\/uploads\/2023\/06\/IMG-20230608-WA0112.jpg?fit=1200%2C801&ssl=1&resize=350%2C200","width":350,"height":200,"srcset":"https:\/\/i0.wp.com\/revistagenesis.com\/wp-content\/uploads\/2023\/06\/IMG-20230608-WA0112.jpg?fit=1200%2C801&ssl=1&resize=350%2C200 1x, https:\/\/i0.wp.com\/revistagenesis.com\/wp-content\/uploads\/2023\/06\/IMG-20230608-WA0112.jpg?fit=1200%2C801&ssl=1&resize=525%2C300 1.5x, https:\/\/i0.wp.com\/revistagenesis.com\/wp-content\/uploads\/2023\/06\/IMG-20230608-WA0112.jpg?fit=1200%2C801&ssl=1&resize=700%2C400 2x, https:\/\/i0.wp.com\/revistagenesis.com\/wp-content\/uploads\/2023\/06\/IMG-20230608-WA0112.jpg?fit=1200%2C801&ssl=1&resize=1050%2C600 3x"},"classes":[]},{"id":181727,"url":"https:\/\/revistagenesis.com\/?p=181727","url_meta":{"origin":181175,"position":5},"title":"ELECCIONES 2023: PARIDAD DE JUNTOS Y EL FRENTE DE TODOS.","author":"Nicolas Bagliere","date":"12\/07\/2022","format":"image","excerpt":"Un relevamiento de Opina Argentina midi\u00f3 en el distrito electoral m\u00e1s importante del pa\u00eds a los espacios pol\u00edticos y a los principales dirigentes. Axel Kicillof fue elegido por el 35% de los encuestados, seguido por Diego Santilli, con el 23%. -Encuesta de Opina Argentina. Se realizaron 900 encuestas telef\u00f3nicas y\u2026","rel":"","context":"En \u00abInter\u00e9s General\u00bb","block_context":{"text":"Inter\u00e9s General","link":"https:\/\/revistagenesis.com\/?cat=1"},"img":{"alt_text":"","src":"https:\/\/i0.wp.com\/revistagenesis.com\/wp-content\/uploads\/2022\/07\/Screenshot_20220712-175118_OneDrive.jpg?fit=719%2C958&ssl=1&resize=350%2C200","width":350,"height":200,"srcset":"https:\/\/i0.wp.com\/revistagenesis.com\/wp-content\/uploads\/2022\/07\/Screenshot_20220712-175118_OneDrive.jpg?fit=719%2C958&ssl=1&resize=350%2C200 1x, https:\/\/i0.wp.com\/revistagenesis.com\/wp-content\/uploads\/2022\/07\/Screenshot_20220712-175118_OneDrive.jpg?fit=719%2C958&ssl=1&resize=525%2C300 1.5x, https:\/\/i0.wp.com\/revistagenesis.com\/wp-content\/uploads\/2022\/07\/Screenshot_20220712-175118_OneDrive.jpg?fit=719%2C958&ssl=1&resize=700%2C400 2x"},"classes":[]}],"jetpack_sharing_enabled":true,"_links":{"self":[{"href":"https:\/\/revistagenesis.com\/index.php?rest_route=\/wp\/v2\/posts\/181175","targetHints":{"allow":["GET"]}}],"collection":[{"href":"https:\/\/revistagenesis.com\/index.php?rest_route=\/wp\/v2\/posts"}],"about":[{"href":"https:\/\/revistagenesis.com\/index.php?rest_route=\/wp\/v2\/types\/post"}],"author":[{"embeddable":true,"href":"https:\/\/revistagenesis.com\/index.php?rest_route=\/wp\/v2\/users\/2"}],"replies":[{"embeddable":true,"href":"https:\/\/revistagenesis.com\/index.php?rest_route=%2Fwp%2Fv2%2Fcomments&post=181175"}],"version-history":[{"count":0,"href":"https:\/\/revistagenesis.com\/index.php?rest_route=\/wp\/v2\/posts\/181175\/revisions"}],"wp:featuredmedia":[{"embeddable":true,"href":"https:\/\/revistagenesis.com\/index.php?rest_route=\/wp\/v2\/media\/181174"}],"wp:attachment":[{"href":"https:\/\/revistagenesis.com\/index.php?rest_route=%2Fwp%2Fv2%2Fmedia&parent=181175"}],"wp:term":[{"taxonomy":"category","embeddable":true,"href":"https:\/\/revistagenesis.com\/index.php?rest_route=%2Fwp%2Fv2%2Fcategories&post=181175"},{"taxonomy":"post_tag","embeddable":true,"href":"https:\/\/revistagenesis.com\/index.php?rest_route=%2Fwp%2Fv2%2Ftags&post=181175"}],"curies":[{"name":"wp","href":"https:\/\/api.w.org\/{rel}","templated":true}]}}