{"id":181164,"date":"2021-10-25T23:01:54","date_gmt":"2021-10-26T02:01:54","guid":{"rendered":"http:\/\/revistagenesis.com\/?p=181164"},"modified":"2021-10-25T23:22:38","modified_gmt":"2021-10-26T02:22:38","slug":"sciani-y-lissalde-nos-ofrecieron-plata-para-bajar-la-lista","status":"publish","type":"post","link":"https:\/\/revistagenesis.com\/?p=181164","title":{"rendered":"GRASETTI: \u00abSCIANI Y LISSALDE NOS OFRECIERON PLATA PARA BAJAR LA LISTA\u00bb"},"content":{"rendered":"\n<p>Este lunes, dialogamos con tres candidatos de la lista de Principios y Valores que se alejaron del espacio despu\u00e9s de las PASO. Dami\u00e1n Grasetti, Yolanda L\u00f3pez y Lorena Martinez dieron sus motivos.<\/p>\n\n\n\n<p>Apuntaron al mal manejo del primer candidato,  Cristi\u00e1n Castellani y a los ofrecimientos de otros espacios de cara a las elecciones del 14 de Noviembre.<\/p>\n\n\n\n<figure class=\"wp-block-image size-large\"><img data-recalc-dims=\"1\" fetchpriority=\"high\" decoding=\"async\" width=\"1024\" height=\"768\" src=\"https:\/\/i0.wp.com\/revistagenesis.com\/wp-content\/uploads\/2021\/10\/20211025_182340_mfnr6591530065846114517-1024x768.jpg?resize=1024%2C768&#038;ssl=1\" alt=\"\" class=\"wp-image-181162\" srcset=\"https:\/\/i0.wp.com\/revistagenesis.com\/wp-content\/uploads\/2021\/10\/20211025_182340_mfnr6591530065846114517-scaled.jpg?resize=1024%2C768&amp;ssl=1 1024w, https:\/\/i0.wp.com\/revistagenesis.com\/wp-content\/uploads\/2021\/10\/20211025_182340_mfnr6591530065846114517-scaled.jpg?resize=300%2C225&amp;ssl=1 300w, https:\/\/i0.wp.com\/revistagenesis.com\/wp-content\/uploads\/2021\/10\/20211025_182340_mfnr6591530065846114517-scaled.jpg?resize=768%2C576&amp;ssl=1 768w, https:\/\/i0.wp.com\/revistagenesis.com\/wp-content\/uploads\/2021\/10\/20211025_182340_mfnr6591530065846114517-scaled.jpg?resize=1536%2C1152&amp;ssl=1 1536w, https:\/\/i0.wp.com\/revistagenesis.com\/wp-content\/uploads\/2021\/10\/20211025_182340_mfnr6591530065846114517-scaled.jpg?resize=2048%2C1536&amp;ssl=1 2048w, https:\/\/i0.wp.com\/revistagenesis.com\/wp-content\/uploads\/2021\/10\/20211025_182340_mfnr6591530065846114517-scaled.jpg?w=2400&amp;ssl=1 2400w\" sizes=\"(max-width: 1024px) 100vw, 1024px\" \/><\/figure>\n\n\n\n<p><iframe title=\"&quot;SCIANI Y LISSALDE NOS OFRECIERON PLATA PARA BAJAR LA LISTA&quot;.\" width=\"1200\" height=\"675\" src=\"https:\/\/www.youtube.com\/embed\/N1i2-tAammA?feature=oembed\" frameborder=\"0\" allow=\"accelerometer; autoplay; clipboard-write; encrypted-media; gyroscope; picture-in-picture\" allowfullscreen><\/iframe><\/p>\n","protected":false},"excerpt":{"rendered":"<p>Este lunes, dialogamos con tres candidatos de la lista de Principios y Valores que se alejaron del espacio despu\u00e9s de las PASO. Dami\u00e1n Grasetti, Yolanda L\u00f3pez y Lorena Martinez dieron sus motivos. Apuntaron al mal manejo del primer candidato, Cristi\u00e1n Castellani y a los ofrecimientos de otros espacios de cara a las elecciones del 14 &#8230; <a title=\"GRASETTI: \u00abSCIANI Y LISSALDE NOS OFRECIERON PLATA PARA BAJAR LA LISTA\u00bb\" class=\"read-more\" href=\"https:\/\/revistagenesis.com\/?p=181164\">Leer mas<\/a><\/p>\n","protected":false},"author":2,"featured_media":181163,"comment_status":"open","ping_status":"open","sticky":false,"template":"","format":"standard","meta":{"jetpack_post_was_ever_published":false,"_jetpack_newsletter_access":"","_jetpack_dont_email_post_to_subs":false,"_jetpack_newsletter_tier_id":0,"_jetpack_memberships_contains_paywalled_content":false,"_jetpack_memberships_contains_paid_content":false,"footnotes":""},"categories":[1],"tags":[],"class_list":["post-181164","post","type-post","status-publish","format-standard","has-post-thumbnail","hentry","category-interes-general"],"jetpack_featured_media_url":"https:\/\/i0.wp.com\/revistagenesis.com\/wp-content\/uploads\/2021\/10\/20211025_182340_mfnr-scaled.jpg?fit=2560%2C1920&ssl=1","jetpack_likes_enabled":true,"jetpack-related-posts":[{"id":11415,"url":"https:\/\/revistagenesis.com\/?p=11415","url_meta":{"origin":181164,"position":0},"title":"\u00abHay gente que tiene que estar actuando con el tema adicciones\u00bb","author":"Nicolas Bagliere","date":"01\/08\/2017","format":false,"excerpt":"La diputada provincial de la s\u00e9ptima secci\u00f3n de Cambiemos, Alejandra Lorden, visit\u00f3 el comite radical de calle Tarigo, donde entrego un subsidio al club Social y Deportivo Alumni. Ademas, dialogo con los medios de prensa juntos los pre candidatos de la lista. Sergio Martini, \u00a0pre- candidato en primer lugar de\u2026","rel":"","context":"En \u00abInter\u00e9s General\u00bb","block_context":{"text":"Inter\u00e9s General","link":"https:\/\/revistagenesis.com\/?cat=1"},"img":{"alt_text":"","src":"https:\/\/i0.wp.com\/revistagenesis.com\/wp-content\/uploads\/2017\/08\/20170801_150803.jpg?fit=1200%2C900&ssl=1&resize=350%2C200","width":350,"height":200,"srcset":"https:\/\/i0.wp.com\/revistagenesis.com\/wp-content\/uploads\/2017\/08\/20170801_150803.jpg?fit=1200%2C900&ssl=1&resize=350%2C200 1x, https:\/\/i0.wp.com\/revistagenesis.com\/wp-content\/uploads\/2017\/08\/20170801_150803.jpg?fit=1200%2C900&ssl=1&resize=525%2C300 1.5x, https:\/\/i0.wp.com\/revistagenesis.com\/wp-content\/uploads\/2017\/08\/20170801_150803.jpg?fit=1200%2C900&ssl=1&resize=700%2C400 2x, https:\/\/i0.wp.com\/revistagenesis.com\/wp-content\/uploads\/2017\/08\/20170801_150803.jpg?fit=1200%2C900&ssl=1&resize=1050%2C600 3x"},"classes":[]},{"id":1833,"url":"https:\/\/revistagenesis.com\/?p=1833","url_meta":{"origin":181164,"position":1},"title":"\u00abLa acci\u00f3n social hay que hacerla en la calle\u00bb","author":"Nicolas Bagliere","date":"07\/07\/2015","format":false,"excerpt":"\u00a0 El lunes por la noche se present\u00f3 en el comit\u00e9 de la UCR, \u00a0la \u00a0lista que llevar\u00e1 el nombre \"Cambiemos\" integrada por la UCR, la Coalici\u00f3n Civica y el PRO. La candidata a intendente ser\u00e1 Graciela Badde y Fernando Martini como primer concejal. Estuvieron acompa\u00f1ando este lanzamiento,la candidata a\u2026","rel":"","context":"En \u00abInter\u00e9s General\u00bb","block_context":{"text":"Inter\u00e9s General","link":"https:\/\/revistagenesis.com\/?cat=1"},"img":{"alt_text":"","src":"https:\/\/i0.wp.com\/revistagenesis.com\/wp-content\/uploads\/2015\/07\/graciela.jpg?fit=1200%2C795&ssl=1&resize=350%2C200","width":350,"height":200,"srcset":"https:\/\/i0.wp.com\/revistagenesis.com\/wp-content\/uploads\/2015\/07\/graciela.jpg?fit=1200%2C795&ssl=1&resize=350%2C200 1x, https:\/\/i0.wp.com\/revistagenesis.com\/wp-content\/uploads\/2015\/07\/graciela.jpg?fit=1200%2C795&ssl=1&resize=525%2C300 1.5x, https:\/\/i0.wp.com\/revistagenesis.com\/wp-content\/uploads\/2015\/07\/graciela.jpg?fit=1200%2C795&ssl=1&resize=700%2C400 2x, https:\/\/i0.wp.com\/revistagenesis.com\/wp-content\/uploads\/2015\/07\/graciela.jpg?fit=1200%2C795&ssl=1&resize=1050%2C600 3x"},"classes":[]},{"id":11218,"url":"https:\/\/revistagenesis.com\/?p=11218","url_meta":{"origin":181164,"position":2},"title":"Sergio Massa en la presentaci\u00f3n de la lista de 1Pa\u00eds en Roque P\u00e9rez","author":"Nicolas Bagliere","date":"24\/07\/2017","format":false,"excerpt":"Este domingo, se present\u00f3 la lista de pre- candidatos de 1 Pais, espacio liderado en Roque P\u00e9rez por Maximiliano Sciaini y que tiene a Horacio Tossi como primer candidato consejero escolar. El diputado nacional y l\u00edder de 1Pais, Sergio Massa visit\u00f3 la ciudad para acompa\u00f1ar el lanzamiento de la lista\u2026","rel":"","context":"En \u00abInter\u00e9s General\u00bb","block_context":{"text":"Inter\u00e9s General","link":"https:\/\/revistagenesis.com\/?cat=1"},"img":{"alt_text":"","src":"https:\/\/i0.wp.com\/revistagenesis.com\/wp-content\/uploads\/2017\/07\/DSC_7180.jpg?fit=1200%2C800&ssl=1&resize=350%2C200","width":350,"height":200,"srcset":"https:\/\/i0.wp.com\/revistagenesis.com\/wp-content\/uploads\/2017\/07\/DSC_7180.jpg?fit=1200%2C800&ssl=1&resize=350%2C200 1x, https:\/\/i0.wp.com\/revistagenesis.com\/wp-content\/uploads\/2017\/07\/DSC_7180.jpg?fit=1200%2C800&ssl=1&resize=525%2C300 1.5x, https:\/\/i0.wp.com\/revistagenesis.com\/wp-content\/uploads\/2017\/07\/DSC_7180.jpg?fit=1200%2C800&ssl=1&resize=700%2C400 2x, https:\/\/i0.wp.com\/revistagenesis.com\/wp-content\/uploads\/2017\/07\/DSC_7180.jpg?fit=1200%2C800&ssl=1&resize=1050%2C600 3x"},"classes":[]},{"id":1878,"url":"https:\/\/revistagenesis.com\/?p=1878","url_meta":{"origin":181164,"position":3},"title":"Sciaini presenta su lista","author":"Nicolas Bagliere","date":"16\/07\/2015","format":false,"excerpt":"El precandidato a intendente del massismo Maximiliano Sciaini,\u00a0aspira a conducir los destinos de la ciudad. Para eso propone\u00a0\"Cambiar miedo por seguridad\", es uno de los diez puntos que impulsa el candidato a presidente de la Naci\u00f3n por el Frente Renovador, Sergio Massa, y que fue acordado recientemente por los principales\u2026","rel":"","context":"En \u00abInter\u00e9s General\u00bb","block_context":{"text":"Inter\u00e9s General","link":"https:\/\/revistagenesis.com\/?cat=1"},"img":{"alt_text":"LISSALDE - 2x1.22","src":"https:\/\/i0.wp.com\/www.revistagenesis.com\/wp-content\/uploads\/2015\/07\/MAXI-2x1-300x181.jpg?resize=350%2C200","width":350,"height":200},"classes":[]},{"id":2035,"url":"https:\/\/revistagenesis.com\/?p=2035","url_meta":{"origin":181164,"position":4},"title":"Sciaini con Massa en el cierre de campa\u00f1a","author":"Nicolas Bagliere","date":"06\/08\/2015","format":false,"excerpt":"\u00a0 El precandidato presidencial del Frente Renovador, Sergio Massa, cerr\u00f3 este mi\u00e9rcoles su campa\u00f1a de cara a las elecciones primarias del domingo con un encendido y breve discurso que brind\u00f3 en el microestadio cerrado de Argentinos Juniors, donde critic\u00f3 a la presidente Cristina Kirchner y al jefe de Gobierno porte\u00f1o,\u2026","rel":"","context":"En \u00abInter\u00e9s General\u00bb","block_context":{"text":"Inter\u00e9s General","link":"https:\/\/revistagenesis.com\/?cat=1"},"img":{"alt_text":"maxi cierre de massa","src":"https:\/\/i0.wp.com\/www.revistagenesis.com\/wp-content\/uploads\/2015\/08\/maxi-cierre-de-massa-300x225.jpg?resize=350%2C200","width":350,"height":200},"classes":[]},{"id":11169,"url":"https:\/\/revistagenesis.com\/?p=11169","url_meta":{"origin":181164,"position":5},"title":"\u00abHay que seguir trabajando en favor de la educaci\u00f3n p\u00fablica\u00bb","author":"Nicolas Bagliere","date":"21\/07\/2017","format":false,"excerpt":"\u00a0 Los precandidatos a Consejeros Escolares, Mariela Godoy y Marcelo Ertini de la lista 508 1A de Cambiemos, encabezada por Juan Mar\u00eda Cravero, contaron sus expectativas y proyectos de cara a las elecciones del mes de agosto. Para las Paso(Primarias, Abiertas, Simultaneas y Obligatorias) \u201cestamos trabajando mucho, esperando las boletas\u2026","rel":"","context":"En \u00abInter\u00e9s General\u00bb","block_context":{"text":"Inter\u00e9s General","link":"https:\/\/revistagenesis.com\/?cat=1"},"img":{"alt_text":"","src":"https:\/\/i0.wp.com\/revistagenesis.com\/wp-content\/uploads\/2017\/07\/DSC_0924.jpg?fit=1200%2C815&ssl=1&resize=350%2C200","width":350,"height":200,"srcset":"https:\/\/i0.wp.com\/revistagenesis.com\/wp-content\/uploads\/2017\/07\/DSC_0924.jpg?fit=1200%2C815&ssl=1&resize=350%2C200 1x, https:\/\/i0.wp.com\/revistagenesis.com\/wp-content\/uploads\/2017\/07\/DSC_0924.jpg?fit=1200%2C815&ssl=1&resize=525%2C300 1.5x, https:\/\/i0.wp.com\/revistagenesis.com\/wp-content\/uploads\/2017\/07\/DSC_0924.jpg?fit=1200%2C815&ssl=1&resize=700%2C400 2x, https:\/\/i0.wp.com\/revistagenesis.com\/wp-content\/uploads\/2017\/07\/DSC_0924.jpg?fit=1200%2C815&ssl=1&resize=1050%2C600 3x"},"classes":[]}],"jetpack_sharing_enabled":true,"_links":{"self":[{"href":"https:\/\/revistagenesis.com\/index.php?rest_route=\/wp\/v2\/posts\/181164","targetHints":{"allow":["GET"]}}],"collection":[{"href":"https:\/\/revistagenesis.com\/index.php?rest_route=\/wp\/v2\/posts"}],"about":[{"href":"https:\/\/revistagenesis.com\/index.php?rest_route=\/wp\/v2\/types\/post"}],"author":[{"embeddable":true,"href":"https:\/\/revistagenesis.com\/index.php?rest_route=\/wp\/v2\/users\/2"}],"replies":[{"embeddable":true,"href":"https:\/\/revistagenesis.com\/index.php?rest_route=%2Fwp%2Fv2%2Fcomments&post=181164"}],"version-history":[{"count":5,"href":"https:\/\/revistagenesis.com\/index.php?rest_route=\/wp\/v2\/posts\/181164\/revisions"}],"predecessor-version":[{"id":181170,"href":"https:\/\/revistagenesis.com\/index.php?rest_route=\/wp\/v2\/posts\/181164\/revisions\/181170"}],"wp:featuredmedia":[{"embeddable":true,"href":"https:\/\/revistagenesis.com\/index.php?rest_route=\/wp\/v2\/media\/181163"}],"wp:attachment":[{"href":"https:\/\/revistagenesis.com\/index.php?rest_route=%2Fwp%2Fv2%2Fmedia&parent=181164"}],"wp:term":[{"taxonomy":"category","embeddable":true,"href":"https:\/\/revistagenesis.com\/index.php?rest_route=%2Fwp%2Fv2%2Fcategories&post=181164"},{"taxonomy":"post_tag","embeddable":true,"href":"https:\/\/revistagenesis.com\/index.php?rest_route=%2Fwp%2Fv2%2Ftags&post=181164"}],"curies":[{"name":"wp","href":"https:\/\/api.w.org\/{rel}","templated":true}]}}