{"id":181155,"date":"2021-10-23T13:13:31","date_gmt":"2021-10-23T16:13:31","guid":{"rendered":"http:\/\/revistagenesis.com\/?p=181155"},"modified":"2021-10-23T13:26:45","modified_gmt":"2021-10-23T16:26:45","slug":"la-lista-juega-el-14-venimos-a-construir-no-a-destruir-dentro-del-peronismo","status":"publish","type":"post","link":"https:\/\/revistagenesis.com\/?p=181155","title":{"rendered":"\u00abLA LISTA JUEGA EL 14, VENIMOS A CONSTRUIR NO A DESTRUIR DENTRO DEL PERONISMO\u00bb."},"content":{"rendered":"\n<p>Cristi\u00e1n Castellani, candidato del espacio Frente Independiente Peronista, explic\u00f3 los motivos que llevaron a tres  de sus candidatos a alejarse de la lista.<\/p>\n\n\n\n<figure class=\"wp-block-image size-large\"><img data-recalc-dims=\"1\" fetchpriority=\"high\" decoding=\"async\" width=\"1024\" height=\"708\" src=\"https:\/\/i0.wp.com\/revistagenesis.com\/wp-content\/uploads\/2021\/10\/20211023_131627715360458730500018-1024x708.jpg?resize=1024%2C708&#038;ssl=1\" alt=\"\" class=\"wp-image-181158\" srcset=\"https:\/\/i0.wp.com\/revistagenesis.com\/wp-content\/uploads\/2021\/10\/20211023_131627715360458730500018.jpg?resize=1024%2C708&amp;ssl=1 1024w, https:\/\/i0.wp.com\/revistagenesis.com\/wp-content\/uploads\/2021\/10\/20211023_131627715360458730500018.jpg?resize=300%2C207&amp;ssl=1 300w, https:\/\/i0.wp.com\/revistagenesis.com\/wp-content\/uploads\/2021\/10\/20211023_131627715360458730500018.jpg?resize=768%2C531&amp;ssl=1 768w, https:\/\/i0.wp.com\/revistagenesis.com\/wp-content\/uploads\/2021\/10\/20211023_131627715360458730500018.jpg?w=1310&amp;ssl=1 1310w\" sizes=\"(max-width: 1024px) 100vw, 1024px\" \/><\/figure>\n\n\n\n<p><\/p>\n\n\n\n<p><\/p>\n\n\n\n<p><iframe title=\"&quot;LA LISTA JUEGA EL 14,VENIMOS A CONSTRUIR NO A DESTRUIR DENTRO DEL PERONISMO&quot;.\" width=\"1200\" height=\"675\" src=\"https:\/\/www.youtube.com\/embed\/fzj-XtKuZis?feature=oembed\" frameborder=\"0\" allow=\"accelerometer; autoplay; clipboard-write; encrypted-media; gyroscope; picture-in-picture\" allowfullscreen><\/iframe><\/p>\n","protected":false},"excerpt":{"rendered":"<p>Cristi\u00e1n Castellani, candidato del espacio Frente Independiente Peronista, explic\u00f3 los motivos que llevaron a tres de sus candidatos a alejarse de la lista.<\/p>\n","protected":false},"author":2,"featured_media":181159,"comment_status":"open","ping_status":"open","sticky":false,"template":"","format":"standard","meta":{"jetpack_post_was_ever_published":false,"_jetpack_newsletter_access":"","_jetpack_dont_email_post_to_subs":false,"_jetpack_newsletter_tier_id":0,"_jetpack_memberships_contains_paywalled_content":false,"_jetpack_memberships_contains_paid_content":false,"footnotes":""},"categories":[1],"tags":[],"class_list":["post-181155","post","type-post","status-publish","format-standard","has-post-thumbnail","hentry","category-interes-general"],"jetpack_featured_media_url":"https:\/\/i0.wp.com\/revistagenesis.com\/wp-content\/uploads\/2021\/10\/20211023_131627.jpg?fit=1310%2C906&ssl=1","jetpack_likes_enabled":true,"jetpack-related-posts":[{"id":10806,"url":"https:\/\/revistagenesis.com\/?p=10806","url_meta":{"origin":181155,"position":0},"title":"PASO 2017: Se present\u00f3 la lista 1A de Cambiemos","author":"Nicolas Bagliere","date":"27\/06\/2017","format":false,"excerpt":"Luego del cierre de listas el sabado 24, \u00a0donde cada fuerza dio a conocer \u00a0los candicatos que competiran en las PASO, la lista encabezada por Juan Maria Cravero presento a sus representantes a concejales y consejeros escolares que forman parte de la lista 1 A de Cambiemos.Este grupo est\u00e1 conformado\u2026","rel":"","context":"En \u00abInter\u00e9s General\u00bb","block_context":{"text":"Inter\u00e9s General","link":"https:\/\/revistagenesis.com\/?cat=1"},"img":{"alt_text":"","src":"https:\/\/i0.wp.com\/revistagenesis.com\/wp-content\/uploads\/2017\/06\/IMG-20170626-WA0065.jpg?fit=1200%2C968&ssl=1&resize=350%2C200","width":350,"height":200,"srcset":"https:\/\/i0.wp.com\/revistagenesis.com\/wp-content\/uploads\/2017\/06\/IMG-20170626-WA0065.jpg?fit=1200%2C968&ssl=1&resize=350%2C200 1x, https:\/\/i0.wp.com\/revistagenesis.com\/wp-content\/uploads\/2017\/06\/IMG-20170626-WA0065.jpg?fit=1200%2C968&ssl=1&resize=525%2C300 1.5x, https:\/\/i0.wp.com\/revistagenesis.com\/wp-content\/uploads\/2017\/06\/IMG-20170626-WA0065.jpg?fit=1200%2C968&ssl=1&resize=700%2C400 2x, https:\/\/i0.wp.com\/revistagenesis.com\/wp-content\/uploads\/2017\/06\/IMG-20170626-WA0065.jpg?fit=1200%2C968&ssl=1&resize=1050%2C600 3x"},"classes":[]},{"id":11504,"url":"https:\/\/revistagenesis.com\/?p=11504","url_meta":{"origin":181155,"position":1},"title":"Ezequiel Galli y Dalton Jauregui brindaron apoyo a la lista 508 1A","author":"Nicolas Bagliere","date":"07\/08\/2017","format":false,"excerpt":"Esta ma\u00f1ana, visitaron nuestra ciudad, Dalton Jauregui, pre candidato a senador de la s\u00e9ptima seccion junto a Ezequiel Galli, intendente de Olavarria en Roque Perez. En el comite de calle Berro y Alsina tambien estuvieron los integrantes de la lista como Monica Pijuan, Oscar Del Barrio, Paola Saracini, Lorena Aguirre,\u2026","rel":"","context":"En \u00abInter\u00e9s General\u00bb","block_context":{"text":"Inter\u00e9s General","link":"https:\/\/revistagenesis.com\/?cat=1"},"img":{"alt_text":"","src":"https:\/\/i0.wp.com\/revistagenesis.com\/wp-content\/uploads\/2017\/08\/wp-image-1966730813.jpg?fit=1200%2C900&ssl=1&resize=350%2C200","width":350,"height":200,"srcset":"https:\/\/i0.wp.com\/revistagenesis.com\/wp-content\/uploads\/2017\/08\/wp-image-1966730813.jpg?fit=1200%2C900&ssl=1&resize=350%2C200 1x, https:\/\/i0.wp.com\/revistagenesis.com\/wp-content\/uploads\/2017\/08\/wp-image-1966730813.jpg?fit=1200%2C900&ssl=1&resize=525%2C300 1.5x, https:\/\/i0.wp.com\/revistagenesis.com\/wp-content\/uploads\/2017\/08\/wp-image-1966730813.jpg?fit=1200%2C900&ssl=1&resize=700%2C400 2x, https:\/\/i0.wp.com\/revistagenesis.com\/wp-content\/uploads\/2017\/08\/wp-image-1966730813.jpg?fit=1200%2C900&ssl=1&resize=1050%2C600 3x"},"classes":[]},{"id":181164,"url":"https:\/\/revistagenesis.com\/?p=181164","url_meta":{"origin":181155,"position":2},"title":"GRASETTI: \u00abSCIANI Y LISSALDE NOS OFRECIERON PLATA PARA BAJAR LA LISTA\u00bb","author":"Nicolas Bagliere","date":"25\/10\/2021","format":false,"excerpt":"Este lunes, dialogamos con tres candidatos de la lista de Principios y Valores que se alejaron del espacio despu\u00e9s de las PASO. Dami\u00e1n Grasetti, Yolanda L\u00f3pez y Lorena Martinez dieron sus motivos. Apuntaron al mal manejo del primer candidato, Cristi\u00e1n Castellani y a los ofrecimientos de otros espacios de cara\u2026","rel":"","context":"En \u00abInter\u00e9s General\u00bb","block_context":{"text":"Inter\u00e9s General","link":"https:\/\/revistagenesis.com\/?cat=1"},"img":{"alt_text":"","src":"https:\/\/i0.wp.com\/revistagenesis.com\/wp-content\/uploads\/2021\/10\/20211025_182340_mfnr-scaled.jpg?fit=1200%2C900&ssl=1&resize=350%2C200","width":350,"height":200,"srcset":"https:\/\/i0.wp.com\/revistagenesis.com\/wp-content\/uploads\/2021\/10\/20211025_182340_mfnr-scaled.jpg?fit=1200%2C900&ssl=1&resize=350%2C200 1x, https:\/\/i0.wp.com\/revistagenesis.com\/wp-content\/uploads\/2021\/10\/20211025_182340_mfnr-scaled.jpg?fit=1200%2C900&ssl=1&resize=525%2C300 1.5x, https:\/\/i0.wp.com\/revistagenesis.com\/wp-content\/uploads\/2021\/10\/20211025_182340_mfnr-scaled.jpg?fit=1200%2C900&ssl=1&resize=700%2C400 2x, https:\/\/i0.wp.com\/revistagenesis.com\/wp-content\/uploads\/2021\/10\/20211025_182340_mfnr-scaled.jpg?fit=1200%2C900&ssl=1&resize=1050%2C600 3x"},"classes":[]},{"id":1878,"url":"https:\/\/revistagenesis.com\/?p=1878","url_meta":{"origin":181155,"position":3},"title":"Sciaini presenta su lista","author":"Nicolas Bagliere","date":"16\/07\/2015","format":false,"excerpt":"El precandidato a intendente del massismo Maximiliano Sciaini,\u00a0aspira a conducir los destinos de la ciudad. Para eso propone\u00a0\"Cambiar miedo por seguridad\", es uno de los diez puntos que impulsa el candidato a presidente de la Naci\u00f3n por el Frente Renovador, Sergio Massa, y que fue acordado recientemente por los principales\u2026","rel":"","context":"En \u00abInter\u00e9s General\u00bb","block_context":{"text":"Inter\u00e9s General","link":"https:\/\/revistagenesis.com\/?cat=1"},"img":{"alt_text":"LISSALDE - 2x1.22","src":"https:\/\/i0.wp.com\/www.revistagenesis.com\/wp-content\/uploads\/2015\/07\/MAXI-2x1-300x181.jpg?resize=350%2C200","width":350,"height":200},"classes":[]},{"id":11218,"url":"https:\/\/revistagenesis.com\/?p=11218","url_meta":{"origin":181155,"position":4},"title":"Sergio Massa en la presentaci\u00f3n de la lista de 1Pa\u00eds en Roque P\u00e9rez","author":"Nicolas Bagliere","date":"24\/07\/2017","format":false,"excerpt":"Este domingo, se present\u00f3 la lista de pre- candidatos de 1 Pais, espacio liderado en Roque P\u00e9rez por Maximiliano Sciaini y que tiene a Horacio Tossi como primer candidato consejero escolar. El diputado nacional y l\u00edder de 1Pais, Sergio Massa visit\u00f3 la ciudad para acompa\u00f1ar el lanzamiento de la lista\u2026","rel":"","context":"En \u00abInter\u00e9s General\u00bb","block_context":{"text":"Inter\u00e9s General","link":"https:\/\/revistagenesis.com\/?cat=1"},"img":{"alt_text":"","src":"https:\/\/i0.wp.com\/revistagenesis.com\/wp-content\/uploads\/2017\/07\/DSC_7180.jpg?fit=1200%2C800&ssl=1&resize=350%2C200","width":350,"height":200,"srcset":"https:\/\/i0.wp.com\/revistagenesis.com\/wp-content\/uploads\/2017\/07\/DSC_7180.jpg?fit=1200%2C800&ssl=1&resize=350%2C200 1x, https:\/\/i0.wp.com\/revistagenesis.com\/wp-content\/uploads\/2017\/07\/DSC_7180.jpg?fit=1200%2C800&ssl=1&resize=525%2C300 1.5x, https:\/\/i0.wp.com\/revistagenesis.com\/wp-content\/uploads\/2017\/07\/DSC_7180.jpg?fit=1200%2C800&ssl=1&resize=700%2C400 2x, https:\/\/i0.wp.com\/revistagenesis.com\/wp-content\/uploads\/2017\/07\/DSC_7180.jpg?fit=1200%2C800&ssl=1&resize=1050%2C600 3x"},"classes":[]},{"id":11415,"url":"https:\/\/revistagenesis.com\/?p=11415","url_meta":{"origin":181155,"position":5},"title":"\u00abHay gente que tiene que estar actuando con el tema adicciones\u00bb","author":"Nicolas Bagliere","date":"01\/08\/2017","format":false,"excerpt":"La diputada provincial de la s\u00e9ptima secci\u00f3n de Cambiemos, Alejandra Lorden, visit\u00f3 el comite radical de calle Tarigo, donde entrego un subsidio al club Social y Deportivo Alumni. Ademas, dialogo con los medios de prensa juntos los pre candidatos de la lista. Sergio Martini, \u00a0pre- candidato en primer lugar de\u2026","rel":"","context":"En \u00abInter\u00e9s General\u00bb","block_context":{"text":"Inter\u00e9s General","link":"https:\/\/revistagenesis.com\/?cat=1"},"img":{"alt_text":"","src":"https:\/\/i0.wp.com\/revistagenesis.com\/wp-content\/uploads\/2017\/08\/20170801_150803.jpg?fit=1200%2C900&ssl=1&resize=350%2C200","width":350,"height":200,"srcset":"https:\/\/i0.wp.com\/revistagenesis.com\/wp-content\/uploads\/2017\/08\/20170801_150803.jpg?fit=1200%2C900&ssl=1&resize=350%2C200 1x, https:\/\/i0.wp.com\/revistagenesis.com\/wp-content\/uploads\/2017\/08\/20170801_150803.jpg?fit=1200%2C900&ssl=1&resize=525%2C300 1.5x, https:\/\/i0.wp.com\/revistagenesis.com\/wp-content\/uploads\/2017\/08\/20170801_150803.jpg?fit=1200%2C900&ssl=1&resize=700%2C400 2x, https:\/\/i0.wp.com\/revistagenesis.com\/wp-content\/uploads\/2017\/08\/20170801_150803.jpg?fit=1200%2C900&ssl=1&resize=1050%2C600 3x"},"classes":[]}],"jetpack_sharing_enabled":true,"_links":{"self":[{"href":"https:\/\/revistagenesis.com\/index.php?rest_route=\/wp\/v2\/posts\/181155","targetHints":{"allow":["GET"]}}],"collection":[{"href":"https:\/\/revistagenesis.com\/index.php?rest_route=\/wp\/v2\/posts"}],"about":[{"href":"https:\/\/revistagenesis.com\/index.php?rest_route=\/wp\/v2\/types\/post"}],"author":[{"embeddable":true,"href":"https:\/\/revistagenesis.com\/index.php?rest_route=\/wp\/v2\/users\/2"}],"replies":[{"embeddable":true,"href":"https:\/\/revistagenesis.com\/index.php?rest_route=%2Fwp%2Fv2%2Fcomments&post=181155"}],"version-history":[{"count":2,"href":"https:\/\/revistagenesis.com\/index.php?rest_route=\/wp\/v2\/posts\/181155\/revisions"}],"predecessor-version":[{"id":181160,"href":"https:\/\/revistagenesis.com\/index.php?rest_route=\/wp\/v2\/posts\/181155\/revisions\/181160"}],"wp:featuredmedia":[{"embeddable":true,"href":"https:\/\/revistagenesis.com\/index.php?rest_route=\/wp\/v2\/media\/181159"}],"wp:attachment":[{"href":"https:\/\/revistagenesis.com\/index.php?rest_route=%2Fwp%2Fv2%2Fmedia&parent=181155"}],"wp:term":[{"taxonomy":"category","embeddable":true,"href":"https:\/\/revistagenesis.com\/index.php?rest_route=%2Fwp%2Fv2%2Fcategories&post=181155"},{"taxonomy":"post_tag","embeddable":true,"href":"https:\/\/revistagenesis.com\/index.php?rest_route=%2Fwp%2Fv2%2Ftags&post=181155"}],"curies":[{"name":"wp","href":"https:\/\/api.w.org\/{rel}","templated":true}]}}